{"id":125665,"date":"2025-12-31T16:52:08","date_gmt":"2025-12-31T16:52:08","guid":{"rendered":"https:\/\/www.europesays.com\/no\/125665\/"},"modified":"2025-12-31T16:52:08","modified_gmt":"2025-12-31T16:52:08","slug":"kultur-radio-radio102-topp40-de-mest-spilte-latene-i-2025","status":"publish","type":"post","link":"https:\/\/www.europesays.com\/no\/125665\/","title":{"rendered":"Kultur, Radio | Radio102 Topp40 \u2013 De mest spilte l\u00e5tene i 2025"},"content":{"rendered":"\n<p><b>MUSIKK:<\/b> Den 22-\u00e5rige countryartisten er ogs\u00e5 p\u00e5 8. plass med \u00abFy faen du e deili\u00bb og p\u00e5 18. plass med \u00abIngen her e deg\u00bb, den siste sammen med Synne Vo.<\/p>\n<ul>\n<li><b>Se hele listen nederst i saken<\/b><\/li>\n<\/ul>\n<p>Det er til sammen 20 l\u00e5ter med norske artister p\u00e5 \u00e5rets Topp40, og hele 17 av disse er med lokale tilknytning til Haugalandet eller Sunnhordland.<\/p>\n<p>   <img decoding=\"async\" width=\"2048\" height=\"1366\" fetchpriority=\"low\"  loading=\"lazy\"  src=\"https:\/\/www.europesays.com\/no\/wp-content\/uploads\/2025\/12\/IMG_2863.jpg\" alt=\"\" class=\"brick-c-cFOWSL\" style=\"--brick-image-ratio: 2048 \/ 1366;\"\/><\/p>\n<p>      UTSOLGT: Stinn brakke p\u00e5 Byscenen under Spire-konserten med Tobias Sten i september.<br \/>\n      Foto: Kristoffer Koltsto\n    <\/p>\n<p>I likhet med Tobias Sten har ogs\u00e5 Ford Rekord tre l\u00e5ter inne p\u00e5 Topp40. Den best plasserte er \u00abAstronauten\u00bb p\u00e5 7. plass, like foran Stens nest mest spilte.<\/p>\n<p>   <img decoding=\"async\" width=\"3200\" height=\"1739\" fetchpriority=\"low\"  loading=\"lazy\"  src=\"https:\/\/www.europesays.com\/no\/wp-content\/uploads\/2025\/12\/drive_in_p__flotmyr_7.jpg\" alt=\"\" class=\"brick-c-cFOWSL\" style=\"--brick-image-ratio: 3200 \/ 1739;\"\/><\/p>\n<p>      FORD REKORD: Bandet var inne med tre sanger p\u00e5 listen.<br \/>\n      Foto: Alfred Aase (arkiv)\n    <\/p>\n<p>Skaar fra Stord (nr 11) og Elena fra Sveio (nr 14) er de neste lokale p\u00e5 lista. Den mest spilte l\u00e5ten p\u00e5 Radio102 i 2025 er med Alex Warren fra California. L\u00e5ten \u00abOrdinary\u00bb l\u00e5 inne p\u00e5 Radio102 sine A og B-lister for ny musikk i hele 32 av \u00e5rets uker. Den er ogs\u00e5 den mest str\u00f8mmede l\u00e5ten i Norge i \u00e5r.<\/p>\n<p>   <img decoding=\"async\" width=\"5188\" height=\"3459\" fetchpriority=\"low\"  loading=\"lazy\"  src=\"https:\/\/www.europesays.com\/no\/wp-content\/uploads\/2025\/12\/5_62_1625068+NTB_XDoSSPCQnGg_1.jpg\" alt=\"\" class=\"brick-c-cFOWSL\" style=\"--brick-image-ratio: 5188 \/ 3459;\"\/><\/p>\n<p>      SKAAR: Artisten fra Stord er p\u00e5 11. plass med \u00abMissing Out\u00bb.<br \/>\n      Foto: Heiko Junge\n    <\/p>\n<p>Ogs\u00e5 i Storbritannia har den 25-\u00e5rige artisten og YouTuberen den st\u00f8rste hiten i 2025. 2. plassen p\u00e5 Radio102s liste g\u00e5r til engelske Lola Young og \u00abMessy\u00bb som ogs\u00e5 tar 2. plassen i hjemlandet.<\/p>\n<p>En annen engelsk artist, Olivia Dean, har f\u00e5tt sitt store gjennombrudd i \u00e5r. Hun har tre l\u00e5ter inne p\u00e5 v\u00e5r Topp40-liste.<\/p>\n<p>   <img decoding=\"async\" width=\"3500\" height=\"2512\" fetchpriority=\"low\"  loading=\"lazy\"  src=\"https:\/\/www.europesays.com\/no\/wp-content\/uploads\/2025\/12\/cueres_scp-mangler_navn_16IBgAZxPuM.jpg\" alt=\"Alex Warren attends Z100's iHeartRadio Jingle Ball at Madison Square Garden on Friday, Dec. 12, 2025, in New York. (Photo by Evan Agostini\/Invision\/AP)\" class=\"brick-c-cFOWSL\" style=\"--brick-image-ratio: 3500 \/ 2512;\"\/><\/p>\n<p>      MEST SPILT: Alex Warrens \u00abOrdinary\u00bb er \u00e5rets mest spilte l\u00e5t p\u00e5 Radio102.<br \/>\n      Foto: Evan Agostini\/AP\n    <\/p>\n<p>I en av de, \u00abRein me in\u00bb, synger hun sammen med Sam Fender. Fender fra Newcastle er ogs\u00e5 nr. 5 med tittelsporet fra albumet \u00abPeople watching\u00bb.<\/p>\n<p>Synne Vo medvirker p\u00e5 to l\u00e5ter p\u00e5 \u00e5rets Topp40. I tillegg til Tobias Sten synger hun \u00abAlle vil til himmelen\u00bb sammen med Emma Steinbakken.<\/p>\n<p><b>Den Timbuktu-coveren endte helt oppe p\u00e5 4. plass. Lady Gaga og Bruno Mars var nr 13 i 2024 og tar 12. plassen i \u00e5r. Hadde de 34 ukene p\u00e5 v\u00e5re spillelister v\u00e6rt i et kalender\u00e5r, ville \u00abDie with a smile\u00bb v\u00e6rt p\u00e5 topp. <\/b><\/p>\n<p>Det er l\u00e5ten p\u00e5 \u00e5rslista i det amerikanske bransjebladet Billboards Hot 100.<\/p>\n<p>Bruno Mars medvirker ogs\u00e5 i l\u00e5ten \u00abAPT.\u00bb med Ros\u00e8. Ogs\u00e5 Sombr fra New York og lokale O. Martin og Rossman har to l\u00e5ter hver inne p\u00e5 Radio102 Topp40 for 2025. Kolonnene viser plassering, artist, l\u00e5t, og antall spillinger.<\/p>\n","protected":false},"excerpt":{"rendered":"MUSIKK: Den 22-\u00e5rige countryartisten er ogs\u00e5 p\u00e5 8. plass med \u00abFy faen du e deili\u00bb og p\u00e5 18.&hellip;\n","protected":false},"author":2,"featured_media":125666,"comment_status":"","ping_status":"","sticky":false,"template":"","format":"standard","meta":{"footnotes":""},"categories":[58],"tags":[36,71,410,221,30,28,29,4214,14794,1510,72],"class_list":{"0":"post-125665","1":"post","2":"type-post","3":"status-publish","4":"format-standard","5":"has-post-thumbnail","7":"category-underholdning","8":"tag-art","9":"tag-entertainment","10":"tag-kultur","11":"tag-musikk","12":"tag-no","13":"tag-norge","14":"tag-norway","15":"tag-radio","16":"tag-radio102","17":"tag-story","18":"tag-underholdning"},"share_on_mastodon":{"url":"https:\/\/pubeurope.com\/@no\/115815222018453363","error":""},"_links":{"self":[{"href":"https:\/\/www.europesays.com\/no\/wp-json\/wp\/v2\/posts\/125665","targetHints":{"allow":["GET"]}}],"collection":[{"href":"https:\/\/www.europesays.com\/no\/wp-json\/wp\/v2\/posts"}],"about":[{"href":"https:\/\/www.europesays.com\/no\/wp-json\/wp\/v2\/types\/post"}],"author":[{"embeddable":true,"href":"https:\/\/www.europesays.com\/no\/wp-json\/wp\/v2\/users\/2"}],"replies":[{"embeddable":true,"href":"https:\/\/www.europesays.com\/no\/wp-json\/wp\/v2\/comments?post=125665"}],"version-history":[{"count":0,"href":"https:\/\/www.europesays.com\/no\/wp-json\/wp\/v2\/posts\/125665\/revisions"}],"wp:featuredmedia":[{"embeddable":true,"href":"https:\/\/www.europesays.com\/no\/wp-json\/wp\/v2\/media\/125666"}],"wp:attachment":[{"href":"https:\/\/www.europesays.com\/no\/wp-json\/wp\/v2\/media?parent=125665"}],"wp:term":[{"taxonomy":"category","embeddable":true,"href":"https:\/\/www.europesays.com\/no\/wp-json\/wp\/v2\/categories?post=125665"},{"taxonomy":"post_tag","embeddable":true,"href":"https:\/\/www.europesays.com\/no\/wp-json\/wp\/v2\/tags?post=125665"}],"curies":[{"name":"wp","href":"https:\/\/api.w.org\/{rel}","templated":true}]}}