{"id":125667,"date":"2025-12-31T16:56:09","date_gmt":"2025-12-31T16:56:09","guid":{"rendered":"https:\/\/www.europesays.com\/no\/125667\/"},"modified":"2025-12-31T16:56:09","modified_gmt":"2025-12-31T16:56:09","slug":"magnus-tuv-myhre-med-norsk-rekord-pa-5-kilometer-gatelop-pa-nyttarsaften","status":"publish","type":"post","link":"https:\/\/www.europesays.com\/no\/125667\/","title":{"rendered":"Magnus Tuv Myhre med norsk rekord p\u00e5 5 kilometer gatel\u00f8p p\u00e5 nytt\u00e5rsaften"},"content":{"rendered":"\n<p class=\"_lead_o9xde_2 _lead_xtcu6_50 layout-component text-serif-m layout-normal text-serif-l layout-component layout-wide layout-padded _wide_17hqh_1 layout-padded\">Tjalve-l\u00f8peren forbedret rekorden p\u00e5 fem kilometer gatel\u00f8p i Barcelona.<\/p>\n<p><img alt=\"Magnus Tuv Myhre etter m\u00e5lgang.  Foto: Privat.\" class=\"_image_qp4xg_65 layout-component layout-wide\" data-fullscreen- data-track-element-type=\"Article image fullscreen\" data-track-name=\"ImageFullscreen\" fetchpriority=\"high\" decoding=\"sync\" loading=\"eager\" height=\"4116\" itemprop=\"image\"  src=\"https:\/\/www.europesays.com\/no\/wp-content\/uploads\/2025\/12\/86e304b6-8d19-41ef-b037-fe6c97d4df02.png\"  style=\"object-position:0% 0%\" width=\"4279\"\/>Magnus Tuv Myhre etter m\u00e5lgang.  Foto: Privat.<\/p>\n<ul aria-hidden=\"true\" class=\"_images_ntbth_112\">\n<li><a class=\"_link_ntbth_117\" href=\"https:\/\/www.vg.no\/forfatter\/sindre-espe\" style=\"z-index:1\" title=\"Sindre Espe\" rel=\"nofollow noopener\" target=\"_blank\"><img alt=\"Bilde av Sindre Espe\" class=\"_image_ntbth_93\" fetchpriority=\"low\" loading=\"lazy\" decoding=\"async\" itemprop=\"image\"  src=\"https:\/\/www.europesays.com\/no\/wp-content\/uploads\/2025\/12\/5d41d29b-af5f-421d-80e6-42e6d80fe76e.png\"  width=\"480\"\/><\/a><\/li>\n<\/ul>\n<p> Oppdatert onsdag 31. desember kl. 17:53     <\/p>\n<p class=\"_paragraph_o9xde_4 _paragraph_xtcu6_10 layout-component text-serif-m layout-normal text-serif-m layout-padded\">Magnus Tuv Myhre fra Tjalve avsluttet 2025-sesongen med bravur da han satte norsk rekord p\u00e5 5 kilometer gatel\u00f8p p\u00e5 nytt\u00e5rsaften. <\/p>\n<p class=\"_paragraph_o9xde_4 _paragraph_xtcu6_10 layout-component text-serif-m layout-normal text-serif-m layout-padded\">\u2013 Det var m\u00e5let. Det var absolutt en norgesrekord som var mulig \u00e5 ta, sier Tuv Myhre p\u00e5 telefon til VG mens han sitter i dopingkontroll. <\/p>\n<p class=\"_paragraph_o9xde_4 _paragraph_xtcu6_10 layout-component text-serif-m layout-normal text-serif-m layout-padded\"><strong class=\"_strong_o9xde_25\">23-\u00e5ringen klokket inn p\u00e5 13:13 under stevnet Cursa del Nassos i Barcelona, og smadret dermed Abdullahi Dahir Rabis gamle rekord p\u00e5 13:24. <\/strong><\/p>\n<p class=\"_paragraph_o9xde_4 _paragraph_xtcu6_10 layout-component text-serif-m layout-normal text-serif-m layout-padded\">\u2013 Jeg skj\u00f8nte hele tiden at det kom til \u00e5 g\u00e5, og i hvert fall etter to kilometer, forteller han. <\/p>\n<p class=\"_paragraph_o9xde_4 _paragraph_xtcu6_10 layout-component text-serif-m layout-normal text-serif-m layout-padded\">Tuv Myhre ble nummer to i l\u00f8pet, som ble vunnet av portugisiske Jose Carlos Pinto p\u00e5 tiden 13:10. Pinto trenes av Gjert Ingebrigtsen. <\/p>\n<p><img alt=\"Foto: Hallgeir V\u00e5genes \/ VG\" class=\"_image_qp4xg_65 layout-component layout-normal\" data-fullscreen- data-track-element-type=\"Article image fullscreen\" data-track-name=\"ImageFullscreen\" decoding=\"async\" loading=\"lazy\" height=\"4000\" itemprop=\"image\"  src=\"https:\/\/www.europesays.com\/no\/wp-content\/uploads\/2025\/12\/d9700622-e5f3-488e-ad54-e9c9b3b6d460.png\"  style=\"object-position:0% 0%\" width=\"6000\"\/>Foto: Hallgeir V\u00e5genes \/ VG<\/p>\n<p class=\"_paragraph_o9xde_4 _paragraph_xtcu6_10 layout-component text-serif-m layout-normal text-serif-m layout-padded\">\u2013 Jeg h\u00f8rte at spanjolen som kom p\u00e5 tredjeplass skulle pr\u00f8ve \u00e5 ta den spanske rekorden, som er p\u00e5 13.08, s\u00e5 det var bare \u00e5 henge seg p\u00e5 der. <\/p>\n<p class=\"_paragraph_o9xde_4 _paragraph_xtcu6_10 layout-component text-serif-m layout-normal text-serif-m layout-padded\">Tuv Myhre passete spanjolen da det var \u00e9n kilometer igjen. <\/p>\n<p class=\"_paragraph_o9xde_4 _paragraph_xtcu6_10 layout-component text-serif-m layout-normal text-serif-m layout-padded\">\u2013 Jeg l\u00e5 veldig godt an etter to kilometer. Det var litt motvind midt i l\u00f8pet der, s\u00e5 vi var litt uheldig og tapte litt tid mellom tre og fire kilometer, sier han.<\/p>\n<p class=\"_paragraph_o9xde_4 _paragraph_xtcu6_10 layout-component text-serif-m layout-normal text-serif-m layout-padded\">Per Svela ble nummer syv med tiden 13:37, skriver <a href=\"https:\/\/www.friidrett.no\/nyheter\/2025\/desember-2025\/\" class=\"_link_o9xde_39\" rel=\"nofollow noopener\" target=\"_blank\">Norges Friidrettsforbund<\/a>. <\/p>\n<p class=\"_paragraph_o9xde_4 _paragraph_xtcu6_10 layout-component text-serif-m layout-normal text-serif-m layout-padded\">I starten av januar venter nye rekordfors\u00f8k i Spania. I Valencia skal det arrangeres 10 kilometer gatel\u00f8p 11. januar. <\/p>\n<p class=\"_paragraph_o9xde_4 _paragraph_xtcu6_10 layout-component text-serif-m layout-normal text-serif-m layout-padded\">\u2013 Jeg skal pr\u00f8ve p\u00e5 norgesrekord der ogs\u00e5, sier Tuv Myhre. <\/p>\n","protected":false},"excerpt":{"rendered":"Tjalve-l\u00f8peren forbedret rekorden p\u00e5 fem kilometer gatel\u00f8p i Barcelona. Magnus Tuv Myhre etter m\u00e5lgang. Foto: Privat. Oppdatert onsdag&hellip;\n","protected":false},"author":2,"featured_media":125668,"comment_status":"","ping_status":"","sticky":false,"template":"","format":"standard","meta":{"footnotes":""},"categories":[10],"tags":[20,21,24,25,423,15,22,23,13,30,28,29,14,16,26,27],"class_list":{"0":"post-125667","1":"post","2":"type-post","3":"status-publish","4":"format-standard","5":"has-post-thumbnail","7":"category-norge","8":"tag-breaking-news","9":"tag-breakingnews","10":"tag-featured-news","11":"tag-featurednews","12":"tag-friidrett","13":"tag-headlines","14":"tag-latest-news","15":"tag-latestnews","16":"tag-news","17":"tag-no","18":"tag-norge","19":"tag-norway","20":"tag-nyheter","21":"tag-overskrifter","22":"tag-top-stories","23":"tag-topstories"},"share_on_mastodon":{"url":"https:\/\/pubeurope.com\/@no\/115815237750848997","error":""},"_links":{"self":[{"href":"https:\/\/www.europesays.com\/no\/wp-json\/wp\/v2\/posts\/125667","targetHints":{"allow":["GET"]}}],"collection":[{"href":"https:\/\/www.europesays.com\/no\/wp-json\/wp\/v2\/posts"}],"about":[{"href":"https:\/\/www.europesays.com\/no\/wp-json\/wp\/v2\/types\/post"}],"author":[{"embeddable":true,"href":"https:\/\/www.europesays.com\/no\/wp-json\/wp\/v2\/users\/2"}],"replies":[{"embeddable":true,"href":"https:\/\/www.europesays.com\/no\/wp-json\/wp\/v2\/comments?post=125667"}],"version-history":[{"count":0,"href":"https:\/\/www.europesays.com\/no\/wp-json\/wp\/v2\/posts\/125667\/revisions"}],"wp:featuredmedia":[{"embeddable":true,"href":"https:\/\/www.europesays.com\/no\/wp-json\/wp\/v2\/media\/125668"}],"wp:attachment":[{"href":"https:\/\/www.europesays.com\/no\/wp-json\/wp\/v2\/media?parent=125667"}],"wp:term":[{"taxonomy":"category","embeddable":true,"href":"https:\/\/www.europesays.com\/no\/wp-json\/wp\/v2\/categories?post=125667"},{"taxonomy":"post_tag","embeddable":true,"href":"https:\/\/www.europesays.com\/no\/wp-json\/wp\/v2\/tags?post=125667"}],"curies":[{"name":"wp","href":"https:\/\/api.w.org\/{rel}","templated":true}]}}