{"id":125676,"date":"2025-12-31T17:10:09","date_gmt":"2025-12-31T17:10:09","guid":{"rendered":"https:\/\/www.europesays.com\/no\/125676\/"},"modified":"2025-12-31T17:10:09","modified_gmt":"2025-12-31T17:10:09","slug":"dyrevelferd-fyrverkeri-ser-pa-hver-nyttarsaften-med-gru-unodvendig-belastning-haugesunds-avis","status":"publish","type":"post","link":"https:\/\/www.europesays.com\/no\/125676\/","title":{"rendered":"Dyrevelferd, Fyrverkeri | Ser p\u00e5 hver nytt\u00e5rsaften med gru: \u2013 Un\u00f8dvendig belastning &#8211; Haugesunds Avis"},"content":{"rendered":"<ol>\n<li><a href=\"https:\/\/news.google.com\/rss\/articles\/CBMilgFBVV95cUxNQzBrcXRqbWJNUDNRRENjNWI4MXczUk5kYXc5V09FLXN6eFUwVG45YjBZdW4zaTBjN3pUWlVXdlA5NzlVS19KS0NWR0x0MjFlbmZsMm1fOVFSTmt0V1h2bHZ5ZWRZcVhrNGlBTEtkeHNIUFRWSmI1bXUzNXpjdlRvWmJ5VjR6Ul9YQVAwTHhHcVlEcW1UZ3c?oc=5\" target=\"_blank\" rel=\"nofollow noopener\">Dyrevelferd, Fyrverkeri | Ser p\u00e5 hver nytt\u00e5rsaften med gru: \u2013 Un\u00f8dvendig belastning<\/a>&nbsp;&nbsp;Haugesunds Avis<\/li>\n<li><a href=\"https:\/\/news.google.com\/rss\/articles\/CBMiogFBVV95cUxNTG1NSlRLOXRoX3BtRXBCQmxLcTVmOGRBUlViSHF6aU51bFh4UEpLUlZIZFBPcXRJM2NSV1E5UlFOMEt0dU9mZEdReGVWX2FIUlZZMUFhMzlicmFFdzUya0QyVUNyWkRoOF9zSEVhM0F5Sl8tdmpXek1FMGFQLU5yVkh3OGJaenYtX3hIYklNcUFWcTk4a1JYWkM3WW0wbEE0cWc?oc=5\" target=\"_blank\" rel=\"nofollow noopener\">Fleire kommunar vurderer forbod mot fyrverkeri for \u00e5 verne dyr<\/a>&nbsp;&nbsp;NRK<\/li>\n<li><a href=\"https:\/\/news.google.com\/rss\/articles\/CBMimAFBVV95cUxPalR6Z2NYdVVHWUkwUl9QX0FmWUpqWWE4ZHdDTGFkbGY4U1VqMHRmOExrSjRHRXBNT2dfWDQ2c1d2RHNxclBlNXlWazdRMTlwT21ROTluQXlwNnBCYXU5Nlg2ZE9jZE9XdWJZX1dOWTFiS185N1VRUVZvMFUta1FGNHVqMzk2MmNUcjkwRXZ1Wm9xYzc3OWJtYw?oc=5\" target=\"_blank\" rel=\"nofollow noopener\">Den ene dagen i \u00e5ret vi tillater skader, d\u00f8dsulykker og dyreplageri<\/a>&nbsp;&nbsp;Nettavisen<\/li>\n<li><a href=\"https:\/\/news.google.com\/rss\/articles\/CBMigAFBVV95cUxQV3hueU1nNktHbFNFcFFMTF9HcnBCTVVKN1FBR1VJaXVzTFlvclJ2ZDJrNmRDcnJ2VFhDZVFVQURENjB1ei1YV3hqOVBNcEhOTDNqMUJSNEVfZDBQejd5LURzY1plOTExYlQzVVRTMkQteHRKUy1USi1XdktmWEdZSw?oc=5\" target=\"_blank\" rel=\"nofollow noopener\">F\u00e5r meldinger om barn og fyrverkeri<\/a>&nbsp;&nbsp;rbnett.no<\/li>\n<li><a href=\"https:\/\/news.google.com\/rss\/articles\/CBMihwFBVV95cUxNb0JISkZoR1l6cDVuV0hzYWh2NnRJSXMxd2RRZ3BRc094OFp3UXZpR0V6NU1ZMzg4T1FLWW5KdFpuR185djR5RE02c2ZaX25xcVNiYVBhY2lmSGs4UWZiR0tSeDRReVRLTzFmdVlQNHF2MzRkVmlTdG12VTctYWJzOXE5TUNSTUU?oc=5\" target=\"_blank\" rel=\"nofollow noopener\">\u2013 Vi oppfordrer til \u00e5 la v\u00e6re \u00e5 skyte opp fyrverkeri<\/a>&nbsp;&nbsp;Gudbrandsd\u00f8len Dagningen<\/li>\n<\/ol>\n","protected":false},"excerpt":{"rendered":"Dyrevelferd, Fyrverkeri | Ser p\u00e5 hver nytt\u00e5rsaften med gru: \u2013 Un\u00f8dvendig belastning&nbsp;&nbsp;Haugesunds Avis Fleire kommunar vurderer forbod mot&hellip;\n","protected":false},"author":2,"featured_media":125677,"comment_status":"","ping_status":"","sticky":false,"template":"","format":"standard","meta":{"footnotes":""},"categories":[10],"tags":[20,21,24,25,15,22,23,13,30,28,29,14,16,26,27],"class_list":{"0":"post-125676","1":"post","2":"type-post","3":"status-publish","4":"format-standard","5":"has-post-thumbnail","7":"category-norge","8":"tag-breaking-news","9":"tag-breakingnews","10":"tag-featured-news","11":"tag-featurednews","12":"tag-headlines","13":"tag-latest-news","14":"tag-latestnews","15":"tag-news","16":"tag-no","17":"tag-norge","18":"tag-norway","19":"tag-nyheter","20":"tag-overskrifter","21":"tag-top-stories","22":"tag-topstories"},"share_on_mastodon":{"url":"https:\/\/pubeurope.com\/@no\/115815292824886594","error":""},"_links":{"self":[{"href":"https:\/\/www.europesays.com\/no\/wp-json\/wp\/v2\/posts\/125676","targetHints":{"allow":["GET"]}}],"collection":[{"href":"https:\/\/www.europesays.com\/no\/wp-json\/wp\/v2\/posts"}],"about":[{"href":"https:\/\/www.europesays.com\/no\/wp-json\/wp\/v2\/types\/post"}],"author":[{"embeddable":true,"href":"https:\/\/www.europesays.com\/no\/wp-json\/wp\/v2\/users\/2"}],"replies":[{"embeddable":true,"href":"https:\/\/www.europesays.com\/no\/wp-json\/wp\/v2\/comments?post=125676"}],"version-history":[{"count":0,"href":"https:\/\/www.europesays.com\/no\/wp-json\/wp\/v2\/posts\/125676\/revisions"}],"wp:featuredmedia":[{"embeddable":true,"href":"https:\/\/www.europesays.com\/no\/wp-json\/wp\/v2\/media\/125677"}],"wp:attachment":[{"href":"https:\/\/www.europesays.com\/no\/wp-json\/wp\/v2\/media?parent=125676"}],"wp:term":[{"taxonomy":"category","embeddable":true,"href":"https:\/\/www.europesays.com\/no\/wp-json\/wp\/v2\/categories?post=125676"},{"taxonomy":"post_tag","embeddable":true,"href":"https:\/\/www.europesays.com\/no\/wp-json\/wp\/v2\/tags?post=125676"}],"curies":[{"name":"wp","href":"https:\/\/api.w.org\/{rel}","templated":true}]}}