{"id":125688,"date":"2025-12-31T17:17:33","date_gmt":"2025-12-31T17:17:33","guid":{"rendered":"https:\/\/www.europesays.com\/no\/125688\/"},"modified":"2025-12-31T17:17:33","modified_gmt":"2025-12-31T17:17:33","slug":"asle-tojes-dommedagsprofeti-har-ingen-stotte-i-forskningen-pa-samfunnskollaps-skriver-tore-wig","status":"publish","type":"post","link":"https:\/\/www.europesays.com\/no\/125688\/","title":{"rendered":"Asle Tojes dommedagsprofeti har ingen st\u00f8tte i forskningen p\u00e5 samfunnskollaps, skriver Tore Wig."},"content":{"rendered":"<p class=\"kicker \" style=\"\">Tore Wig:<\/p>\n<p>    Den venstreradikale postmodernismen var lenge Vestens mest uvitenskapelige, forskningsignorante og antianalytiske sosialfilosofi, men n\u00e5 har den f\u00e5tt en utfordrer: Den nasjonalkonservative postmodernismen, anf\u00f8rt av den empiril\u00f8se dommedagsprofeten.<\/p>\n<p>\n        Svarer Asle Toje: Det er grunnleggende menneskelig \u00e5 bekymre seg for at ens barndomskultur er i endring, men \u00e5 omtale slike endringer som \u00absivilisasjonskollaps\u00bb er ikke seri\u00f8s samfunnsanalyse, skriver Tore Wig. Her: Toje i Nobelinstituttets lokaler, februar 2021.<br \/>\n        Heiko Junge \/ NTB\n    <\/p>\n<p>                Bestill abonnement her<\/p>\n<p>\n                    <a class=\"lab-paywall-teaser-offer-button\" href=\"https:\/\/kampanje.morgenbladet.no\/selvbestilling-2\" rel=\"nofollow noopener\" target=\"_blank\">KJ\u00d8P<\/a>\n                <\/p>\n","protected":false},"excerpt":{"rendered":"Tore Wig: Den venstreradikale postmodernismen var lenge Vestens mest uvitenskapelige, forskningsignorante og antianalytiske sosialfilosofi, men n\u00e5 har den&hellip;\n","protected":false},"author":2,"featured_media":125689,"comment_status":"","ping_status":"","sticky":false,"template":"","format":"standard","meta":{"footnotes":""},"categories":[10],"tags":[20,21,24,25,15,22,23,13,30,28,29,14,16,26,27],"class_list":{"0":"post-125688","1":"post","2":"type-post","3":"status-publish","4":"format-standard","5":"has-post-thumbnail","7":"category-norge","8":"tag-breaking-news","9":"tag-breakingnews","10":"tag-featured-news","11":"tag-featurednews","12":"tag-headlines","13":"tag-latest-news","14":"tag-latestnews","15":"tag-news","16":"tag-no","17":"tag-norge","18":"tag-norway","19":"tag-nyheter","20":"tag-overskrifter","21":"tag-top-stories","22":"tag-topstories"},"share_on_mastodon":{"url":"https:\/\/pubeurope.com\/@no\/115815320332491845","error":""},"_links":{"self":[{"href":"https:\/\/www.europesays.com\/no\/wp-json\/wp\/v2\/posts\/125688","targetHints":{"allow":["GET"]}}],"collection":[{"href":"https:\/\/www.europesays.com\/no\/wp-json\/wp\/v2\/posts"}],"about":[{"href":"https:\/\/www.europesays.com\/no\/wp-json\/wp\/v2\/types\/post"}],"author":[{"embeddable":true,"href":"https:\/\/www.europesays.com\/no\/wp-json\/wp\/v2\/users\/2"}],"replies":[{"embeddable":true,"href":"https:\/\/www.europesays.com\/no\/wp-json\/wp\/v2\/comments?post=125688"}],"version-history":[{"count":0,"href":"https:\/\/www.europesays.com\/no\/wp-json\/wp\/v2\/posts\/125688\/revisions"}],"wp:featuredmedia":[{"embeddable":true,"href":"https:\/\/www.europesays.com\/no\/wp-json\/wp\/v2\/media\/125689"}],"wp:attachment":[{"href":"https:\/\/www.europesays.com\/no\/wp-json\/wp\/v2\/media?parent=125688"}],"wp:term":[{"taxonomy":"category","embeddable":true,"href":"https:\/\/www.europesays.com\/no\/wp-json\/wp\/v2\/categories?post=125688"},{"taxonomy":"post_tag","embeddable":true,"href":"https:\/\/www.europesays.com\/no\/wp-json\/wp\/v2\/tags?post=125688"}],"curies":[{"name":"wp","href":"https:\/\/api.w.org\/{rel}","templated":true}]}}