{"id":125690,"date":"2025-12-31T17:18:08","date_gmt":"2025-12-31T17:18:08","guid":{"rendered":"https:\/\/www.europesays.com\/no\/125690\/"},"modified":"2025-12-31T17:18:08","modified_gmt":"2025-12-31T17:18:08","slug":"tinn-gaustatoppen-turfolge-matte-reddes-ned-fra-gaustatoppen","status":"publish","type":"post","link":"https:\/\/www.europesays.com\/no\/125690\/","title":{"rendered":"Tinn, Gaustatoppen | Turf\u00f8lge m\u00e5tte reddes ned fra Gaustatoppen"},"content":{"rendered":"\n<p><b>Siste:<\/b> Klokken 16.54 melder politiet at alle er nede og politiet avslutter p\u00e5 stedet.<\/p>\n<p>Melding via AMK om et utenlandsk turf\u00f8lge p\u00e5 6 personer som er ved turisthytta p\u00e5 Gaustatoppen. Turf\u00f8lget kommer seg ikke ned grunnet t\u00e5ke. Det er noe vind og -10 grader. Det blir iverksatt tiltak for \u00e5 f\u00e5 turf\u00f8lge trygt ned.<\/p>\n<p> Politiet er i kontakt med ansvarlig for Gaustabanen og vil f\u00e5 denne i drift for \u00e5 f\u00e5 turf\u00f8lget ned. Grunnet t\u00e5ke er det trolig ikke aktuelt med bistand av sar-queen. Helse og politiet er p\u00e5 vei til stedet.<\/p>\n<p>Halvor Haukaas sier til <a href=\"https:\/\/www.rablad.no\/tett-take-turfolget-sitter-fast\/s\/5-90-527099\" rel=\"Follow nofollow noopener\" target=\"_blank\">RA<\/a> at de er i ferd med \u00e5 \u00e5pne Gaustabanen for dem som ikke kommer seg ned igjen.<\/p>\n<p>\u2013 Vi har blitt spurt om vi kan stille Gaustabanen til disposisjon. Og det har vi sagt ja til. Men ut over det, m\u00e5 politiet svare p\u00e5 hva som skjer videre, sier han.<\/p>\n","protected":false},"excerpt":{"rendered":"Siste: Klokken 16.54 melder politiet at alle er nede og politiet avslutter p\u00e5 stedet. Melding via AMK om&hellip;\n","protected":false},"author":2,"featured_media":1273,"comment_status":"","ping_status":"","sticky":false,"template":"","format":"standard","meta":{"footnotes":""},"categories":[5],"tags":[36,20,21,24,25,14798,15,19,22,23,17,18,13,30,28,29,1478,14,16,1510,3374,26,27],"class_list":{"0":"post-125690","1":"post","2":"type-post","3":"status-publish","4":"format-standard","5":"has-post-thumbnail","7":"category-overskrifter","8":"tag-art","9":"tag-breaking-news","10":"tag-breakingnews","11":"tag-featured-news","12":"tag-featurednews","13":"tag-gaustatoppen","14":"tag-headlines","15":"tag-hovedoppslag","16":"tag-latest-news","17":"tag-latestnews","18":"tag-main-news","19":"tag-mainnews","20":"tag-news","21":"tag-no","22":"tag-norge","23":"tag-norway","24":"tag-nodetater","25":"tag-nyheter","26":"tag-overskrifter","27":"tag-story","28":"tag-tinn","29":"tag-top-stories","30":"tag-topstories"},"share_on_mastodon":{"url":"https:\/\/pubeurope.com\/@no\/115815324220255846","error":""},"_links":{"self":[{"href":"https:\/\/www.europesays.com\/no\/wp-json\/wp\/v2\/posts\/125690","targetHints":{"allow":["GET"]}}],"collection":[{"href":"https:\/\/www.europesays.com\/no\/wp-json\/wp\/v2\/posts"}],"about":[{"href":"https:\/\/www.europesays.com\/no\/wp-json\/wp\/v2\/types\/post"}],"author":[{"embeddable":true,"href":"https:\/\/www.europesays.com\/no\/wp-json\/wp\/v2\/users\/2"}],"replies":[{"embeddable":true,"href":"https:\/\/www.europesays.com\/no\/wp-json\/wp\/v2\/comments?post=125690"}],"version-history":[{"count":0,"href":"https:\/\/www.europesays.com\/no\/wp-json\/wp\/v2\/posts\/125690\/revisions"}],"wp:featuredmedia":[{"embeddable":true,"href":"https:\/\/www.europesays.com\/no\/wp-json\/wp\/v2\/media\/1273"}],"wp:attachment":[{"href":"https:\/\/www.europesays.com\/no\/wp-json\/wp\/v2\/media?parent=125690"}],"wp:term":[{"taxonomy":"category","embeddable":true,"href":"https:\/\/www.europesays.com\/no\/wp-json\/wp\/v2\/categories?post=125690"},{"taxonomy":"post_tag","embeddable":true,"href":"https:\/\/www.europesays.com\/no\/wp-json\/wp\/v2\/tags?post=125690"}],"curies":[{"name":"wp","href":"https:\/\/api.w.org\/{rel}","templated":true}]}}