{"id":125701,"date":"2025-12-31T17:38:37","date_gmt":"2025-12-31T17:38:37","guid":{"rendered":"https:\/\/www.europesays.com\/no\/125701\/"},"modified":"2025-12-31T17:38:37","modified_gmt":"2025-12-31T17:38:37","slug":"eu-gir-penger-til-ukraina-uten-godkjenning-av-medlemslandenes-parlamenter","status":"publish","type":"post","link":"https:\/\/www.europesays.com\/no\/125701\/","title":{"rendered":"EU gir penger til Ukraina\u00a0uten godkjenning av medlemslandenes parlamenter"},"content":{"rendered":"<p>            <img loading=\"lazy\" decoding=\"async\" width=\"696\" height=\"393\" class=\"entry-thumb\" src=\"https:\/\/www.europesays.com\/no\/wp-content\/uploads\/2025\/12\/ursula-og-zelensky.jpg\"   alt=\"\" title=\"European,Commission,President,Ursula,Von,Der,Leyen,And,Ukrainian,President\"\/>Presidenten for Europakommisjonen Ursula von der Leyen og Ukrainas president Volodymyr Zelenskij omfavner hverandre etter en felles pressekonferanse i Kiev, Ukraina, 20. september 2024.<\/p>\n<p>19. desember vedtok EU toppm\u00f8te \u00e5 l\u00e5ne 90 milliarder euro til Ukraina. Det forventes at l\u00e5net vil bli betjent med krigserstatning betalt av Russland.\u00a0<\/p>\n<p><img data-recalc-dims=\"1\" fetchpriority=\"high\" decoding=\"async\" width=\"220\" height=\"377\" src=\"https:\/\/www.europesays.com\/no\/wp-content\/uploads\/2025\/12\/Daniel-Ducroq-e1703908663673.jpg\" alt=\"\" class=\"wp-image-51786\"\/>Daniel Ducrocq.<\/p>\n<p>\u00abIngen tror seri\u00f8st at dette vil skje. I realitet er l\u00e5net en gave, med en andel p\u00e5 20% som Frankrike vil m\u00e5tte dekke\u00bb,\u00a0skriver\u00a0<a href=\"https:\/\/www.msn.com\/fr-fr\/actualite\/other\/dans-une-france-lourdement-endett%C3%A9e-l-emprunt-europ%C3%A9en-est-une-dangereuse-fuite-en-avant\/ar-AA1TdlSL?ocid=hpmsn&amp;cvid=69538d829498460cb7cdf13cd402bb91&amp;ei=55\" rel=\"nofollow noopener\" target=\"_blank\">Le Figaro\u00a0<\/a>29.12.25.<\/p>\n<p>Dette kommer ubeleilig for Frankrikes \u00f8konomi. Landets statsgjeld er p\u00e5 117,4% av BNP, en av de h\u00f8yeste i EU. Finansmarkedene kan miste tillit i fransk \u00f8konomi og fremtidige l\u00e5nebetingelser kan bli d\u00e5rligere, skriver avisen.\u00a0\u00a0<\/p>\n<p>Det varsles allikevel om et rekordl\u00e5n p\u00e5 310 milliarder euro i 2026, skriver <a href=\"https:\/\/www.bfmtv.com\/economie\/economie-social\/finances-publiques\/ce-sera-un-nouveau-record-la-france-va-bien-emprunter-310-milliards-d-euros-en-2026-mais-la-somme-pourrait-evoluer-si-un-budget-est-vote_AD-202512300368.html\" rel=\"nofollow noopener\" target=\"_blank\">BFM Business<\/a> 30.12.25. Behov for et st\u00f8rre l\u00e5n kan bli aktuelt n\u00e5r budsjettet er vedtatt.\u00a0Det er nemlig fortsatt ikke politisk enighet om landets statsbudsjettet for 2026.<\/p>\n<p><img loading=\"lazy\" data-recalc-dims=\"1\" decoding=\"async\" width=\"696\" height=\"512\" src=\"https:\/\/www.europesays.com\/no\/wp-content\/uploads\/2025\/12\/image-39.png\" alt=\"\" class=\"wp-image-156648\"  \/>Denne grafen viser b\u00e5de den raske utviklinga av Frankrikes gjeld i forhold til BNP og hvordan gjeldskrisa i 2008 og covid-gjelden fra 2020 har sl\u00e5tt ut.<\/p>\n<p>Franske myndigheter argumenterer jevnlig for\u00a0at EU skal ta opp felles l\u00e5n. Som\u00a0Le Figaro\u00a0p\u00e5peker, er dette en farlig illusjon.<\/p>\n<blockquote class=\"wp-block-quote is-layout-flow wp-block-quote-is-layout-flow\">\n<p>\u00abDet er ikke fordi en felles EU-gjeld vil v\u00e6re mindre synlig i nasjonalt regnskap at den forsvinner. Den vil bli betalt av skattebetalerne, f\u00f8rst og fremst de franske\u00bb.<\/p>\n<\/blockquote>\n<p>Det henvises her til det store felles EU-l\u00e5net tatt opp i 2020 i forbindelse med subsidiering av Covidtiltak. Frankrike fikk 9% av subsidiene, men m\u00e5 tilbakebetale 18% av det l\u00e5nte bel\u00f8pet. Betalingstid er p\u00e5 30 \u00e5r fra 2028.\u00a0<\/p>\n<p>Vedtaket gjort p\u00e5 EU-toppm\u00f8te 19.12.25 er egentlig i strid med EU-traktater. Traktatene krever nemlig at de nasjonale budsjettene skal v\u00e6re i balanse og basert p\u00e5 egne ressurser. Det felles EU-l\u00e5net tatt i 2020 m\u00e5tte derfor ratifiseres av medlemslandenes respektive parlamenter. Men det felles EU l\u00e5net til Ukraina ble vedtatt p\u00e5 EU-toppm\u00f8tet uten at det ble nevnt noe om medlemslandenes ratifiseringer.<\/p>\n<p>Ursula von der Leyen \u00f8nsker st\u00f8rre makt i finanspolitikken.\u00a0<\/p>\n<p>\u00abDe siste m\u00e5nedene har kommisjonen nevnt muligheten til \u00e5 ta opp et felles l\u00e5n p\u00e5 400 milliarder euro, uten innblanding av medlemmenes parlamenter\u00bb,\u00a0skriver\u00a0Le Figaro.\u00a0Slik forskyves den \u00f8konomiske byrden til neste generasjonen uten at de nasjonale beslutningsorganer blir involvert, konkluderer avisen.<\/p>\n<p>Men hvor lenge skal europeiske skattebetalere finner seg i det?<\/p>\n<p>Daniel Ducrocq\u00a0<\/p>\n","protected":false},"excerpt":{"rendered":"Presidenten for Europakommisjonen Ursula von der Leyen og Ukrainas president Volodymyr Zelenskij omfavner hverandre etter en felles pressekonferanse&hellip;\n","protected":false},"author":2,"featured_media":125702,"comment_status":"","ping_status":"","sticky":false,"template":"","format":"standard","meta":{"footnotes":""},"categories":[12],"tags":[20,21,24,25,15,22,23,13,30,28,29,14,16,26,27,42,43,44,45],"class_list":{"0":"post-125701","1":"post","2":"type-post","3":"status-publish","4":"format-standard","5":"has-post-thumbnail","7":"category-verden","8":"tag-breaking-news","9":"tag-breakingnews","10":"tag-featured-news","11":"tag-featurednews","12":"tag-headlines","13":"tag-latest-news","14":"tag-latestnews","15":"tag-news","16":"tag-no","17":"tag-norge","18":"tag-norway","19":"tag-nyheter","20":"tag-overskrifter","21":"tag-top-stories","22":"tag-topstories","23":"tag-verden","24":"tag-world","25":"tag-world-news","26":"tag-worldnews"},"share_on_mastodon":{"url":"https:\/\/pubeurope.com\/@no\/115815402926293899","error":""},"_links":{"self":[{"href":"https:\/\/www.europesays.com\/no\/wp-json\/wp\/v2\/posts\/125701","targetHints":{"allow":["GET"]}}],"collection":[{"href":"https:\/\/www.europesays.com\/no\/wp-json\/wp\/v2\/posts"}],"about":[{"href":"https:\/\/www.europesays.com\/no\/wp-json\/wp\/v2\/types\/post"}],"author":[{"embeddable":true,"href":"https:\/\/www.europesays.com\/no\/wp-json\/wp\/v2\/users\/2"}],"replies":[{"embeddable":true,"href":"https:\/\/www.europesays.com\/no\/wp-json\/wp\/v2\/comments?post=125701"}],"version-history":[{"count":0,"href":"https:\/\/www.europesays.com\/no\/wp-json\/wp\/v2\/posts\/125701\/revisions"}],"wp:featuredmedia":[{"embeddable":true,"href":"https:\/\/www.europesays.com\/no\/wp-json\/wp\/v2\/media\/125702"}],"wp:attachment":[{"href":"https:\/\/www.europesays.com\/no\/wp-json\/wp\/v2\/media?parent=125701"}],"wp:term":[{"taxonomy":"category","embeddable":true,"href":"https:\/\/www.europesays.com\/no\/wp-json\/wp\/v2\/categories?post=125701"},{"taxonomy":"post_tag","embeddable":true,"href":"https:\/\/www.europesays.com\/no\/wp-json\/wp\/v2\/tags?post=125701"}],"curies":[{"name":"wp","href":"https:\/\/api.w.org\/{rel}","templated":true}]}}