{"id":125703,"date":"2025-12-31T18:02:17","date_gmt":"2025-12-31T18:02:17","guid":{"rendered":"https:\/\/www.europesays.com\/no\/125703\/"},"modified":"2025-12-31T18:02:17","modified_gmt":"2025-12-31T18:02:17","slug":"tour-de-ski-kristine-stavas-skistad-2","status":"publish","type":"post","link":"https:\/\/www.europesays.com\/no\/125703\/","title":{"rendered":"Tour de Ski, Kristine Stav\u00e5s Skistad"},"content":{"rendered":"\n<p>   <img decoding=\"async\" width=\"1500\" height=\"440\" fetchpriority=\"low\"  loading=\"lazy\"  src=\"https:\/\/www.europesays.com\/no\/wp-content\/uploads\/2025\/12\/1767204136_726_tour+de+ski+byline+simen+l%C3%B8nning+sjur+tveito.jpg\" alt=\"\" class=\"brick-c-cFOWSL\" style=\"--brick-image-ratio: 1500 \/ 440;\"\/><\/p>\n<p>TOBLACH (Nettavisen): Det ble ingen norsk jubeldag p\u00e5 kvinnenes tredje etappe i Tour de ski.<\/p>\n<p>P\u00e5 den nye \u00f8velsen 5 kilometer fellesstart med heat ble Astrid \u00d8yre Slind Norges beste med en 12. plass.<\/p>\n<p>For Kristine Stav\u00e5s Skistad ble heller ikke skirennet p\u00e5 nytt\u00e5rsaften en god opplevelse.<\/p>\n<p>Hun hang bra med i feltet i sitt heat, men ganske tidlig i l\u00f8pet gikk hun i bakken. Fallet gjorde at hun var sjansel\u00f8s p\u00e5 \u00e5 henge med teten.<\/p>\n<p>\u2013 Jeg tror det var noen som tr\u00e5kket meg p\u00e5 skiene. Det er s\u00e5nt som skjer, sier en skuffet Skistad til Nettavisen.<\/p>\n<p>\u2013 Det er jo det kjipeste som skjer. Det blir langt til m\u00e5l etter det, sier hun videre.<\/p>\n<p><b>Les ogs\u00e5: <a href=\"https:\/\/www.nettavisen.no\/sport\/fis-grep-inn-mot-russland-trener\/s\/5-95-2803004\" rel=\"Follow nofollow noopener\" target=\"_blank\">FIS grep inn mot Russland-trener<\/a><\/b><\/p>\n<p>\u2013 H\u00e5pl\u00f8st<\/p>\n<p>Hun endte til slutt p\u00e5 77. plass av 81 startede l\u00f8pere. Til tross for at Skistad falt ga hun ikke opp, og det var tydelig at 5-kilometeren kostet mye selv om hun ikke kjempet i toppen.<\/p>\n<p>Hun ble nemlig liggende lenge i m\u00e5lomr\u00e5det etter at hun krysset m\u00e5lstreken. Hun kom seg etter hvert p\u00e5 beina, og forlot m\u00e5lomr\u00e5det for \u00e5 skifte og hente seg inn igjen.<\/p>\n<p>   <img decoding=\"async\" width=\"6000\" height=\"4000\" fetchpriority=\"low\"  loading=\"lazy\"  src=\"https:\/\/www.europesays.com\/no\/wp-content\/uploads\/2025\/12\/SkistadToblach.jpg\" alt=\"251231 Kristine Stav\u00e5s Skistad of Norway after the women's 5km free technique mass start during day 4 of Tour de Ski on December 31, 2025 in Toblach. &#10;Photo: Maxim Thore \/ BILDBYR\u00c5N \/ kod MT \/ MT0936\" class=\"brick-c-cFOWSL\" style=\"--brick-image-ratio: 6000 \/ 4000;\"\/><\/p>\n<p>      SKUFFET: Kristine Stav\u00e5s Skistad var skuffet etter tredje etappe av Tour de ski.<br \/>\n      Foto: Maxim Thore (Bildbyr\u00e5n)\n    <\/p>\n<p>Etter l\u00f8pet er hun klar p\u00e5 at det ble nesten umulig \u00e5 kjempe seg opp igjen til de andre etter fallet.<\/p>\n<p>\u2013 Det blir h\u00e5pl\u00f8st, sier Skistad.<\/p>\n<p>Fallet var ekstra bittert siden hun hadde litt forh\u00e5pninger til den nye \u00f8velsen som ble g\u00e5tt onsdag.<\/p>\n<p>\u2013 Jeg hadde lyst til \u00e5 teste meg og se hvor lenge jeg klarte \u00e5 holde. Frem til jeg falt hadde jeg ikke brukt noen krefter, s\u00e5 det er kjedelig. Jeg tror jeg kunne holdt en stund til, forteller Konnerud-jenta.<\/p>\n<p><b>Les ogs\u00e5: <a href=\"https:\/\/www.nettavisen.no\/sport\/ukraina-med-sjokkansettelse\/s\/5-95-2737509\" rel=\"Follow nofollow noopener\" target=\"_blank\">Ukraina med sjokkansettelse<\/a><\/b><\/p>\n<p>Tunge opplevelser<\/p>\n<p>Hun fikk ogs\u00e5 en tung opplevelse p\u00e5 mandagens 10 kilometer, men sier at kroppen f\u00f8ltes bedre i dag.<\/p>\n<p>\u2013 I dag tror jeg at jeg hadde g\u00e5tt bra om jeg ikke hadde trynet, men n\u00e5 endte det jo d\u00e5rlig. Det er kjipt, sier hun.<\/p>\n<p>1. nytt\u00e5rsdag venter 20 kilometer jaktstart for Skistad og de andre l\u00f8perne i Tour de ski. Hun har ikke s\u00e6rlig store forh\u00e5pninger til den etappen.<\/p>\n<p>\u2013 Det blir en god trenings\u00f8kt, sier hun om det som venter torsdag.<\/p>\n<p>Herrene er f\u00f8rst ut med \u00e5 g\u00e5 20 km jaktstart i klassisk stil 1. nytt\u00e5rsdag. De starter klokken 10.30, mens kvinnene starter klokken 12.30.<\/p>\n<p><b>Topp 10 kvinner i Tour de ski etter 3. etapper:<\/b><\/p>\n<p>1. Jessie Diggins<br \/>2. Astrid \u00d8yre Slind +50<br \/>3. Moa Ilar +1:00<br \/>4. Maja Dahlqvist +1:11<br \/>5. Teresa Stadlober +1:14<br \/>6. Emma Ribom +1:21<br \/>7. Coletta Rydzek +1:35<br \/>8. Kerttu Niskanen +1:37<br \/>9. Jasmi Joensuu +1:38<br \/>10. Johanna Matintalo +1:42<\/p>\n","protected":false},"excerpt":{"rendered":"TOBLACH (Nettavisen): Det ble ingen norsk jubeldag p\u00e5 kvinnenes tredje etappe i Tour de ski. P\u00e5 den nye&hellip;\n","protected":false},"author":2,"featured_media":125704,"comment_status":"","ping_status":"","sticky":false,"template":"","format":"standard","meta":{"footnotes":""},"categories":[10],"tags":[20,21,24,25,15,22,23,13,30,28,29,14,16,26,27],"class_list":{"0":"post-125703","1":"post","2":"type-post","3":"status-publish","4":"format-standard","5":"has-post-thumbnail","7":"category-norge","8":"tag-breaking-news","9":"tag-breakingnews","10":"tag-featured-news","11":"tag-featurednews","12":"tag-headlines","13":"tag-latest-news","14":"tag-latestnews","15":"tag-news","16":"tag-no","17":"tag-norge","18":"tag-norway","19":"tag-nyheter","20":"tag-overskrifter","21":"tag-top-stories","22":"tag-topstories"},"share_on_mastodon":{"url":"https:\/\/pubeurope.com\/@no\/115815497367770363","error":""},"_links":{"self":[{"href":"https:\/\/www.europesays.com\/no\/wp-json\/wp\/v2\/posts\/125703","targetHints":{"allow":["GET"]}}],"collection":[{"href":"https:\/\/www.europesays.com\/no\/wp-json\/wp\/v2\/posts"}],"about":[{"href":"https:\/\/www.europesays.com\/no\/wp-json\/wp\/v2\/types\/post"}],"author":[{"embeddable":true,"href":"https:\/\/www.europesays.com\/no\/wp-json\/wp\/v2\/users\/2"}],"replies":[{"embeddable":true,"href":"https:\/\/www.europesays.com\/no\/wp-json\/wp\/v2\/comments?post=125703"}],"version-history":[{"count":0,"href":"https:\/\/www.europesays.com\/no\/wp-json\/wp\/v2\/posts\/125703\/revisions"}],"wp:featuredmedia":[{"embeddable":true,"href":"https:\/\/www.europesays.com\/no\/wp-json\/wp\/v2\/media\/125704"}],"wp:attachment":[{"href":"https:\/\/www.europesays.com\/no\/wp-json\/wp\/v2\/media?parent=125703"}],"wp:term":[{"taxonomy":"category","embeddable":true,"href":"https:\/\/www.europesays.com\/no\/wp-json\/wp\/v2\/categories?post=125703"},{"taxonomy":"post_tag","embeddable":true,"href":"https:\/\/www.europesays.com\/no\/wp-json\/wp\/v2\/tags?post=125703"}],"curies":[{"name":"wp","href":"https:\/\/api.w.org\/{rel}","templated":true}]}}