{"id":125705,"date":"2025-12-31T18:03:12","date_gmt":"2025-12-31T18:03:12","guid":{"rendered":"https:\/\/www.europesays.com\/no\/125705\/"},"modified":"2025-12-31T18:03:12","modified_gmt":"2025-12-31T18:03:12","slug":"disket-pa-grunn-av-skosalen","status":"publish","type":"post","link":"https:\/\/www.europesays.com\/no\/125705\/","title":{"rendered":"Disket p\u00e5 grunn av skos\u00e5len"},"content":{"rendered":"<p>Etter 40 minutter i utstyrskontrollen stormet Anna Odine Str\u00f8m gjennom pressesonen i Tyskland.<\/p>\n<p>Da hadde hun hoppet ned til 123 meter i f\u00f8rste omgang i hopprennet p\u00e5 nytt\u00e5rsaften.\u00a0I den andre omgangen hoppet hun en halv meter kortere.\u00a0<\/p>\n<p> P\u00e5 Viaplays sending sa Anders Jacobsen at Odine Str\u00f8m var under etterforskning fordi utstyrskontrollen hadde avdekket at skos\u00e5lene til den norske hopperen ikke hadde lik lengde. <\/p>\n<p>Litt over klokken 18 kom konklusjonen i FIS sine resultatlister.\u00a0<\/p>\n<p>Str\u00f8m ble disket.<\/p>\n<p> Det hele skal handle om at Anna Odine Str\u00f8m har skjeve hofter, noe hun har rettet opp i ved \u00e5 legge til \u00e9n centimeter i den ene skoen, forklarer landslagstrener Christian Meyer til <a href=\"https:\/\/www.nrk.no\/sport\/hoppuka_-anna-odine-strom-diskvalifisert-for-mulig-norsk-regelbrudd_-_-vi-burde-sagt-ifra-1.17710562\" rel=\"nofollow noopener\" target=\"_blank\">NRK<\/a>. <\/p>\n<p data-lab-font_weight=\"\"> \u2013 I kontrollen etter hoppet, hadde hun en ekstra s\u00e5le inne i sokken. If\u00f8lge reglementet er det ikke lov med ekstrautstyr, slik som tilfellet er her. Dette er grunnen til at hun n\u00e5 er diskvalifisert, forklarer renndirekt\u00f8r i FIS, Sandro Pertile, p\u00e5 en presseseanse. <\/p>\n<p data-lab-font_weight=\"\">Trener Meyer forklarte til statskanalen at Str\u00f8m fikk en skade i Engelberg i 2023.<\/p>\n<p data-lab-font_weight=\"\"> \u2013 Den tror vi at hun fikk fordi det er en forskjell p\u00e5 venstre og h\u00f8yre fot. Derfor har vi bygget opp den h\u00f8yre foten, s\u00e5 de er i balanse, sier han. <\/p>\n<p>Det har f\u00f8rt til at skos\u00e5len har overskrides med maksh\u00f8yden med nettopp en centimeter, og gjorde at FIS unders\u00f8kte hendelsen som et regelbrudd. <\/p>\n<p>\u2013 Vi har tatt det for god fisk. Vi tenkte det var greit, siden vi gjorde det av medisinske \u00e5rsaker. Vi har tatt n\u00f8yaktige m\u00e5l av kroppen, s\u00e5 dette er stadfestet. Men vi burde ha sendt inn en s\u00f8knad. Det er for d\u00e5rlig av oss, innr\u00f8mmer Meyer.<\/p>\n<p>    <a class=\"article__link\" data-ga-active-label=\"\" data-ga-active-label-animation=\"\" href=\"https:\/\/www.tv2.no\/direkte\/0nr51\/sportsdognet-live\/69554c010415cf0e61980156\/halvor-egner-granerud-disket-i-garmisch-fem-nordmenn-klare-for-nyttarshopprennet\" rel=\"nofollow noopener\" target=\"_blank\"><\/p>\n<p>    <img class=\"image__img lazyload\" itemprop=\"image\" title=\"\" alt=\"Halvor Egner Granerud var best av de norske i Garmisch.\" width=\"978\" height=\"411\" bad-src=\"https:\/\/www.europesays.com\/no\/wp-content\/uploads\/2025\/12\/18423387.webp.webp\" fetchpriority=\"auto\" \/><\/p>\n<p>\n            Halvor Egner Granerud disket i Garmisch \u2013 fem nordmenn klare for nytt\u00e5rshopprennet\n        <\/p>\n<p>    <\/a><\/p>\n","protected":false},"excerpt":{"rendered":"Etter 40 minutter i utstyrskontrollen stormet Anna Odine Str\u00f8m gjennom pressesonen i Tyskland. Da hadde hun hoppet ned&hellip;\n","protected":false},"author":2,"featured_media":125706,"comment_status":"","ping_status":"","sticky":false,"template":"","format":"standard","meta":{"footnotes":""},"categories":[5],"tags":[20,21,24,25,15,19,22,23,17,18,13,30,28,29,14,16,26,27],"class_list":{"0":"post-125705","1":"post","2":"type-post","3":"status-publish","4":"format-standard","5":"has-post-thumbnail","7":"category-overskrifter","8":"tag-breaking-news","9":"tag-breakingnews","10":"tag-featured-news","11":"tag-featurednews","12":"tag-headlines","13":"tag-hovedoppslag","14":"tag-latest-news","15":"tag-latestnews","16":"tag-main-news","17":"tag-mainnews","18":"tag-news","19":"tag-no","20":"tag-norge","21":"tag-norway","22":"tag-nyheter","23":"tag-overskrifter","24":"tag-top-stories","25":"tag-topstories"},"share_on_mastodon":{"url":"https:\/\/pubeurope.com\/@no\/115815501161506742","error":""},"_links":{"self":[{"href":"https:\/\/www.europesays.com\/no\/wp-json\/wp\/v2\/posts\/125705","targetHints":{"allow":["GET"]}}],"collection":[{"href":"https:\/\/www.europesays.com\/no\/wp-json\/wp\/v2\/posts"}],"about":[{"href":"https:\/\/www.europesays.com\/no\/wp-json\/wp\/v2\/types\/post"}],"author":[{"embeddable":true,"href":"https:\/\/www.europesays.com\/no\/wp-json\/wp\/v2\/users\/2"}],"replies":[{"embeddable":true,"href":"https:\/\/www.europesays.com\/no\/wp-json\/wp\/v2\/comments?post=125705"}],"version-history":[{"count":0,"href":"https:\/\/www.europesays.com\/no\/wp-json\/wp\/v2\/posts\/125705\/revisions"}],"wp:featuredmedia":[{"embeddable":true,"href":"https:\/\/www.europesays.com\/no\/wp-json\/wp\/v2\/media\/125706"}],"wp:attachment":[{"href":"https:\/\/www.europesays.com\/no\/wp-json\/wp\/v2\/media?parent=125705"}],"wp:term":[{"taxonomy":"category","embeddable":true,"href":"https:\/\/www.europesays.com\/no\/wp-json\/wp\/v2\/categories?post=125705"},{"taxonomy":"post_tag","embeddable":true,"href":"https:\/\/www.europesays.com\/no\/wp-json\/wp\/v2\/tags?post=125705"}],"curies":[{"name":"wp","href":"https:\/\/api.w.org\/{rel}","templated":true}]}}