{"id":125707,"date":"2025-12-31T18:09:06","date_gmt":"2025-12-31T18:09:06","guid":{"rendered":"https:\/\/www.europesays.com\/no\/125707\/"},"modified":"2025-12-31T18:09:06","modified_gmt":"2025-12-31T18:09:06","slug":"stortingets-yngste-motes-til-middag","status":"publish","type":"post","link":"https:\/\/www.europesays.com\/no\/125707\/","title":{"rendered":"Stortingets yngste m\u00f8tes til middag"},"content":{"rendered":"\n<p class=\"_paragraph_o9xde_4 _paragraph_xtcu6_10 layout-component text-serif-m layout-normal text-serif-m layout-padded\">Det br\u00e5ker i sk\u00e5ler og tallerkener n\u00e5r Fr\u00f8ya Sjurs\u00e6ther (MDG) gj\u00f8r de siste forberedelsene.<\/p>\n<p class=\"_paragraph_o9xde_4 _paragraph_xtcu6_10 layout-component text-serif-m layout-normal text-serif-m layout-padded\">Snart kommer en h\u00e5ndfull erkerivaler p\u00e5 bes\u00f8k denne l\u00f8rdagen i desember.<\/p>\n<p><img alt=\"\" class=\"_image_qp4xg_65 layout-component layout-normal\" data-fullscreen- data-track-element-type=\"Article image fullscreen\" data-track-name=\"ImageFullscreen\" decoding=\"async\" loading=\"lazy\" height=\"4624\" itemprop=\"image\"  src=\"https:\/\/www.europesays.com\/no\/wp-content\/uploads\/2025\/12\/0b245b57-e22d-49bb-a5ef-57cde70dc7a8.jpeg\"  style=\"object-position:0% 0%\" width=\"6936\"\/><\/p>\n<p class=\"_paragraph_o9xde_4 _paragraph_xtcu6_10 layout-component text-serif-m layout-normal text-serif-m layout-padded\">Etter x-antall sp\u00f8rretimer, middag hos Kongen og budsjettbr\u00e5k, skimter Stortingets yngste juleferien i det fjerne.<\/p>\n<p class=\"_paragraph_o9xde_4 _paragraph_xtcu6_10 layout-component text-serif-m layout-normal text-serif-m layout-padded\">Inn d\u00f8ren kommer Frps Martin Jonsterhaug, og Hashim Abdi og Julia Eikeland fra Arbeiderpartiet.<\/p>\n<p class=\"_paragraph_o9xde_4 _paragraph_xtcu6_10 layout-component text-serif-m layout-normal text-serif-m layout-padded\">\u2013 Jeg husker i starten at jeg s\u00e5 ut i stortingssalen, og lette etter hvem jeg kunne assosiere meg med, sier Jonsterhaug.<\/p>\n<p><img alt=\"\" class=\"_image_qp4xg_65 layout-component layout-right\" data-fullscreen- data-track-element-type=\"Article image fullscreen\" data-track-name=\"ImageFullscreen\" decoding=\"async\" loading=\"lazy\" height=\"4506\" itemprop=\"image\"  src=\"https:\/\/www.europesays.com\/no\/wp-content\/uploads\/2025\/12\/39346c75-f118-460c-883b-f398bab74385.png\"  style=\"object-position:0% 0%\" width=\"6759\"\/><img alt=\"\" class=\"_image_qp4xg_65 layout-component layout-left\" data-fullscreen- data-track-element-type=\"Article image fullscreen\" data-track-name=\"ImageFullscreen\" decoding=\"async\" loading=\"lazy\" height=\"3456\" itemprop=\"image\"  src=\"https:\/\/www.europesays.com\/no\/wp-content\/uploads\/2025\/12\/ea56f692-c924-4e1e-998c-58add7a93714.jpeg\"  style=\"object-position:0% 0%\" width=\"5184\"\/><\/p>\n<p class=\"_paragraph_o9xde_4 _paragraph_xtcu6_10 layout-component text-serif-m layout-normal text-serif-m layout-padded\">Han og kveldens vertinne m\u00f8ttes f\u00f8rst i lokalpolitikken.<\/p>\n<p class=\"_paragraph_o9xde_4 _paragraph_xtcu6_10 layout-component text-serif-m layout-normal text-serif-m layout-padded\">\u2013 Jeg traff Fr\u00f8ya for flere \u00e5r siden. Du var vel 12 og jeg var 18.<\/p>\n<p class=\"_paragraph_o9xde_4 _paragraph_xtcu6_10 layout-component text-serif-m layout-normal text-serif-m layout-padded\">Jonsterhaug sender et vennlig stikk til Sjurs\u00e6ther:<\/p>\n<p class=\"_paragraph_o9xde_4 _paragraph_xtcu6_10 layout-component text-serif-m layout-normal text-serif-m layout-padded\">\u2013 S\u00e5 er du fortsatt 12 og jeg er n\u00e5 25.<\/p>\n<p><img alt=\"Foto: Privat\" class=\"_image_qp4xg_65 layout-component layout-normal\" data-fullscreen- data-track-element-type=\"Article image fullscreen\" data-track-name=\"ImageFullscreen\" decoding=\"async\" loading=\"lazy\" height=\"1031\" itemprop=\"image\"  src=\"https:\/\/www.europesays.com\/no\/wp-content\/uploads\/2025\/12\/dc115847-5f4c-4da7-8bfa-6a604ef1e561.png\"  style=\"object-position:0% 0%\" width=\"864\"\/>Foto: Privat Imposter-syndrom<\/p>\n<p class=\"_paragraph_o9xde_4 _paragraph_xtcu6_10 layout-component text-serif-m layout-normal text-serif-m layout-padded\">Allerede som 20-\u00e5ring ble Jonsterhaug valgt inn i bystyret i Bergen, og rykket i 2023 opp som Frps gruppeleder.<\/p>\n<p class=\"_paragraph_o9xde_4 _paragraph_xtcu6_10 layout-component text-serif-m layout-normal text-serif-m layout-padded\">To \u00e5r senere inntok han Frps rekker p\u00e5 Stortinget.<\/p>\n<p class=\"_paragraph_o9xde_4 _paragraph_xtcu6_10 layout-component text-serif-m layout-normal text-serif-m layout-padded\">\u2013 Jeg tror alle som er nye p\u00e5 Stortinget, uavhengig av alder, kjenner litt p\u00e5 dette imposter-syndromet, sier Sjurs\u00e6ther. <\/p>\n<p class=\"_paragraph_o9xde_4 _paragraph_xtcu6_10 layout-component text-serif-m layout-normal text-serif-m layout-padded\">\u2013 At man f\u00f8ler at man ikke helt vet hva man driver med i forhold til de som har mye mer erfaring. <\/p>\n<p><img alt=\"\" class=\"_image_qp4xg_65 layout-component layout-normal\" data-fullscreen- data-track-element-type=\"Article image fullscreen\" data-track-name=\"ImageFullscreen\" decoding=\"async\" loading=\"lazy\" height=\"4886\" itemprop=\"image\"  src=\"https:\/\/www.europesays.com\/no\/wp-content\/uploads\/2025\/12\/ea27e9c5-ae60-4b0a-a05d-9d32c408b8a6.jpeg\"  style=\"object-position:0% 0%\" width=\"7329\"\/><\/p>\n<p class=\"_paragraph_o9xde_4 _paragraph_xtcu6_10 layout-component text-serif-m layout-normal text-serif-m layout-padded\">Det har v\u00e6rt bredt dekket at 19-\u00e5ringen er norgeshistoriens yngste stortingsrepresentant.<\/p>\n<p class=\"_paragraph_o9xde_4 _paragraph_xtcu6_10 layout-component text-serif-m layout-normal text-serif-m layout-padded\">36 \u00e5r fartstid skiller henne fra Stortingets mest erfarne Erna Solberg (H).<\/p>\n<p class=\"_paragraph_o9xde_4 _paragraph_xtcu6_10 layout-component text-serif-m layout-normal text-serif-m layout-padded\">\u2013 Jeg blir jo m\u00f8tt i kommentarfelt sikkert hver eneste uke om at jeg ikke er kvalifisert til \u00e5 sitte p\u00e5 Stortinget.<\/p>\n<p class=\"_paragraph_o9xde_4 _paragraph_xtcu6_10 layout-component text-serif-m layout-normal text-serif-m layout-padded\">Selv om Sjurs\u00e6ther lar tastaturkrigerne prelle av, innr\u00f8mmer hun \u00e5 ha jobbet med seg selv for \u00e5 holde selvtvilen p\u00e5 avstand. <\/p>\n<p><img alt=\"\" class=\"_image_qp4xg_65 layout-component layout-left\" data-fullscreen- data-track-element-type=\"Article image fullscreen\" data-track-name=\"ImageFullscreen\" decoding=\"async\" loading=\"lazy\" height=\"4886\" itemprop=\"image\"  src=\"https:\/\/www.europesays.com\/no\/wp-content\/uploads\/2025\/12\/8466b4b2-5294-46d8-868e-b3d98287e890.jpeg\"  style=\"object-position:0% 0%\" width=\"7329\"\/><img alt=\"\" class=\"_image_qp4xg_65 layout-component layout-right\" data-fullscreen- data-track-element-type=\"Article image fullscreen\" data-track-name=\"ImageFullscreen\" decoding=\"async\" loading=\"lazy\" height=\"3191\" itemprop=\"image\"  src=\"https:\/\/www.europesays.com\/no\/wp-content\/uploads\/2025\/12\/3ce67e82-1629-4cfb-96f6-442556e6a537.jpeg\"  style=\"object-position:0% 0%\" width=\"4786\"\/><\/p>\n<p class=\"_paragraph_o9xde_4 _paragraph_xtcu6_10 layout-component text-serif-m layout-normal text-serif-m layout-padded\">\u2013 Jeg kjenner p\u00e5 det i blant, selvf\u00f8lgelig. Enkelte dager kan det f\u00f8les ganske overveldende. Men s\u00e5 skal man p\u00e5 jobb igjen neste dag, s\u00e5 da rekker man ikke \u00e5 furte s\u00e5 lenge. Jeg f\u00f8ler at jeg skylder velgerne mine \u00e5 ikke bruke tid og energi p\u00e5 \u00e5 lure p\u00e5 om jeg er god nok eller flink nok, sier Sjurs\u00e6ther.<\/p>\n<p> En evig balanse<\/p>\n<p class=\"_paragraph_o9xde_4 _paragraph_xtcu6_10 layout-component text-serif-m layout-normal text-serif-m layout-padded\">Politikerne rundt middagsbordet representerer en generasjon som har vokst opp med algoritmer og \u00f8kende skjermbruk.<\/p>\n<p><img alt=\"\" class=\"_image_qp4xg_65 layout-component layout-normal\" data-fullscreen- data-track-element-type=\"Article image fullscreen\" data-track-name=\"ImageFullscreen\" decoding=\"async\" loading=\"lazy\" height=\"4775\" itemprop=\"image\"  src=\"https:\/\/www.europesays.com\/no\/wp-content\/uploads\/2025\/12\/737604e5-2430-498c-9cf3-8ffeac12270e.jpeg\"  style=\"object-position:0% 0%\" width=\"7163\"\/><\/p>\n<p class=\"_paragraph_o9xde_4 _paragraph_xtcu6_10 layout-component text-serif-m layout-normal text-serif-m layout-padded\">Kampen om den digitale oppmerksomheten kjennes langt inn i Stortingets ganger.<\/p>\n<p class=\"_paragraph_o9xde_4 _paragraph_xtcu6_10 layout-component text-serif-m layout-normal text-serif-m layout-padded\">\u2013 Partiene er nok i st\u00f8rre grad enn f\u00f8r avhengig av politikere som gj\u00f8r et arbeid p\u00e5 sosiale medier, og p\u00e5tar seg typiske \u00abinfluenser\u00bb-oppgaver, rett og slett for \u00e5 gi partiet ditt mer oppmerksomhet, sier Sjurs\u00e6ther som nylig mottok en pris p\u00e5 KK-gallaen.<\/p>\n<p class=\"_paragraph_o9xde_4 _paragraph_xtcu6_10 layout-component text-serif-m layout-normal text-serif-m layout-padded\"><strong class=\"_strong_o9xde_25\">\u2013 Det er litt rart at man nesten f\u00f8rst m\u00e5 bli kjendis, og s\u00e5 politiker, sier Hashim Abdi.<\/strong><\/p>\n<p class=\"_paragraph_o9xde_4 _paragraph_xtcu6_10 layout-component text-serif-m layout-normal text-serif-m layout-padded\">Hans aller f\u00f8rste oppgave i Arbeiderpartiet p\u00e5 Stortinget er \u00e5 lede arbeidet med \u00e5 utrede en aldersgrense for sosiale medier.<\/p>\n<p class=\"_paragraph_o9xde_4 _paragraph_xtcu6_10 layout-component text-serif-m layout-normal text-serif-m layout-padded\">\u2013 Jeg synes den balansegangen er vanskelig. Det \u00e5 ikke stimulere til at mer diskurs skjer i sosiale medier, men samtidig v\u00e6re til stede der de unge er.<\/p>\n<p><img alt=\"\" class=\"_image_qp4xg_65 layout-component layout-left\" data-fullscreen- data-track-element-type=\"Article image fullscreen\" data-track-name=\"ImageFullscreen\" decoding=\"async\" loading=\"lazy\" height=\"5371\" itemprop=\"image\"  src=\"https:\/\/www.europesays.com\/no\/wp-content\/uploads\/2025\/12\/10ddd8df-3ada-4c7e-853a-258f627bca2d.jpeg\"  style=\"object-position:0% 0%\" width=\"8057\"\/><img alt=\"\" class=\"_image_qp4xg_65 layout-component layout-right\" data-fullscreen- data-track-element-type=\"Article image fullscreen\" data-track-name=\"ImageFullscreen\" decoding=\"async\" loading=\"lazy\" height=\"4783\" itemprop=\"image\"  src=\"https:\/\/www.europesays.com\/no\/wp-content\/uploads\/2025\/12\/5c50cabb-d020-495e-ae2b-7acec440af57.jpeg\"  style=\"object-position:0% 0%\" width=\"7174\"\/><\/p>\n<p class=\"_paragraph_o9xde_4 _paragraph_xtcu6_10 layout-component text-serif-m layout-normal text-serif-m layout-padded\">Jonsterhaug n\u00f8ler i hvor synlig han vil v\u00e6re.<\/p>\n<p class=\"_paragraph_o9xde_4 _paragraph_xtcu6_10 layout-component text-serif-m layout-normal text-serif-m layout-padded\">\u2013 Det er ikke alltid hyggelig \u00e5 bli gjenkjent n\u00e5r man er i uformelle settinger. Men s\u00e5 er det todelt. For n\u00e5r jeg ser Fr\u00f8ya, som er med i alle podkaster, s\u00e5 er det en veldig god m\u00e5te \u00e5 dunke inn budskapet i alle kanaler som folk h\u00f8rer p\u00e5.<\/p>\n<p class=\"_paragraph_o9xde_4 _paragraph_xtcu6_10 layout-component text-serif-m layout-normal text-serif-m layout-padded\">\u2013 Det er en del av gamet, \u00e5 f\u00e5 budskapet ut, svarer Julia Eikeland.<\/p>\n<p class=\"_paragraph_o9xde_4 _paragraph_xtcu6_10 layout-component text-serif-m layout-normal text-serif-m layout-padded\">P\u00e5 sin egen TikTok-profil deler hun bredt om utdanningspolitikk, men slipper ogs\u00e5 f\u00f8lgere inn i livet \u00abp\u00e5 innsiden\u00bb av Stortinget. <\/p>\n<p class=\"_paragraph_o9xde_4 _paragraph_xtcu6_10 layout-component text-serif-m layout-normal text-serif-m layout-padded\">\u2013 Kantinen er real life VGS-vibes, sier hun i en video.<\/p>\n<p class=\"_paragraph_o9xde_4 _paragraph_xtcu6_10 layout-component text-serif-m layout-normal text-serif-m layout-padded\">N\u00e5de den som m\u00e5tte sette seg p\u00e5 feil bord.<\/p>\n<p><img alt=\"\" class=\"_image_qp4xg_65 layout-component layout-normal\" data-fullscreen- data-track-element-type=\"Article image fullscreen\" data-track-name=\"ImageFullscreen\" decoding=\"async\" loading=\"lazy\" height=\"7724\" itemprop=\"image\"  src=\"https:\/\/www.europesays.com\/no\/wp-content\/uploads\/2025\/12\/7e25bd57-05b8-4052-ab09-1c6222643ec3.png\"  style=\"object-position:0% 0%\" width=\"5149\"\/><\/p>\n<p class=\"_paragraph_o9xde_4 _paragraph_xtcu6_10 layout-component text-serif-m layout-normal text-serif-m layout-padded\">\u2013 Jeg er opptatt av at vi som er unge politikere p\u00e5 Stortinget, ikke er ungdomspolitikere, men vi trenger ikke bli helt voksne heller, sier Eikeland.<\/p>\n<p class=\"_paragraph_o9xde_4 _paragraph_xtcu6_10 layout-component text-serif-m layout-normal text-serif-m layout-padded\">\u00c5 holde fast i sitt eget s\u00e6rpreg, ogs\u00e5 n\u00e5r man tar steget inn p\u00e5 Stortinget, er de unge politikerne opptatt av. <\/p>\n<p class=\"_paragraph_o9xde_4 _paragraph_xtcu6_10 layout-component text-serif-m layout-normal text-serif-m layout-padded\">\u2013 Jeg tror det er et svakhetstegn for demokratiet om alle politikere h\u00f8res og ser like ut, svarer Abdi.<\/p>\n<p class=\"_paragraph_o9xde_4 _paragraph_xtcu6_10 layout-component text-serif-m layout-normal text-serif-m layout-padded\">\u2013 S\u00e5 er det viktig \u00e5 understreke at den viktigste delen av jobben er at vi reiser rundt, leser sakspapirer, skriver merknader og gj\u00f8r den jobben vi er satt til \u00e5 gj\u00f8re p\u00e5 Stortinget, sier Eikeland<\/p>\n<p><img alt=\"\" class=\"_image_qp4xg_65 layout-component layout-normal\" data-fullscreen- data-track-element-type=\"Article image fullscreen\" data-track-name=\"ImageFullscreen\" decoding=\"async\" loading=\"lazy\" height=\"5504\" itemprop=\"image\"  src=\"https:\/\/www.europesays.com\/no\/wp-content\/uploads\/2025\/12\/3ea850b0-954e-435b-aa0e-9db0417f42ce.png\"  style=\"object-position:0% 0%\" width=\"8256\"\/><\/p>\n<p class=\"_paragraph_o9xde_4 _paragraph_xtcu6_10 layout-component text-serif-m layout-normal text-serif-m layout-padded\">\u2013 Men kjenner dere noen som egentlig leser merknader? Jeg gj\u00f8r ikke det, konstanterer Abdi til bekreftende latter fra selskapet.<\/p>\n<p> \u2013 Gir meg h\u00e5p<\/p>\n<p class=\"_paragraph_o9xde_4 _paragraph_xtcu6_10 layout-component text-serif-m layout-normal text-serif-m layout-padded\">Flere unders\u00f8kesler viser at stadig flere unge bekymrer seg for at deres generasjon skal f\u00e5 det d\u00e5rligere enn sine foreldre.<\/p>\n<p class=\"_paragraph_o9xde_4 _paragraph_xtcu6_10 layout-component text-serif-m layout-normal text-serif-m layout-padded\">\u2013 Jeg tror det er overdrevent, sier Jonsterhaug og lar seg ikke fyre opp av dystre sp\u00e5dommer om fremtiden.<\/p>\n<p class=\"_paragraph_o9xde_4 _paragraph_xtcu6_10 layout-component text-serif-m layout-normal text-serif-m layout-padded\">\u2013 Alt handler om du klarer \u00e5 omstille skuten eller ikke. Og hvis vi ikke tar ansvaret for \u00e5 omstille den, da vil jo ting g\u00e5 d\u00e5rligere.<\/p>\n<p><img alt=\"\" class=\"_image_qp4xg_65 layout-component layout-left\" data-fullscreen- data-track-element-type=\"Article image fullscreen\" data-track-name=\"ImageFullscreen\" decoding=\"async\" loading=\"lazy\" height=\"4372\" itemprop=\"image\"  src=\"https:\/\/www.europesays.com\/no\/wp-content\/uploads\/2025\/12\/c64d9b54-8f14-48ab-b0fd-0b591d15c256.png\"  style=\"object-position:0% 0%\" width=\"6560\"\/><img alt=\"\" class=\"_image_qp4xg_65 layout-component layout-right\" data-fullscreen- data-track-element-type=\"Article image fullscreen\" data-track-name=\"ImageFullscreen\" decoding=\"async\" loading=\"lazy\" height=\"5504\" itemprop=\"image\"  src=\"https:\/\/www.europesays.com\/no\/wp-content\/uploads\/2025\/12\/d72a6540-a809-4bc0-9f7b-35e3b61fd559.jpeg\"  style=\"object-position:0% 0%\" width=\"8256\"\/><\/p>\n<p class=\"_paragraph_o9xde_4 _paragraph_xtcu6_10 layout-component text-serif-m layout-normal text-serif-m layout-padded\">\u2013 Kan jeg bare si \u00e9n ting? <\/p>\n<p class=\"_paragraph_o9xde_4 _paragraph_xtcu6_10 layout-component text-serif-m layout-normal text-serif-m layout-padded\">Sjurs\u00e6ther bryter inn:<\/p>\n<p class=\"_paragraph_o9xde_4 _paragraph_xtcu6_10 layout-component text-serif-m layout-normal text-serif-m layout-padded\">\u2014 Jeg blir varm i hjertet av tanken p\u00e5 flere av de dyktige ungdomspolitikerne i Norge. Jeg f\u00e5r tillit til fremtiden n\u00e5r jeg ser hvem som kanskje skal styre dette landet en gang. De som sitter rundt dette bordet gir meg h\u00e5p, selv om jeg naturligvis er uenig med de i mange saker.<\/p>\n<p class=\"_paragraph_o9xde_4 _paragraph_xtcu6_10 layout-component text-serif-m layout-normal text-serif-m layout-padded\">Og verdien av \u00e5 ha gode relasjoner p\u00e5 tvers av partiene henger h\u00f8yt hos alle de fremm\u00f8tte i kveld: <\/p>\n<p class=\"_paragraph_o9xde_4 _paragraph_xtcu6_10 layout-component text-serif-m layout-normal text-serif-m layout-padded\">\u2013 Det er mange land der man ser at det er klink umulig, og hvor det er s\u00e5 steile fronter at man s\u00e5 vidt snakker sammen, sier Eikeland og avslutter:<\/p>\n<p class=\"_paragraph_o9xde_4 _paragraph_xtcu6_10 layout-component text-serif-m layout-normal text-serif-m layout-padded\">\u2013 S\u00e5 det er en styrke i det norske demokratiet at vi kan anerkjenne at vi er fine mennesker uavhengige av hvilke politiske meninger vi har.<\/p>\n<p><img alt=\"\" class=\"_image_qp4xg_65 layout-component layout-normal\" data-fullscreen- data-track-element-type=\"Article image fullscreen\" data-track-name=\"ImageFullscreen\" decoding=\"async\" loading=\"lazy\" height=\"5091\" itemprop=\"image\"  src=\"https:\/\/www.europesays.com\/no\/wp-content\/uploads\/2025\/12\/d5d1aabc-080e-4e3b-9b1f-fe42c9fa7e77.jpeg\"  style=\"object-position:0% 0%\" width=\"7636\"\/> Anne Sofie R\u00f8nnfeldt<\/p>\n<p class=\"text-sans-s\">Journalist<\/p>\n<p><img decoding=\"async\" alt=\"Anne Sofie R\u00f8nnfeldt\" class=\"_image_uv074_179\" src=\"https:\/\/www.europesays.com\/no\/wp-content\/uploads\/2025\/12\/4634311d-064a-4086-be75-18a6e8a88835.jpeg\" width=\"480\"\/>Kontakt Anne Sofie R\u00f8nnfeldt     <\/p>\n","protected":false},"excerpt":{"rendered":"Det br\u00e5ker i sk\u00e5ler og tallerkener n\u00e5r Fr\u00f8ya Sjurs\u00e6ther (MDG) gj\u00f8r de siste forberedelsene. Snart kommer en h\u00e5ndfull&hellip;\n","protected":false},"author":2,"featured_media":125708,"comment_status":"","ping_status":"","sticky":false,"template":"","format":"standard","meta":{"footnotes":""},"categories":[10],"tags":[20,21,24,25,15,22,23,13,30,28,29,14,16,333,26,27,205],"class_list":{"0":"post-125707","1":"post","2":"type-post","3":"status-publish","4":"format-standard","5":"has-post-thumbnail","7":"category-norge","8":"tag-breaking-news","9":"tag-breakingnews","10":"tag-featured-news","11":"tag-featurednews","12":"tag-headlines","13":"tag-latest-news","14":"tag-latestnews","15":"tag-news","16":"tag-no","17":"tag-norge","18":"tag-norway","19":"tag-nyheter","20":"tag-overskrifter","21":"tag-stortinget","22":"tag-top-stories","23":"tag-topstories","24":"tag-vgsamfunn"},"share_on_mastodon":{"url":"https:\/\/pubeurope.com\/@no\/115815525147460390","error":""},"_links":{"self":[{"href":"https:\/\/www.europesays.com\/no\/wp-json\/wp\/v2\/posts\/125707","targetHints":{"allow":["GET"]}}],"collection":[{"href":"https:\/\/www.europesays.com\/no\/wp-json\/wp\/v2\/posts"}],"about":[{"href":"https:\/\/www.europesays.com\/no\/wp-json\/wp\/v2\/types\/post"}],"author":[{"embeddable":true,"href":"https:\/\/www.europesays.com\/no\/wp-json\/wp\/v2\/users\/2"}],"replies":[{"embeddable":true,"href":"https:\/\/www.europesays.com\/no\/wp-json\/wp\/v2\/comments?post=125707"}],"version-history":[{"count":0,"href":"https:\/\/www.europesays.com\/no\/wp-json\/wp\/v2\/posts\/125707\/revisions"}],"wp:featuredmedia":[{"embeddable":true,"href":"https:\/\/www.europesays.com\/no\/wp-json\/wp\/v2\/media\/125708"}],"wp:attachment":[{"href":"https:\/\/www.europesays.com\/no\/wp-json\/wp\/v2\/media?parent=125707"}],"wp:term":[{"taxonomy":"category","embeddable":true,"href":"https:\/\/www.europesays.com\/no\/wp-json\/wp\/v2\/categories?post=125707"},{"taxonomy":"post_tag","embeddable":true,"href":"https:\/\/www.europesays.com\/no\/wp-json\/wp\/v2\/tags?post=125707"}],"curies":[{"name":"wp","href":"https:\/\/api.w.org\/{rel}","templated":true}]}}