{"id":125709,"date":"2025-12-31T18:10:16","date_gmt":"2025-12-31T18:10:16","guid":{"rendered":"https:\/\/www.europesays.com\/no\/125709\/"},"modified":"2025-12-31T18:10:16","modified_gmt":"2025-12-31T18:10:16","slug":"faerder-tonsberg-slik-blir-rakettvaeret-i-vestfold-tort-men-en-liten-hake","status":"publish","type":"post","link":"https:\/\/www.europesays.com\/no\/125709\/","title":{"rendered":"F\u00e6rder, T\u00f8nsberg | Slik blir rakettv\u00e6ret i Vestfold: \u2013 T\u00f8rt, men \u00e9n liten hake"},"content":{"rendered":"\n<p>Mens mange andre deler av landet m\u00e5 belage seg p\u00e5 uv\u00e6r, kan vestfoldingene se frem til en stort sett t\u00f8rr kveld.<\/p>\n<p><b>Det melder vakthavende meteorolog Julie Solsvik V\u00e5gane.<\/b><\/p>\n<p>\u2013 Nytt\u00e5rsaften ligger godt an for mange steder i Vestfold, og v\u00e6ret vil i stor grad holde seg p\u00e5 den t\u00f8rre siden, sier hun.<\/p>\n<p>\u2013 Kan komme nedb\u00f8r<\/p>\n<p>V\u00e5gane legger imidlertid til at selv om kvelden starter t\u00f8rt, b\u00f8r man v\u00e6re forberedt p\u00e5 en liten endring i v\u00e6ret etter midnatt.<\/p>\n<p>   <img decoding=\"async\" width=\"4032\" height=\"3024\" fetchpriority=\"low\"  loading=\"lazy\"  src=\"https:\/\/www.europesays.com\/no\/wp-content\/uploads\/2025\/12\/b05b531c-f7fa-45a3-990e-17e9d79edb42_1.jpeg\" alt=\"\" class=\"brick-c-cFOWSL\" style=\"--brick-image-ratio: 4032 \/ 3024;\"\/><\/p>\n<p>      RAKETTER: Bilde fra rakettoppskytning p\u00e5 Slottsfjellet i fjor.<br \/>\n      Foto: Tiril E. J. Klokkerud\n    <\/p>\n<p><b>\u2013 Utover kvelden vil skydekket \u00f8ke og legge seg lavere. Det forventes \u00e5 v\u00e6re t\u00f8rt frem til midnatt. Etter klokken 01 og utover torsdag morgen kan det komme litt spredt sn\u00f8 eller regn. Det er ikke snakk om store mengder nedb\u00f8r, men v\u00e6r forberedt p\u00e5 litt spredt nedb\u00f8r etter midnatt, sier V\u00e5gane.<\/b><\/p>\n<p>Meteorologen forteller ogs\u00e5 at temperaturene vil stige noe.<\/p>\n<p>\u2013 Ved gjestehavnen er det rundt 3 minusgrader, s\u00e5 temperaturen har g\u00e5tt opp fra tidligere 6-7 minusgrader. Utover kysten kan temperaturen krype opp mot et par plussgrader p\u00e5 kvelden og natten, mens det i innlandet vil holde seg kaldere, forklarer hun.<\/p>\n<p>  <a href=\"https:\/\/www.tb.no\/5-76-2758317\" class=\"related-teaser has-image default-story-teaser article--c-eRUmMG article--c-eRUmMG-jKCPdD-design-default\" rel=\"nofollow noopener\" target=\"_blank\"><\/p>\n<p>    <img decoding=\"async\" loading=\"lazy\"  src=\"https:\/\/www.europesays.com\/no\/wp-content\/uploads\/2025\/12\/image_D6A9B076-E665-44D1-9475-047050EF1A8F_1760684893.jpeg\" alt=\"\" class=\"brick-c-cFOWSL\" style=\"\"\/><\/p>\n<p>\n            Les ogs\u00e5<\/p>\n<p>              Satte juleribba i halsen: \u2013 Jeg l\u00f8p og hentet hjertestarteren\n        <\/p>\n<p>  <\/a><br \/>\n  \u2013 Kan bli glatt<\/p>\n<p>Med temperaturer rundt null grader kan det, if\u00f8lge V\u00e5gane, bli utfordrende f\u00f8reforhold og utfordrende for de som er ute med finsko.<\/p>\n<p>   <img decoding=\"async\" width=\"4032\" height=\"3024\" fetchpriority=\"low\"  loading=\"lazy\"  src=\"https:\/\/www.europesays.com\/no\/wp-content\/uploads\/2025\/12\/1767204613_334_photo.jpg\" alt=\"\" class=\"brick-c-cFOWSL\" style=\"--brick-image-ratio: 4032 \/ 3024;\"\/><\/p>\n<p>      POTENSIELT GLATTE VEIER: Meteorologen ber folk ta hensyn til v\u00e6ret, da det potensielt kan bli glatte veier i l\u00f8pet av kvelden og natten. Her fra Vear.<br \/>\n      Foto: TB-tipser\n    <\/p>\n<p>\u2013 Det er typisk at det kan bli glatt, og selv litt sn\u00f8 vil ikke bedre situasjonen. V\u00e6r forberedt p\u00e5 glatte veier, sier hun og fortsetter:<\/p>\n<p><b>\u2013 Selv om temperaturene stiger litt, vil det fortsatt v\u00e6re kaldt, s\u00e5 det er lurt \u00e5 kle seg godt.<\/b><\/p>\n<p>Men V\u00e5gane p\u00e5peker at v\u00e6ret ser ut til \u00e5 bli fint frem til rakettoppskytningen.<\/p>\n<p><b>\u2013 Alt i alt ser det lovende ut frem til rakettoppskytingen ved midnatt, men v\u00e6r forberedt p\u00e5 nedb\u00f8r etter det, sier hun.<\/b><\/p>\n<p>            Fyrverkeriforeningens \u00e5tte nytt\u00e5rsvettregler<\/p>\n<p><b>1. Respekter oppskytningstiden<\/b><\/p>\n<p> Fyrverkeri er kun tillatt fra <b>18:00 til 02:00<\/b> p\u00e5 nytt\u00e5rsaften. Dette sk\u00e5ner b\u00e5de mennesker og dyr.<\/p>\n<p><b>2. Bruk beskyttelsesbriller<\/b><br \/>Beskytt \u00f8ynene dine \u2013 ogs\u00e5 som tilskuer. Briller er en enkel m\u00e5te \u00e5 forebygge alvorlige skader p\u00e5.<\/p>\n<p><b>3. Les bruksanvisningen <\/b><br \/>F\u00f8lg instruksjonene n\u00f8ye. Der finner du viktig informasjon om trygg oppskyting og sikker avstand.<\/p>\n<p><b>4. Planlegg oppskytingen<\/b><br \/>Velg et stabilt sted hvor fyrverkeriet ikke kan velte. Planlegging gir en stressfri og trygg feiring.<\/p>\n<p><b>5. Ikke tenn p\u00e5 igjen<\/b><br \/>Fyrverkeri som ikke tenner, skal ikke brukes p\u00e5 nytt. Lever det tilbake til utsalgsstedet.<\/p>\n<p><b>6. Hold avstand<\/b> <br \/>Opplev fyrverkeriet p\u00e5 trygg avstand \u2013 det er b\u00e5de sikrere og mer spektakul\u00e6rt.<\/p>\n<p><b>7. Alkohol og fyrverkeri h\u00f8rer ikke sammen<\/b> <br \/>Alkohol svekker vurderingsevnen. La en edru person st\u00e5 for oppskytingen.<\/p>\n<p><b>8. G\u00e5 fram med et godt eksempel<\/b> <br \/>Vis at du mestrer trygg h\u00e5ndtering av fyrverkeri \u2013 ingen liker uansvarlighet.<\/p>\n<p>KILDE: Norsk Fyrverkeriforening<\/p>\n<p>  <a href=\"https:\/\/www.tb.no\/5-76-2759175\" class=\"related-teaser has-image default-story-teaser article--c-eRUmMG article--c-eRUmMG-jKCPdD-design-default\" rel=\"nofollow noopener\" target=\"_blank\"><\/p>\n<p>    <img decoding=\"async\" loading=\"lazy\"  src=\"https:\/\/www.europesays.com\/no\/wp-content\/uploads\/2025\/12\/image_B473A0E2-A3CE-4884-9D96-3CEDAA36ED3E_1767188140.jpeg\" alt=\"\" class=\"brick-c-cFOWSL\" style=\"\"\/><\/p>\n<p>\n            Les ogs\u00e5<\/p>\n<p>              Slik var \u00e5rets siste handledag: \u2013 For mange er dette siste innspurt f\u00f8r i kveld\n        <\/p>\n<p>  <\/a><\/p>\n<p>  <a href=\"https:\/\/www.tb.no\/5-76-2758866\" class=\"related-teaser has-image default-story-teaser article--c-eRUmMG article--c-eRUmMG-jKCPdD-design-default\" rel=\"nofollow noopener\" target=\"_blank\"><\/p>\n<p>    <img decoding=\"async\" loading=\"lazy\"  src=\"https:\/\/www.europesays.com\/no\/wp-content\/uploads\/2025\/12\/5_76_2112153+IMG_2469+%281%29.jpeg\" alt=\"\" class=\"brick-c-cFOWSL\" style=\"\"\/><\/p>\n<p>\n            Les ogs\u00e5<\/p>\n<p>              B\u00e5rd vil fyrverkeriene til livs: \u2013 Det der m\u00e5 vi slutte med!\n        <\/p>\n<p>  <\/a><\/p>\n<p>  <a href=\"https:\/\/www.tb.no\/5-76-2758411\" class=\"related-teaser has-image default-story-teaser article--c-eRUmMG article--c-eRUmMG-jKCPdD-design-default\" rel=\"nofollow noopener\" target=\"_blank\"><\/p>\n<p>    <img decoding=\"async\" loading=\"lazy\"  src=\"https:\/\/www.europesays.com\/no\/wp-content\/uploads\/2025\/12\/1767204616_124_5_76_1206214+haugarrock+%281%29.jpg\" alt=\"\" class=\"brick-c-cFOWSL\" style=\"\"\/><\/p>\n<p>\n            Les ogs\u00e5<\/p>\n<p>              \u00c5pner for firbeinte p\u00e5 nytt\u00e5rsaften: \u2013 Man gj\u00f8r mye for dyra\n        <\/p>\n<p>  <\/a><\/p>\n","protected":false},"excerpt":{"rendered":"Mens mange andre deler av landet m\u00e5 belage seg p\u00e5 uv\u00e6r, kan vestfoldingene se frem til en stort&hellip;\n","protected":false},"author":2,"featured_media":123897,"comment_status":"","ping_status":"","sticky":false,"template":"","format":"standard","meta":{"footnotes":""},"categories":[5],"tags":[36,20,21,962,24,25,15,19,22,23,17,18,13,30,28,29,14,16,5128,1510,5127,26,27,431,553],"class_list":{"0":"post-125709","1":"post","2":"type-post","3":"status-publish","4":"format-standard","5":"has-post-thumbnail","7":"category-overskrifter","8":"tag-art","9":"tag-breaking-news","10":"tag-breakingnews","11":"tag-faerder","12":"tag-featured-news","13":"tag-featurednews","14":"tag-headlines","15":"tag-hovedoppslag","16":"tag-latest-news","17":"tag-latestnews","18":"tag-main-news","19":"tag-mainnews","20":"tag-news","21":"tag-no","22":"tag-norge","23":"tag-norway","24":"tag-nyheter","25":"tag-overskrifter","26":"tag-re","27":"tag-story","28":"tag-tjome","29":"tag-top-stories","30":"tag-topstories","31":"tag-tonsberg","32":"tag-vaer"},"share_on_mastodon":{"url":"https:\/\/pubeurope.com\/@no\/115815528773555501","error":""},"_links":{"self":[{"href":"https:\/\/www.europesays.com\/no\/wp-json\/wp\/v2\/posts\/125709","targetHints":{"allow":["GET"]}}],"collection":[{"href":"https:\/\/www.europesays.com\/no\/wp-json\/wp\/v2\/posts"}],"about":[{"href":"https:\/\/www.europesays.com\/no\/wp-json\/wp\/v2\/types\/post"}],"author":[{"embeddable":true,"href":"https:\/\/www.europesays.com\/no\/wp-json\/wp\/v2\/users\/2"}],"replies":[{"embeddable":true,"href":"https:\/\/www.europesays.com\/no\/wp-json\/wp\/v2\/comments?post=125709"}],"version-history":[{"count":0,"href":"https:\/\/www.europesays.com\/no\/wp-json\/wp\/v2\/posts\/125709\/revisions"}],"wp:featuredmedia":[{"embeddable":true,"href":"https:\/\/www.europesays.com\/no\/wp-json\/wp\/v2\/media\/123897"}],"wp:attachment":[{"href":"https:\/\/www.europesays.com\/no\/wp-json\/wp\/v2\/media?parent=125709"}],"wp:term":[{"taxonomy":"category","embeddable":true,"href":"https:\/\/www.europesays.com\/no\/wp-json\/wp\/v2\/categories?post=125709"},{"taxonomy":"post_tag","embeddable":true,"href":"https:\/\/www.europesays.com\/no\/wp-json\/wp\/v2\/tags?post=125709"}],"curies":[{"name":"wp","href":"https:\/\/api.w.org\/{rel}","templated":true}]}}