{"id":125712,"date":"2025-12-31T18:16:19","date_gmt":"2025-12-31T18:16:19","guid":{"rendered":"https:\/\/www.europesays.com\/no\/125712\/"},"modified":"2025-12-31T18:16:19","modified_gmt":"2025-12-31T18:16:19","slug":"katt-dodsfall-katten-edel-veide-bare-650-gram-da-hun-dode-i-kristiansund","status":"publish","type":"post","link":"https:\/\/www.europesays.com\/no\/125712\/","title":{"rendered":"Katt, D\u00f8dsfall | Katten Edel veide bare 650 gram da hun d\u00f8de i Kristiansund"},"content":{"rendered":"\n<p><a href=\"https:\/\/www.tk.no\/edel-5-mnd-veide-bare-650-gram-da-hun-dode-jeg-blir-bare-veldig-sint\/s\/5-51-1792369?ns_campaign=editorial.pushalert&amp;pushalert_publication=tidkra&amp;pushalert_premium=true&amp;pushalert_messageId=323d1767122822556T5-51-1792369\" rel=\"Follow nofollow noopener\" target=\"_blank\">(Tidens Krav<\/a>): Det f\u00f8rste d\u00f8gnet etter at hun ble funnet bodde Edel hos mannen som fant henne. Redningsmannen tok kontakt med \u00abHjerterom For Dyrene\u00bb og slik kom Edel i fosterhjem hos R\u00f8kkum.<\/p>\n<p>\u2013 Jeg blir bare veldig sint. Sint p\u00e5 de som ikke tar vare p\u00e5 dyrene sine, sier Geirid R\u00f8kkum i \u00abHjerterom For Dyrene\u00bb etter at kattungen d\u00f8de.<\/p>\n<p><b>Les ogs\u00e5:<\/b> <a href=\"https:\/\/www.nettavisen.no\/heim\/slik-tar-han-knekken-pa-musene-med-en-uventet-metode\/s\/5-95-2757065\" rel=\"Follow nofollow noopener\" target=\"_blank\">Uventet musefanger: Sju \u00e5r gamle Jane<\/a><\/p>\n<p>R\u00f8kkum er nemlig engasjert i dyrevelferd og er styremedlem i Hjerterom For Dyrene.<\/p>\n<p>Hjemme hos R\u00f8kkum lekte Edel med de andre kattene Kronk og Pancakes.<\/p>\n<p>\u2013 Jeg s\u00e5 kattungen leke s\u00e5 fint med de andre kattene, og hun var god og kosete. Hilde Cathrine Svendsvik, styreleder i gruppa v\u00e5r advarte meg om at det br\u00e5tt kan g\u00e5 galt i overgangen fra gata til varmen. Jeg trodde ikke p\u00e5 henne, men hun hadde dessverre rett.<\/p>\n<p>   <img decoding=\"async\" width=\"3000\" height=\"2232\" fetchpriority=\"low\"  loading=\"lazy\"  src=\"https:\/\/www.europesays.com\/no\/wp-content\/uploads\/2025\/12\/edel+3.jpg\" alt=\"\" class=\"brick-c-cFOWSL\" style=\"--brick-image-ratio: 3000 \/ 2232;\"\/><\/p>\n<p>      edel<br \/>\n      Foto: Geirid R\u00f8kkum\n    <\/p>\n<p>Edel slet med \u00e5 f\u00e5 i seg mat og kastet stadig opp, noe som skulle vise seg \u00e5 v\u00e6re skjebnens brutale ironi.<\/p>\n<p>\u2013 Jeg tror rett og slett Edel ikke t\u00e5lte skikkelig mat i magen, varme og kj\u00e6rlighet. Det gjorde at den lille kroppen fullstendig kollapset, sier R\u00f8kkum tydelig ber\u00f8rt.<\/p>\n<p>650 hjerteknusende gram<\/p>\n<p>\u2013 N\u00e5r Edel kom hjem til oss veide vi henne, og hun var 650 gram. Vi trodde hun var \u00e5tte uker gammel &#8230; Det viste seg at hun var fem m\u00e5neder, ikke \u00e5tte uker. Da skulle hun ha veid 1,6-3,5 kilo. Det sier noe om tilstanden kattungen var i, sier R\u00f8kkum.<\/p>\n<p><b>Les ogs\u00e5:<\/b> <a href=\"https:\/\/www.nettavisen.no\/nyheter\/hunden-max-funnet-dod-pa-buoya-i-arendal-skremt-av-fyrverkeri\/s\/5-95-2801580\" rel=\"Follow nofollow noopener\" target=\"_blank\">Hunden Max (2) funnet d\u00f8d \u2013 skremt av fyrverkeri<\/a><\/p>\n<p>Den natten fikk Edel sove ved siden av s\u00f8nnen i huset,<\/p>\n<p>\u2013 Rundt midnatt kom han inn p\u00e5 rommet mitt med henne i armene sine og sa at noe var galt. Edel hadde kramper og var stiv i kroppen. Resten av natta l\u00e5 hun i senga sammen med meg, forteller den engasjerte dyrevennen.<\/p>\n<p>   <img decoding=\"async\" width=\"3000\" height=\"4000\" fetchpriority=\"low\"  loading=\"lazy\"  src=\"https:\/\/www.europesays.com\/no\/wp-content\/uploads\/2025\/12\/17504.jpg\" alt=\"\" class=\"brick-c-cFOWSL\" style=\"--brick-image-ratio: 3000 \/ 4000;\"\/><\/p>\n<p>      Midt p\u00e5 natten ble kattungen Edel br\u00e5tt veldig syk. Her ligger hun i senga og det er fostermor Geirid R\u00f8kkum som holder rundt henne.<br \/>\n      Foto: Geirid R\u00f8kkum\n    <\/p>\n<p>R\u00f8kkum m\u00e5tte ta med seg katten p\u00e5 jobb neste dag 07.00, der Edel fikk ligge trygt p\u00e5 en varmeflaske. Da Kristiansund Dyreklinikk \u00e5pnet klokken 09.00 var R\u00f8kkum og Edel p\u00e5 plass.<\/p>\n<p>\u2013 Veterin\u00e6ren sa at hun var veldig dehydrert, hadde lav kroppstemperatur og lite kontaktbar. Det var ikke noe mer \u00e5 gj\u00f8re for henne, annet enn avliving, sier R\u00f8kkum.<\/p>\n<p>Ingen savner Edel<\/p>\n<p>Det som gj\u00f8r Edels historie enda tristere enn den allerede er, er at ingen har meldt henne savnet. Det har v\u00e6rt publisert bilde av kattungen p\u00e5 sosiale medier.<\/p>\n<p><b>Les ogs\u00e5:<\/b> <a href=\"https:\/\/www.nettavisen.no\/nyheter\/katter-utvikler-demens-pa-lignende-mate-som-mennesker\/s\/5-95-2567754\" rel=\"Follow nofollow noopener\" target=\"_blank\">Katter utvikler demens p\u00e5 lignende m\u00e5te som mennesker<\/a><\/p>\n<p>\u2013 Det at ingen bryr seg syns jeg er s\u00e5 trist. Jeg har ikke ord. Denne katten har hatt et hjem, da den var kosete og sosialisert. Jeg har hatt nok villkatter i fosterhjem s\u00e5 man ser stor forskjell p\u00e5 lynnet. Edel ble dumpet ut, sier R\u00f8kkum.<\/p>\n<p>Kattunger pleier ikke \u00e5 vandre langt om de skulle komme seg ut, mener R\u00f8kkum.<\/p>\n<p>\u2013 Noen har skaffet seg denne kattungen, for s\u00e5 \u00e5 kvitte seg med den. Det er for ille. N\u00e5r du skaffer deg katt, m\u00e5 du vaksinere, chippe og kastrere den. Det er s\u00e5 viktig, sier R\u00f8kkum fortvilet.<\/p>\n<p>   <img decoding=\"async\" width=\"431\" height=\"701\" fetchpriority=\"low\"  loading=\"lazy\"  src=\"https:\/\/www.europesays.com\/no\/wp-content\/uploads\/2025\/12\/edel+skjermdump.jpg\" alt=\"\" class=\"brick-c-cFOWSL\" style=\"--brick-image-ratio: 431 \/ 701;\"\/><\/p>\n<p>      Bilder av Edel ble raskt lagt ut p\u00e5 sosiale medier, her fra \u00abHjerterom for Dyrene\u00bb sin Facebook-side.<br \/>\n      Foto: skjermdump\n    <\/p>\n","protected":false},"excerpt":{"rendered":"(Tidens Krav): Det f\u00f8rste d\u00f8gnet etter at hun ble funnet bodde Edel hos mannen som fant henne. Redningsmannen&hellip;\n","protected":false},"author":2,"featured_media":125713,"comment_status":"","ping_status":"","sticky":false,"template":"","format":"standard","meta":{"footnotes":""},"categories":[10],"tags":[20,21,24,25,15,22,23,13,30,28,29,14,16,26,27],"class_list":{"0":"post-125712","1":"post","2":"type-post","3":"status-publish","4":"format-standard","5":"has-post-thumbnail","7":"category-norge","8":"tag-breaking-news","9":"tag-breakingnews","10":"tag-featured-news","11":"tag-featurednews","12":"tag-headlines","13":"tag-latest-news","14":"tag-latestnews","15":"tag-news","16":"tag-no","17":"tag-norge","18":"tag-norway","19":"tag-nyheter","20":"tag-overskrifter","21":"tag-top-stories","22":"tag-topstories"},"share_on_mastodon":{"url":"https:\/\/pubeurope.com\/@no\/115815552382677774","error":""},"_links":{"self":[{"href":"https:\/\/www.europesays.com\/no\/wp-json\/wp\/v2\/posts\/125712","targetHints":{"allow":["GET"]}}],"collection":[{"href":"https:\/\/www.europesays.com\/no\/wp-json\/wp\/v2\/posts"}],"about":[{"href":"https:\/\/www.europesays.com\/no\/wp-json\/wp\/v2\/types\/post"}],"author":[{"embeddable":true,"href":"https:\/\/www.europesays.com\/no\/wp-json\/wp\/v2\/users\/2"}],"replies":[{"embeddable":true,"href":"https:\/\/www.europesays.com\/no\/wp-json\/wp\/v2\/comments?post=125712"}],"version-history":[{"count":0,"href":"https:\/\/www.europesays.com\/no\/wp-json\/wp\/v2\/posts\/125712\/revisions"}],"wp:featuredmedia":[{"embeddable":true,"href":"https:\/\/www.europesays.com\/no\/wp-json\/wp\/v2\/media\/125713"}],"wp:attachment":[{"href":"https:\/\/www.europesays.com\/no\/wp-json\/wp\/v2\/media?parent=125712"}],"wp:term":[{"taxonomy":"category","embeddable":true,"href":"https:\/\/www.europesays.com\/no\/wp-json\/wp\/v2\/categories?post=125712"},{"taxonomy":"post_tag","embeddable":true,"href":"https:\/\/www.europesays.com\/no\/wp-json\/wp\/v2\/tags?post=125712"}],"curies":[{"name":"wp","href":"https:\/\/api.w.org\/{rel}","templated":true}]}}