{"id":125714,"date":"2025-12-31T18:17:13","date_gmt":"2025-12-31T18:17:13","guid":{"rendered":"https:\/\/www.europesays.com\/no\/125714\/"},"modified":"2025-12-31T18:17:13","modified_gmt":"2025-12-31T18:17:13","slug":"faerder-slik-var-arets-siste-handledag-for-mange-er-dette-siste-innspurt-for-i-kveld-tonsbergs-blad","status":"publish","type":"post","link":"https:\/\/www.europesays.com\/no\/125714\/","title":{"rendered":"F\u00e6rder | Slik var \u00e5rets siste handledag: \u2013 For mange er dette siste innspurt f\u00f8r i kveld &#8211; T\u00f8nsbergs Blad"},"content":{"rendered":"<ol>\n<li><a href=\"https:\/\/news.google.com\/rss\/articles\/CBMirgFBVV95cUxPWUFfMEIxalhJdWw1NE5fYU9wYjlHMVBNY2NweUVIVERnMGc4enh4U3Z3T3Jndmk3aTJtWXVYMHg2M1luOXA4bXhkQ2FESE9CWkVnMndGNVdnN1NXNDhGRVJEbmwwaFg2SFRRWWxSMHRHOXRCZzBPV2MwbERkbmZrdDQ4dWdGS2k1b0gtcVZNZkVuZHRSdnZFTGREakZLbkx3YW9YLXdVeWJsREJQYkE?oc=5\" target=\"_blank\" rel=\"nofollow noopener\">F\u00e6rder | Slik var \u00e5rets siste handledag: \u2013 For mange er dette siste innspurt f\u00f8r i kveld<\/a>&nbsp;&nbsp;T\u00f8nsbergs Blad<\/li>\n<li><a href=\"https:\/\/news.google.com\/rss\/articles\/CBMif0FVX3lxTE1PeHdPamF0aTVsMHo2Vk42NFltMjFZX1E2N2hDU1lucHBpeWktQTBuTG1vek5mcEFQM3Z2UHRSOHg1ZnQ5Z0VQYV9KZ1BhWXF0TXYzRzdfYS00UzBfdTF5M3hKTTRyZmlnNGlhSnVTT0J4ajVTVE5nSFBjX2R6bmc?oc=5\" target=\"_blank\" rel=\"nofollow noopener\">(+) Ny trend gir salgshopp<\/a>&nbsp;&nbsp;agderposten.no<\/li>\n<li><a href=\"https:\/\/news.google.com\/rss\/articles\/CBMikwFBVV95cUxPWlNuQTdlQV9HVkpVUVl2UGN2a1FUT0g1Um1jeXpnbFJsNmtDajJyT2JCUy15ZVZZcWFJMWxIY0xabmkyd3NJSndzbzlGZzd5SWstLVdMSjdLaGpKZlFCNXhZTzhfeGhhYXVGbHlEckI4R0VLMjZqNEdjN3JUTnRrbEdpc1hnNjY5RWJ4eTNjZEItOWs?oc=5\" target=\"_blank\" rel=\"nofollow noopener\">Roligere enn mange kanskje tror<\/a>&nbsp;&nbsp;varden.no<\/li>\n<li><a href=\"https:\/\/news.google.com\/rss\/articles\/CBMieEFVX3lxTFBhQXN0N204d25idGl6Y29UbVE2TWR4emhLbTMtYjBBYTBhbk1yZGFUX2NrQmRkeHFvRFRDTUg0d3I1U01YaGtrREVGM1BaR2dRazNzcWFscDdMaEQyc2I3WjJuRHVrS0hWbHlBT1IxLWlpYXM0UVQ4bg?oc=5\" target=\"_blank\" rel=\"nofollow noopener\">Bobler til nytt\u00e5rsaften \u2013 \u00e9n feil du absolutt ikke b\u00f8r gj\u00f8re<\/a>&nbsp;&nbsp;Aftenposten<\/li>\n<li><a href=\"https:\/\/news.google.com\/rss\/articles\/CBMif0FVX3lxTE5DcV9SdXVXNXpjSGNPWDV3RDRUT3RmOU95Slk0aVEtQ1FuUzV2cHkzZ25mVE9vZk9KUWJuQWJRbEMyOUFQOXNrVWd1VkxaMnplQXI5QWVROER4M19hcFRWQjN0emhaWlFsNDNRMFIxMHE1ajB5ZHBxaU1Uc0RYbTA?oc=5\" target=\"_blank\" rel=\"nofollow noopener\">Ny salgsrekord: \u2013 Ingen andre har \u00f8kt s\u00e5 mye<\/a>&nbsp;&nbsp;Romerikes Blad<\/li>\n<\/ol>\n","protected":false},"excerpt":{"rendered":"F\u00e6rder | Slik var \u00e5rets siste handledag: \u2013 For mange er dette siste innspurt f\u00f8r i kveld&nbsp;&nbsp;T\u00f8nsbergs Blad&hellip;\n","protected":false},"author":2,"featured_media":125715,"comment_status":"","ping_status":"","sticky":false,"template":"","format":"standard","meta":{"footnotes":""},"categories":[5],"tags":[20,21,24,25,15,19,22,23,17,18,13,30,28,29,14,16,26,27],"class_list":{"0":"post-125714","1":"post","2":"type-post","3":"status-publish","4":"format-standard","5":"has-post-thumbnail","7":"category-overskrifter","8":"tag-breaking-news","9":"tag-breakingnews","10":"tag-featured-news","11":"tag-featurednews","12":"tag-headlines","13":"tag-hovedoppslag","14":"tag-latest-news","15":"tag-latestnews","16":"tag-main-news","17":"tag-mainnews","18":"tag-news","19":"tag-no","20":"tag-norge","21":"tag-norway","22":"tag-nyheter","23":"tag-overskrifter","24":"tag-top-stories","25":"tag-topstories"},"share_on_mastodon":{"url":"https:\/\/pubeurope.com\/@no\/115815556252168817","error":""},"_links":{"self":[{"href":"https:\/\/www.europesays.com\/no\/wp-json\/wp\/v2\/posts\/125714","targetHints":{"allow":["GET"]}}],"collection":[{"href":"https:\/\/www.europesays.com\/no\/wp-json\/wp\/v2\/posts"}],"about":[{"href":"https:\/\/www.europesays.com\/no\/wp-json\/wp\/v2\/types\/post"}],"author":[{"embeddable":true,"href":"https:\/\/www.europesays.com\/no\/wp-json\/wp\/v2\/users\/2"}],"replies":[{"embeddable":true,"href":"https:\/\/www.europesays.com\/no\/wp-json\/wp\/v2\/comments?post=125714"}],"version-history":[{"count":0,"href":"https:\/\/www.europesays.com\/no\/wp-json\/wp\/v2\/posts\/125714\/revisions"}],"wp:featuredmedia":[{"embeddable":true,"href":"https:\/\/www.europesays.com\/no\/wp-json\/wp\/v2\/media\/125715"}],"wp:attachment":[{"href":"https:\/\/www.europesays.com\/no\/wp-json\/wp\/v2\/media?parent=125714"}],"wp:term":[{"taxonomy":"category","embeddable":true,"href":"https:\/\/www.europesays.com\/no\/wp-json\/wp\/v2\/categories?post=125714"},{"taxonomy":"post_tag","embeddable":true,"href":"https:\/\/www.europesays.com\/no\/wp-json\/wp\/v2\/tags?post=125714"}],"curies":[{"name":"wp","href":"https:\/\/api.w.org\/{rel}","templated":true}]}}