{"id":125718,"date":"2025-12-31T18:22:31","date_gmt":"2025-12-31T18:22:31","guid":{"rendered":"https:\/\/www.europesays.com\/no\/125718\/"},"modified":"2025-12-31T18:22:31","modified_gmt":"2025-12-31T18:22:31","slug":"bekymret-over-taiwan-ovelser","status":"publish","type":"post","link":"https:\/\/www.europesays.com\/no\/125718\/","title":{"rendered":"Bekymret over Taiwan-\u00f8velser"},"content":{"rendered":"<p class=\"kicker t15 font-weight-bold m-font-weight-bold color_mobile_no_bg_color quaternary color_mobile_quaternary font-Trim text-case-transform-upper mobile-hasTextPadding\" style=\"\">Nyheter<\/p>\n<p>    EU mener Kina truer internasjonal fred etter millit\u00e6r\u00f8velser rundt Taiwan.\u00a0<\/p>\n<p>\n        BEIJING: Nyheter om Kinas milit\u00e6r\u00f8velse rundt Taiwan vises p\u00e5 en storskjerm i Beijing 30. desember.<br \/>\n        Foto: Tingshu Wang, REuters, NTB\n    <\/p>\n<p>EU er bekymret over at Kina holder nye milit\u00e6r\u00f8velser rundt Taiwan og mener landet setter internasjonal fred og stabilitet i fare.<\/p>\n<p>\u2013 Fred og stabilitet i Taiwanstredet er av strategisk betydning for regional og global sikkerhet og velstand, sier talskvinne Anitta Hipper for EUs utenrikstjeneste.<\/p>\n<p>Hun sier at de kinesiske \u00f8velsene er med p\u00e5 \u00e5 \u00f8ke spenningen mellom Kina og Taiwan ytterligere. Den p\u00e5g\u00e5ende \u00f8velsen beskrives som en av de mest omfattende som Kina har gjennomf\u00f8rt ved Taiwan.<\/p>\n<p>\u2013 Vi gjentar v\u00e5r oppfordring om \u00e5 utvise tilbakeholdenhet og unng\u00e5 handlinger som kan eskalere spenningen ytterligere.<\/p>\n<p>If\u00f8lge Taiwans forsvarsdepartement ble det registrert 130 flygninger gjennomf\u00f8rt av kinesiske milit\u00e6rfly rundt \u00f8ya fram til tirsdag morgen.<\/p>\n<p>Ogs\u00e5 Frankrike og Tyskland har uttrykt bekymring rundt \u00f8velsene.<\/p>\n<p>\u2013 Frankrike ber alle parter om \u00e5 unng\u00e5 ytterligere eskalering, heter det i en uttalelse fra det franske utenriksdepartementet.<\/p>\n<p>\u2013 Den tyske regjeringen ber om tilbakeholdenhet og dialog, skriver Tysklands utenriksdepartement.<\/p>\n<p>If\u00f8lge Taiwanske myndigheter trekker kinesiske skip og fart\u00f8y seg gradvis tilbake etter milit\u00e6r\u00f8velsen rundt \u00f8ya, men Kina har ikke kunngjort at \u00f8velsen formelt er over.<\/p>\n<p>Derfor forblir Taiwan i h\u00f8y beredskap.<\/p>\n<p>\u00d8velsen, som Kina kaller \u00abJustice Mission 2025\u00bb, beskrives som en av de mest omfattende som Kina har gjennomf\u00f8rt ved Taiwan.<\/p>\n<p>Taiwan har ford\u00f8mt \u00f8velsene, som de mener er en provokasjon som utgj\u00f8r en trussel mot landets sikkerhet.\u00a0<\/p>\n","protected":false},"excerpt":{"rendered":"Nyheter EU mener Kina truer internasjonal fred etter millit\u00e6r\u00f8velser rundt Taiwan.\u00a0 BEIJING: Nyheter om Kinas milit\u00e6r\u00f8velse rundt Taiwan&hellip;\n","protected":false},"author":2,"featured_media":125719,"comment_status":"","ping_status":"","sticky":false,"template":"","format":"standard","meta":{"footnotes":""},"categories":[12],"tags":[20,21,24,25,15,22,23,13,30,28,29,14,16,26,27,42,43,44,45],"class_list":{"0":"post-125718","1":"post","2":"type-post","3":"status-publish","4":"format-standard","5":"has-post-thumbnail","7":"category-verden","8":"tag-breaking-news","9":"tag-breakingnews","10":"tag-featured-news","11":"tag-featurednews","12":"tag-headlines","13":"tag-latest-news","14":"tag-latestnews","15":"tag-news","16":"tag-no","17":"tag-norge","18":"tag-norway","19":"tag-nyheter","20":"tag-overskrifter","21":"tag-top-stories","22":"tag-topstories","23":"tag-verden","24":"tag-world","25":"tag-world-news","26":"tag-worldnews"},"share_on_mastodon":{"url":"https:\/\/pubeurope.com\/@no\/115815575883536001","error":""},"_links":{"self":[{"href":"https:\/\/www.europesays.com\/no\/wp-json\/wp\/v2\/posts\/125718","targetHints":{"allow":["GET"]}}],"collection":[{"href":"https:\/\/www.europesays.com\/no\/wp-json\/wp\/v2\/posts"}],"about":[{"href":"https:\/\/www.europesays.com\/no\/wp-json\/wp\/v2\/types\/post"}],"author":[{"embeddable":true,"href":"https:\/\/www.europesays.com\/no\/wp-json\/wp\/v2\/users\/2"}],"replies":[{"embeddable":true,"href":"https:\/\/www.europesays.com\/no\/wp-json\/wp\/v2\/comments?post=125718"}],"version-history":[{"count":0,"href":"https:\/\/www.europesays.com\/no\/wp-json\/wp\/v2\/posts\/125718\/revisions"}],"wp:featuredmedia":[{"embeddable":true,"href":"https:\/\/www.europesays.com\/no\/wp-json\/wp\/v2\/media\/125719"}],"wp:attachment":[{"href":"https:\/\/www.europesays.com\/no\/wp-json\/wp\/v2\/media?parent=125718"}],"wp:term":[{"taxonomy":"category","embeddable":true,"href":"https:\/\/www.europesays.com\/no\/wp-json\/wp\/v2\/categories?post=125718"},{"taxonomy":"post_tag","embeddable":true,"href":"https:\/\/www.europesays.com\/no\/wp-json\/wp\/v2\/tags?post=125718"}],"curies":[{"name":"wp","href":"https:\/\/api.w.org\/{rel}","templated":true}]}}