{"id":125726,"date":"2025-12-31T18:35:10","date_gmt":"2025-12-31T18:35:10","guid":{"rendered":"https:\/\/www.europesays.com\/no\/125726\/"},"modified":"2025-12-31T18:35:10","modified_gmt":"2025-12-31T18:35:10","slug":"arvesjokk-meldingene-renner-inn","status":"publish","type":"post","link":"https:\/\/www.europesays.com\/no\/125726\/","title":{"rendered":"Arvesjokk: Meldingene renner inn"},"content":{"rendered":"<p>&#8211; Gjengene rekrutterer eller utnytter barn p\u00e5 en m\u00e5te vi ikke har sett tidligere. Det er mer systematisk, mer som en forbruksvare, sier Camila Salazar At\u00edas til Dagbladet.\u00a0<\/p>\n<p>Hun er kriminolog og en av Sveriges ledende eksperter p\u00e5 gjengkriminalitet. Hun jobber forebyggende med ungdom p\u00e5 Fryshuset i Stockholm.<\/p>\n<p>Kripos har sett en tydelig \u00f8kning i rekruttering av barn de siste to \u00e5ra, og har <a href=\"https:\/\/www.dagbladet.no\/nyheter\/barn-rekrutteres-via-qr-koder\/83670524\" rel=\"nofollow noopener\" target=\"_blank\">avdekket hvordan det foreg\u00e5r<\/a>. I Sverige har trenden hatt fotfeste i noe lengre tid.<\/p>\n<p>&#8211; Vi har sett at det skjedde noe etter en lovendring i 2022. F\u00f8r var det strafferabatt for unge mellom 18 og 21 \u00e5r ved alvorlig kriminalitet. Da denne ble tatt bort, s\u00e5 man en enorm \u00f8kning med yngre personer som begikk disse grove lovbruddene. Det har vi ikke forsket p\u00e5, men det er en teori.\u00a0<\/p>\n<p>Samtidig peker hun p\u00e5 at man har sett samme tendens i Norge, uten at vi har hatt samme lovendring &#8211; som kan tyde p\u00e5 at trendene sprer seg over grensa, slik <a href=\"https:\/\/www.europol.europa.eu\/publication-events\/main-reports\/changing-dna-of-serious-and-organised-crime\" rel=\"nofollow noopener\" target=\"_blank\">Europol<\/a> har advart om.<\/p>\n<p>        <img loading=\"lazy\" decoding=\"async\" src=\"https:\/\/www.europesays.com\/no\/wp-content\/uploads\/2025\/12\/84018693.webp.webp\" width=\"686\" height=\"494\" title=\"EKSPERT: Camila Salazar At\u00edas er en av Sveriges fremste eksperter p\u00e5 gjengkriminalitet og rekruttering. Hun jobber med forebygging p\u00e5 Fryshuset i Stockholm. Foto: Niklas Ehl\u00e9n \/ Fryshuset\" alt=\"\" class=\"\" style=\"--aspect-ratio-image: 1.39; \"\/><\/p>\n<p>\n        EKSPERT: Camila Salazar At\u00edas er en av Sveriges fremste eksperter p\u00e5 gjengkriminalitet og rekruttering. Hun jobber med forebygging p\u00e5 Fryshuset i Stockholm. Foto: Niklas Ehl\u00e9n \/ Fryshuset\n    <\/p>\n<p>&#8211; Vanskelig \u00e5 si  <\/p>\n<p>Ved \u00e5 bruke barn til \u00e5 utf\u00f8re voldshandlinger, er det ogs\u00e5 st\u00f8rre risiko for feil &#8211; men man ser at gjengene er villige til \u00e5 ta den risikoen, p\u00e5peker hun.\u00a0<\/p>\n<p>&#8211; Kanskje for \u00e5 slippe \u00e5 bli tatt selv eller at man ikke har den type bakgrunn. Det som er vanskelig \u00e5 si sikkert er hvordan det har spredt seg og f\u00e5tt det omfanget vi ser i dag. Barna, men ogs\u00e5 jenter, g\u00e5r under radaren for vi forventer ikke at de skal utf\u00f8re s\u00e5 grove handlinger og det gj\u00f8r at de kan n\u00e6rme seg sine ofre uten at de mistenkes for noe.<\/p>\n<p>Hun peker p\u00e5 at den digitale utviklingen har g\u00e5tt fort, og at for barn er den digitale verden og den virkelige verden i ett.<\/p>\n<p>&#8211; Det blir en ny dimensjon. Der kommer det tilbud om \u00e5 tjene lette penger og plutselig er du i en veldig gal situasjon. De er mye mer utsatt og eksponert. Egentlig er jo barna ofre i dette, hvor vi som samfunn ikke har lykkes i \u00e5 beskytte dem fra \u00e5 bli utnyttet p\u00e5 denne m\u00e5ten, sier Salazar At\u00edas.<\/p>\n<p>    <a itemprop=\"url\" href=\"https:\/\/www.dagbladet.no\/studio\/72720-nyhetsstudio\/10729729-kripos-rapport-ungdom-utsatt-for-trusler-etter-voldsoppdrag-fra-kriminelle\" rel=\"nofollow noopener\" target=\"_blank\"><\/p>\n<p>        <img loading=\"lazy\" decoding=\"async\" src=\"https:\/\/www.europesays.com\/no\/wp-content\/uploads\/2025\/12\/84018707.webp.webp\" width=\"980\" height=\"441\" title=\"Kripos-rapport: Utsettes for trusler\" alt=\"\" class=\"lazyload\" style=\"--aspect-ratio-image: 2.22; \"\/><\/p>\n<p>        Kripos-rapport: Utsettes for trusler\u00a0<\/p>\n<p>    <\/a><\/p>\n<p>Hun forklarer at barna blir lokket eller lurt inn i noe de ikke helt har forst\u00e5tt, og de kriminelle spiller p\u00e5 stress og frykt. Det som kan virke harml\u00f8st, viser seg \u00e5 v\u00e6re noe helt annet og det oppleves \u00e5 v\u00e6re for seint eller for vanskelig \u00e5 komme seg ut av situasjonen.\u00a0<\/p>\n<p>&#8211; Det er trusler mot dem og familiene deres. De viser hvordan andre barn har blitt torturert og drept. Da er det vanskelig for dem \u00e5 se veien ut.\u00a0<\/p>\n<p>        <img loading=\"lazy\" decoding=\"async\" src=\"https:\/\/www.europesays.com\/no\/wp-content\/uploads\/2025\/12\/84018831.webp.webp\" width=\"980\" height=\"559\" title=\"FLERE EKSPLOSJONER: Kort tid etter eksplosjonen i Pilestredet i Oslo, skjedde en eksplosjon p\u00e5 Str\u00f8mmen. Politiet ser hendelsene i sammenheng. Foto: Stian Lysberg Solum \/ NTB\" alt=\"\" class=\"\" style=\"--aspect-ratio-image: 1.75; \"\/><\/p>\n<p>\n        FLERE EKSPLOSJONER: Kort tid etter eksplosjonen i Pilestredet i Oslo, skjedde en eksplosjon p\u00e5 Str\u00f8mmen. Politiet ser hendelsene i sammenheng. Foto: Stian Lysberg Solum \/ NTB\n    <\/p>\n<p>Mistenker m\u00f8rketall<\/p>\n<p>Hun gir et annet eksempel:\u00a0<\/p>\n<p>&#8211; De blir lurt ved at de for eksempel skal f\u00e5 betalt for \u00e5 flytte p\u00e5 noe. S\u00e5 blir dette borte og de anklages for \u00e5 ha tatt varene og at de skylder flere hundre tusen kroner. S\u00e5 blir andre oppdrag en m\u00e5te \u00e5 betale gjelden p\u00e5. Men egentlig er det gjengen selv som har tatt varene.\u00a0<\/p>\n<p>Hun tror det finnes m\u00f8rketall p\u00e5 hvor mange foreldre som har betalt ut penger for \u00e5 f\u00e5 slutt p\u00e5 slike trusler.<\/p>\n<p class=\"italic m-italic\" data-lab-italic=\"italic\">&#8211; Gj\u00f8r vi som samfunn nok for \u00e5 beskytte barna?\u00a0<\/p>\n<p>&#8211; Nei, vi gj\u00f8r ikke nok. Jeg synes vi ser det veldig svart-hvitt. Kriminaliteten som beg\u00e5s er alvorlig og jeg forst\u00e5r at man m\u00e5 ta hensyn til ofrene, men det er ogs\u00e5 viktig at vi har innsikt i hvordan barn blir lurt og utnyttet og at vi husker at de er barn.<\/p>\n<p> Salazar At\u00edas mener vi i st\u00f8rre grad m\u00e5 stille sp\u00f8rsm\u00e5l ved hvordan vi som samfunn beskytter barna v\u00e5re og hvilke krav vi stiller til leverand\u00f8rer av sosiale medier, all den tid vi vet hvordan algoritmene p\u00e5virker barna negativt.<\/p>\n<p>&#8211; I dag opplever jeg at vi skylder mye p\u00e5 barna og ikke tar ansvar for at vi ikke har lykkes med \u00e5 beskytte dem. Det synes jeg er problematisk. <\/p>\n<p>        MELDING: Oslo-politiet etterforsker \u00e5tte barn i forbindelse med\u00a0granateksplosjonen i Pilestredet og en skyting i Sarpsborg. Laget av Marte Nyl\u00f8kken Helseth og Angelica Hagen. <\/p>\n<p>&#8211; Skal ikke v\u00e6re n\u00f8dvendig  <\/p>\n<p>Den svenske regjeringen har foresl\u00e5tt \u00e5 senke den kriminelle lavalderen til 13 \u00e5r, og at flere soner straffen i fengsel framfor ungdomshjem.\u00a0<\/p>\n<p>&#8211; P\u00e5 den ene siden kan du si at det er en m\u00e5te \u00e5 beskytte dem p\u00e5, fordi de ikke er like lette \u00e5 n\u00e5 i fengsel. Men p\u00e5 den andre siden kan det virke mot sin hensikt.<\/p>\n<p>Hun forklarer at Danmark har senket den kriminelle lavalderen, uten at det har hatt \u00f8nsket effekt.\u00a0<\/p>\n<p>&#8211; Det skal ikke v\u00e6re n\u00f8dvendig \u00e5 gj\u00f8re samme feil, sier hun.\u00a0<\/p>\n<p>Dagbladet har tidligere snakket med svensk politi og den tidligere topp-politikeren Ali Esbati, som trekker fram forebygging som noe av det viktigste <a href=\"https:\/\/www.dagbladet.no\/nyheter\/reagerer-utrolig-misvisende\/83801961\" rel=\"nofollow noopener\" target=\"_blank\">for \u00e5 stoppe utviklingen<\/a>. Camila Salazar At\u00edas deler den oppfatningen.<\/p>\n<p>&#8211; Vi m\u00e5 tidlig jobbe med forebygging, det m\u00e5 f\u00e5 minst like mye plass som det repressive. Vi m\u00e5 tilby noe bedre enn det gjengene har \u00e5 tilby.<\/p>\n<p>Hun skulle \u00f8nske alle de svenske partiene ble enige om hvordan man skal bekjempe gjengkriminaliteten p\u00e5 best mulig m\u00e5te.\u00a0<\/p>\n<p>&#8211; Om gjengkriminalitet er et symptom p\u00e5 et samfunn som feiler og ikke fungerer, m\u00e5 vi se p\u00e5 hva vi m\u00e5 gj\u00f8re bedre som samfunn og ikke hvordan vi skal fortsette \u00e5 straffe de som feiler &#8211; uten \u00e5 korrigere feilen.\u00a0<\/p>\n<p>    <a itemprop=\"url\" href=\"https:\/\/www.dagbladet.no\/nyheter\/barn-rekrutteres-via-qr-koder\/83670524\" rel=\"nofollow noopener\" target=\"_blank\"><\/p>\n<p>        <img loading=\"lazy\" decoding=\"async\" src=\"https:\/\/www.europesays.com\/no\/wp-content\/uploads\/2025\/12\/83672866.webp.webp\" width=\"147\" height=\"95\" title=\"Barn rekrutteres via QR-koder\" alt=\"\" class=\"lazyload\" style=\"--aspect-ratio-image: 1.55; \"\/><\/p>\n<p>        Barn rekrutteres via QR-koder<\/p>\n<p>    <\/a><\/p>\n<p>&#8211; Et\u00a0\u00aboss\u00bb og\u00a0\u00abdem\u00bb<\/p>\n<p>Gjengeksperten tegner f\u00f8lgende bilde:<\/p>\n<p>&#8211; Det blir som \u00e5 sette en b\u00f8tte under en dryppende kran, uten \u00e5 reparere den. Akkurat n\u00e5 renner det over, men vi har hentet tre b\u00f8tter til ved \u00e5 tredoble fengselsplassene. Samtidig drypper det jo fortsatt.<\/p>\n<p>Vi ender med \u00e5 se p\u00e5 gjengene som problemet, framfor \u00e5 se det helhetlige problemet i samfunnet, mener hun.<\/p>\n<p>&#8211; Jeg tror vi kan bli litt blinde p\u00e5 det. Det blir et \u00aboss\u00bb og \u00abdem\u00bb. Gjengen mot samfunnet. I stedet for \u00e5 si at gjengen ogs\u00e5 er en del av samfunnet. Gjengen er v\u00e5re barn som har vokst opp i dette samfunnet. Det blir lett \u00e5 si\u00a0\u00abforsvinn, ikke v\u00e6r en del av oss\u00bb og ikke tenke p\u00e5 v\u00e5r egen rolle oppe i dette.<\/p>\n<p>        <img loading=\"lazy\" decoding=\"async\" src=\"https:\/\/www.europesays.com\/no\/wp-content\/uploads\/2025\/12\/84018718.webp.webp\" width=\"686\" height=\"1112\" title=\"GRANAT: Granater er ofte brukt i voldsoppdrag. Dette bildet er fra etterforskningen av en 18-\u00e5ring som for\u00e5rsaket en eksplosjon i Stockholm. Foto: Politiet\" alt=\"\" class=\"\" style=\"--aspect-ratio-image: 0.62; \"\/><\/p>\n<p>\n        GRANAT: Granater er ofte brukt i voldsoppdrag. Dette bildet er fra etterforskningen av en 18-\u00e5ring som for\u00e5rsaket en eksplosjon i Stockholm. Foto: Politiet\n    <\/p>\n<p>Ved Fryshuset i Stockholm hjelper de barn og unge voksne ut av gjengmilj\u00f8et.\u00a0<\/p>\n<p>&#8211; Mange har flere ulike og sammensatte problemer. De har behov for psykolog, trenger hjelp med sitt kriminelle tankem\u00f8nster, kanskje har de et rusproblem. Noen har problemer med relasjoner og familie. S\u00e5 det kan oppleves som veldig mye og uh\u00e5ndterbart. S\u00e5 vi pr\u00f8ver \u00e5 sortere ideer steg for steg og hjelpe med \u00e5 finne en vei ut.<\/p>\n<p>Hun beskriver det \u00e5 bygge et trygt sted med trygge voksne, hvor man f\u00e5r hjelp med alt fra \u00e5 finne bolig til \u00e5 ha noen \u00e5 snakke med.<\/p>\n<p>&#8211; Man ser at det fungerer for \u00e5 f\u00e5 folk ut av kriminalitet.<\/p>\n","protected":false},"excerpt":{"rendered":"&#8211; Gjengene rekrutterer eller utnytter barn p\u00e5 en m\u00e5te vi ikke har sett tidligere. Det er mer systematisk,&hellip;\n","protected":false},"author":2,"featured_media":125727,"comment_status":"","ping_status":"","sticky":false,"template":"","format":"standard","meta":{"footnotes":""},"categories":[5],"tags":[20,21,24,25,15,19,2539,22,23,17,18,13,30,28,29,14,16,26,27],"class_list":{"0":"post-125726","1":"post","2":"type-post","3":"status-publish","4":"format-standard","5":"has-post-thumbnail","7":"category-overskrifter","8":"tag-breaking-news","9":"tag-breakingnews","10":"tag-featured-news","11":"tag-featurednews","12":"tag-headlines","13":"tag-hovedoppslag","14":"tag-innenriks","15":"tag-latest-news","16":"tag-latestnews","17":"tag-main-news","18":"tag-mainnews","19":"tag-news","20":"tag-no","21":"tag-norge","22":"tag-norway","23":"tag-nyheter","24":"tag-overskrifter","25":"tag-top-stories","26":"tag-topstories"},"share_on_mastodon":{"url":"https:\/\/pubeurope.com\/@no\/115815627149451957","error":""},"_links":{"self":[{"href":"https:\/\/www.europesays.com\/no\/wp-json\/wp\/v2\/posts\/125726","targetHints":{"allow":["GET"]}}],"collection":[{"href":"https:\/\/www.europesays.com\/no\/wp-json\/wp\/v2\/posts"}],"about":[{"href":"https:\/\/www.europesays.com\/no\/wp-json\/wp\/v2\/types\/post"}],"author":[{"embeddable":true,"href":"https:\/\/www.europesays.com\/no\/wp-json\/wp\/v2\/users\/2"}],"replies":[{"embeddable":true,"href":"https:\/\/www.europesays.com\/no\/wp-json\/wp\/v2\/comments?post=125726"}],"version-history":[{"count":0,"href":"https:\/\/www.europesays.com\/no\/wp-json\/wp\/v2\/posts\/125726\/revisions"}],"wp:featuredmedia":[{"embeddable":true,"href":"https:\/\/www.europesays.com\/no\/wp-json\/wp\/v2\/media\/125727"}],"wp:attachment":[{"href":"https:\/\/www.europesays.com\/no\/wp-json\/wp\/v2\/media?parent=125726"}],"wp:term":[{"taxonomy":"category","embeddable":true,"href":"https:\/\/www.europesays.com\/no\/wp-json\/wp\/v2\/categories?post=125726"},{"taxonomy":"post_tag","embeddable":true,"href":"https:\/\/www.europesays.com\/no\/wp-json\/wp\/v2\/tags?post=125726"}],"curies":[{"name":"wp","href":"https:\/\/api.w.org\/{rel}","templated":true}]}}