{"id":125731,"date":"2025-12-31T18:42:15","date_gmt":"2025-12-31T18:42:15","guid":{"rendered":"https:\/\/www.europesays.com\/no\/125731\/"},"modified":"2025-12-31T18:42:15","modified_gmt":"2025-12-31T18:42:15","slug":"norge-bor-soke-eu-medlemskap-og-satse-pa-kunstig-intelligens","status":"publish","type":"post","link":"https:\/\/www.europesays.com\/no\/125731\/","title":{"rendered":"Norge b\u00f8r s\u00f8ke EU-medlemskap og satse p\u00e5 kunstig intelligens"},"content":{"rendered":"<p>    Kort fortalt<\/p>\n<p lang=\"nb-NO\">Isabelle Ringnes mener Norge b\u00f8r s\u00f8ke EU-medlemskap for \u00e5 sikre p\u00e5virkningskraft og trygghet.<\/p>\n<p lang=\"nb-NO\">Hun understreker viktigheten av \u00e5 satse p\u00e5 teknologi og kompetanse for \u00e5 styrke norsk n\u00e6ringsliv etter oljen.<\/p>\n<p lang=\"nb-NO\">Ringnes \u00f8nsker \u00e5 gj\u00f8re kunstig intelligens til et nasjonalt hovedprosjekt for \u00e5 effektivisere offentlig sektor.<\/p>\n<p lang=\"nb-NO\">Hun advarer mot geopolitisk uro og oppfordrer til internasjonalt samarbeid og regulering av teknologi.<\/p>\n<p class=\"italic ai-disclaimer\" data-lab-italic=\"italic\">Sammendraget er laget av ChatGPT og godkjent av B\u00f8rsen.<\/p>\n<p>      Vis mer<br \/>\n      Vis mindre<\/p>\n<p>&#8211; Jeg er nesten litt overtroisk her, for jeg har ikke lyst til \u00e5 manifestere noe jeg virkelig ikke \u00f8nsker. Men hvis jeg skal v\u00e6re \u00e6rlig, s\u00e5 g\u00e5r vi inn i 2026 med mye usikkerhet, sier Isabelle Ringnes til B\u00f8rsen.<\/p>\n<p>Vi har stilt henne noen sp\u00f8rsm\u00e5l p\u00e5 tampen av \u00e5ret, b\u00e5de \u00e5ret som ligger bak oss, og det \u00e5ret som ligger foran oss.\u00a0<\/p>\n<p>Ringnes er grunnlegger av TENK, et nettverk for kvinner i teknologi, og medgr\u00fcnder av Equality Check, en tjeneste for \u00e5 m\u00e5le bedrifters likestilling. Hun er ogs\u00e5 arving og datter til investor Christian Ringnes.<\/p>\n<p>    <a itemprop=\"url\" href=\"https:\/\/borsen.dagbladet.no\/nyheter\/roper-varsko-et-press\/83719723\" rel=\"nofollow noopener\" target=\"_blank\"><\/p>\n<p>        <img loading=\"lazy\" decoding=\"async\" src=\"https:\/\/www.europesays.com\/no\/wp-content\/uploads\/2025\/12\/83727154.webp.webp\" width=\"980\" height=\"441\" title=\"Roper varsko: - Et press\" alt=\"\" class=\"lazyload\" style=\"--aspect-ratio-image: 2.22; \"\/><\/p>\n<p>        Roper varsko: &#8211; Et press<\/p>\n<p>    <\/a><\/p>\n<p>Vil s\u00f8ke om EU-medlemskap\t<\/p>\n<p>N\u00e5r B\u00f8rsen sp\u00f8r teknologigr\u00fcnderen om hva hun h\u00e5per vi snakker mindre eller mer om i 2026, peker hun raskt ut over landegrensene.<\/p>\n<p>Ringnes mener vi i Norge \u00abaltfor lenge har hatt mulighet til \u00e5 betrakte internasjonal politikk p\u00e5 trygg avstand\u00bb.<\/p>\n<p>&#8211; Det \u00e5ret som har g\u00e5tt, har vist at den tiden er over. Krig, stormaktsrivalisering, energisikkerhet og teknologisk makt ang\u00e5r oss direkte, sier Ringnes.<\/p>\n<p>I forlengelsen av det etterlyser hun en mer \u00e6rlig samtale om Norges plass i Europa.<\/p>\n<p class=\"font-weight-bold m-font-weight-bold\" data-lab-font_weight=\"font-weight-bold\">&#8211; Jeg mener det er p\u00e5 h\u00f8y tid at Norge s\u00f8ker om EU-medlemskap. Skal vi v\u00e6re trygge og ha reell p\u00e5virkningskraft i \u00e5ra som kommer, holder det ikke \u00e5 st\u00e5 p\u00e5 gangen og h\u00e5pe p\u00e5 det beste, sl\u00e5r Ringnes fast.<\/p>\n<p>Hun \u00f8nsker seg ogs\u00e5 en mer konkret samtale om hva Norge skal leve av etter olja, en samtale som g\u00e5r lenger enn \u00abomstilling er viktig\u00bb.<\/p>\n<p>&#8211; Det betyr \u00e5 styrke norsk n\u00e6ringsliv fra et politisk st\u00e5sted, satse strategisk p\u00e5 teknologi og kompetanse og verdiskapning, og s\u00f8rge for at vi ikke blir forbrukere av andres innovasjon, sier Ringnes.<\/p>\n<p>    <a itemprop=\"url\" href=\"https:\/\/borsen.dagbladet.no\/nyheter\/da-far-norge-plass-ved-bordet\/83877613\" rel=\"nofollow noopener\" target=\"_blank\"><\/p>\n<p>        <img loading=\"lazy\" decoding=\"async\" src=\"https:\/\/www.europesays.com\/no\/wp-content\/uploads\/2025\/12\/83883957.webp.webp\" width=\"980\" height=\"441\" title=\"- Da f\u00e5r Norge plass ved bordet\" alt=\"\" class=\"lazyload\" style=\"--aspect-ratio-image: 2.22; \"\/><\/p>\n<p>        &#8211; Da f\u00e5r Norge plass ved bordet<\/p>\n<p>    <\/a><\/p>\n<p>&#8211; Nesten komisk\t<\/p>\n<p>Teknologigr\u00fcnderen er ikke overraskende opptatt av den rivende utviklingen innen kunstig intelligens (KI), som hun mener m\u00e5 brukes og implementeres riktig.<\/p>\n<p>Ringnes mener dette er spesielt viktig i offentlig sektor, der \u00abbehovet for effektivisering er stort\u00bb.<\/p>\n<p class=\"font-weight-bold m-font-weight-bold\" data-lab-font_weight=\"font-weight-bold\">&#8211; Her handler det ikke om \u00e5 erstatte mennesker, men om \u00e5 frigj\u00f8re tid, ressurser og kapasitet til det som faktisk krever menneskelig skj\u00f8nn, sier Ringnes.<\/p>\n<p>For KI-utviklingen g\u00e5r i et rasende tempo. Ringnes viser til at vi n\u00e5 har f\u00e5tt verkt\u00f8y som kan generere realistiske videoer basert p\u00e5 tekst, og KI-modeller som kan kode med en kvalitet som \u00abn\u00e6rmer seg eller overg\u00e5r mennesker\u00bb.<\/p>\n<p>&#8211; Det mest sl\u00e5ende er ikke bare at dette skjer, det er tempoet. Jeg husker hvor fantastisk det var \u00e5 pr\u00f8ve ChatGPT i november 2022. Men sett i dag er det nesten komisk \u00e5 tenke p\u00e5 hvor begrenset og d\u00e5rlig den versjonen var sammenliknet med det vi har n\u00e5, sier Ringnes.<\/p>\n<p>Da er det kanskje ikke s\u00e5 rart at Ringnes, n\u00e5r hun blir spurt om hva slags reform hun kunne innf\u00f8re om hun hadde makten til det, svarer:<\/p>\n<p>&#8211; Jeg ville gjort kunstig intelligens til et nasjonalt hovedprosjekt.<\/p>\n<p>    <a itemprop=\"url\" href=\"https:\/\/borsen.dagbladet.no\/nyheter\/toppledere-ki-gir-faerre-folk-jobb\/81778638\" rel=\"nofollow noopener\" target=\"_blank\"><\/p>\n<p>        <img loading=\"lazy\" decoding=\"async\" src=\"https:\/\/www.europesays.com\/no\/wp-content\/uploads\/2025\/12\/81788528.webp.webp\" width=\"980\" height=\"441\" title=\"Toppledere: KI gir f\u00e6rre folk jobb\" alt=\"\" class=\"lazyload\" style=\"--aspect-ratio-image: 2.22; \"\/><\/p>\n<p>        Toppledere: KI gir f\u00e6rre folk jobb<\/p>\n<p>    <\/a><\/p>\n<p>&#8211; Det menneskelige blir viktig\t<\/p>\n<p>Sammen med tenketanken Langsikt var hun i h\u00f8st med p\u00e5 \u00e5 utforme \u00abDe ti KI-budene\u00bb, fordi de mener at norske politikere trenger prinsipper som gir retning n\u00e5r teknologien utvikles i et voldsomt tempo.<\/p>\n<p>Dette st\u00e5r if\u00f8lge Ringnes i kontrast til oss mennesker, som fortsatt jobber i utvalg og h\u00f8ringer, i lange prosesser.<\/p>\n<p class=\"font-weight-bold m-font-weight-bold\" data-lab-font_weight=\"font-weight-bold\">&#8211; Dette g\u00e5r rett og slett ikke opp. Dette er ikke noe vi kan parkere langt fram p\u00e5 agendaen. Det skjer n\u00e5, sier Ringnes.<\/p>\n<p>Hun mener vi m\u00e5 g\u00e5 fra utredning til implementering, og ha et m\u00e5l om en nasjonal kompetanseheving, slik at alle f\u00e5r bli med p\u00e5 laget. Ringnes mener vi risikerer \u00e5 skape et stort skille mellom dem som kan og dem som ikke kan bruke KI.<\/p>\n<p>&#8211; Samtidig m\u00e5 vi holde fast ved det menneskelige. Jeg har tidligere skrevet om at framtidens viktigste egenskap nettopp er \u00e5 v\u00e6re menneske. D\u00f8mmekraft, kritisk tenkning, empati, ansvar og etikk blir bare viktigere i m\u00f8te med stadig bedre maskiner, sier Ringnes.<\/p>\n<p>&#8211; Det handler ikke bare om \u00e5 v\u00e6re effektiv. Det handler om \u00e5 gripe muligheten til \u00e5 forme teknologien f\u00f8r vi lar teknologien forme oss.<\/p>\n<p>    <a itemprop=\"url\" href=\"https:\/\/borsen.dagbladet.no\/nyheter\/langer-ut-manglende-forstaelse\/83336731\" rel=\"nofollow noopener\" target=\"_blank\"><\/p>\n<p>        <img loading=\"lazy\" decoding=\"async\" src=\"https:\/\/www.europesays.com\/no\/wp-content\/uploads\/2025\/12\/83336753.webp.webp\" width=\"980\" height=\"441\" title=\"Langer ut: - Manglende forst\u00e5else\" alt=\"\" class=\"lazyload\" style=\"--aspect-ratio-image: 2.22; \"\/><\/p>\n<p>        Langer ut: &#8211; Manglende forst\u00e5else<\/p>\n<p>    <\/a><\/p>\n<p>&#8211; Lett \u00e5 male dystopisk bilde\t<\/p>\n<p>Og n\u00e5r vi kikker inn i framtida er det alts\u00e5 usikkerhet som preger ogs\u00e5 den, if\u00f8lge Ringnes.<\/p>\n<p>&#8211; Jeg er redd for mer geopolitisk uro, og for at krigene blir verre og flere. Vi har en sv\u00e6rt uforutsigbar president i USA, \u00f8kende polarisering globalt, og en verden som f\u00f8les mer fragmentert enn p\u00e5 lenge, sier Ringnes.<\/p>\n<p>Ogs\u00e5 her trekker hun fram teknologien, som hun mener utvikler seg i et tempo som er krevende for demokratier og institusjoner \u00e5 h\u00e5ndtere.<\/p>\n<p>&#8211; Det er ikke tilfeldig at flere av lederne i de st\u00f8rste teknologiselskapene n\u00e5 selv etterlyser regulering. De ser hvor kraftig KI er i ferd med \u00e5 bli og hvilke reelle, potensielt fatale konsekvenser den kan f\u00e5 dersom den brukes feil eller uten klare rammer, sier Ringnes.<\/p>\n<p class=\"font-weight-bold m-font-weight-bold\" data-lab-font_weight=\"font-weight-bold\">Selv om det if\u00f8lge henne er \u00ablett \u00e5 male et dystopisk bilde av fremtiden\u00bb, er det ikke det framtidsbilde hun vil bli st\u00e5ende ved.<\/p>\n<p>&#8211; Jeg h\u00e5per flere land og ledere forst\u00e5r alvoret og begynner \u00e5 samarbeide mer, ikke mindre. At vi f\u00e5r tydligere regulering, klokere bruk av teknologi og et sterkere fokus p\u00e5 det menneskelige og menneskets rolle i en stadig mer maskinell verden, sier Ringnes.<\/p>\n","protected":false},"excerpt":{"rendered":"Kort fortalt Isabelle Ringnes mener Norge b\u00f8r s\u00f8ke EU-medlemskap for \u00e5 sikre p\u00e5virkningskraft og trygghet. Hun understreker viktigheten&hellip;\n","protected":false},"author":2,"featured_media":125732,"comment_status":"","ping_status":"","sticky":false,"template":"","format":"standard","meta":{"footnotes":""},"categories":[5],"tags":[20,21,279,24,25,15,19,4904,467,22,23,17,18,13,30,28,29,14,16,26,27],"class_list":{"0":"post-125731","1":"post","2":"type-post","3":"status-publish","4":"format-standard","5":"has-post-thumbnail","7":"category-overskrifter","8":"tag-breaking-news","9":"tag-breakingnews","10":"tag-eu","11":"tag-featured-news","12":"tag-featurednews","13":"tag-headlines","14":"tag-hovedoppslag","15":"tag-isabelle-ringnes","16":"tag-kunstig-intelligens","17":"tag-latest-news","18":"tag-latestnews","19":"tag-main-news","20":"tag-mainnews","21":"tag-news","22":"tag-no","23":"tag-norge","24":"tag-norway","25":"tag-nyheter","26":"tag-overskrifter","27":"tag-top-stories","28":"tag-topstories"},"share_on_mastodon":{"url":"https:\/\/pubeurope.com\/@no\/115815654672566984","error":""},"_links":{"self":[{"href":"https:\/\/www.europesays.com\/no\/wp-json\/wp\/v2\/posts\/125731","targetHints":{"allow":["GET"]}}],"collection":[{"href":"https:\/\/www.europesays.com\/no\/wp-json\/wp\/v2\/posts"}],"about":[{"href":"https:\/\/www.europesays.com\/no\/wp-json\/wp\/v2\/types\/post"}],"author":[{"embeddable":true,"href":"https:\/\/www.europesays.com\/no\/wp-json\/wp\/v2\/users\/2"}],"replies":[{"embeddable":true,"href":"https:\/\/www.europesays.com\/no\/wp-json\/wp\/v2\/comments?post=125731"}],"version-history":[{"count":0,"href":"https:\/\/www.europesays.com\/no\/wp-json\/wp\/v2\/posts\/125731\/revisions"}],"wp:featuredmedia":[{"embeddable":true,"href":"https:\/\/www.europesays.com\/no\/wp-json\/wp\/v2\/media\/125732"}],"wp:attachment":[{"href":"https:\/\/www.europesays.com\/no\/wp-json\/wp\/v2\/media?parent=125731"}],"wp:term":[{"taxonomy":"category","embeddable":true,"href":"https:\/\/www.europesays.com\/no\/wp-json\/wp\/v2\/categories?post=125731"},{"taxonomy":"post_tag","embeddable":true,"href":"https:\/\/www.europesays.com\/no\/wp-json\/wp\/v2\/tags?post=125731"}],"curies":[{"name":"wp","href":"https:\/\/api.w.org\/{rel}","templated":true}]}}