{"id":125759,"date":"2025-12-31T19:22:07","date_gmt":"2025-12-31T19:22:07","guid":{"rendered":"https:\/\/www.europesays.com\/no\/125759\/"},"modified":"2025-12-31T19:22:07","modified_gmt":"2025-12-31T19:22:07","slug":"stavanger-selskap-hjelper-astronauter-til-manen-bygdebladet","status":"publish","type":"post","link":"https:\/\/www.europesays.com\/no\/125759\/","title":{"rendered":"Stavanger-selskap hjelper astronauter til m\u00e5nen &#8211; Bygdebladet"},"content":{"rendered":"<ol>\n<li><a href=\"https:\/\/news.google.com\/rss\/articles\/CBMikwFBVV95cUxNcXZZSGV6NlFPZXlWUUI1MksxdERZXzFway00ZE1MNEpmZ090R0NoX0hZcUsxaGU5X3RGWFI2d2NLcnQ0Nks4QzRfcnJ1eEt0RkhBcm9wWXZqNVdEUzljeXhubk1hc1V1SjhhcDVnRVRVTGotdTB1bHV6d2VMZTRMWXlGM3hTdTQxUThCbEM4YWdpS3M?oc=5\" target=\"_blank\" rel=\"nofollow noopener\">Stavanger-selskap hjelper astronauter til m\u00e5nen<\/a>&nbsp;&nbsp;Bygdebladet<\/li>\n<li><a href=\"https:\/\/news.google.com\/rss\/articles\/CBMizgFBVV95cUxQc3BiN3NwaHVLNDlsZnY1OERLV2c2WFVIRmNPakpKcEVGcFQwZVBmTkRGUzNKOUc3eGZCSzBVcWdTMkg3cko4eko3b2dENVhDNDE4ZkdXaFJ4Yk1nQzNFYnlhY0RSdmtXeFNLMFZYM0xsZEM4aDFqSGtJN2VPaVhDU01XcTlZdHNyN3hCaUlEaG9mbkNaVnhMSmhkUDF4YmF1MmdiTWhfWW1vVW1nXzZ3YzNUSFgtbnNoTGVvVXcxdUY4bFNLOEJ0ZGZuQm5DQQ?oc=5\" target=\"_blank\" rel=\"nofollow noopener\">Fra Ullandhaug til verdensrommet: Stavanger-selskap hjelper astronauter til m\u00e5nen<\/a>&nbsp;&nbsp;RA Stavanger<\/li>\n<li><a href=\"https:\/\/news.google.com\/rss\/articles\/CBMizAFBVV95cUxQelNjcHlYdXBYWGZ3Q1FpZ1BZRVpJVlowcFROVzZwODNrTmJ5UFNEaVA4R0RNR1NyWmdPN2FYWWlhYmtjVEJEa3JlN0ZwWERYeWV3b3dIeHBOeXhOckUyY3FFVWkxdHRwU2tqMlJESFZUMktvX0p0X3FtTndDZkZuV1Y0dnUzQ1l5RWZqN29QZWlJbFNhSnVHWnE3OFhrYUpGZVFSMFRjeUt3VktOOUF2Mk5MV3B4OXlJVGV4ZjhxTHJURG9tSFQ4Nzcwel_SAdABQVVfeXFMT1BYUW9NVkVQTzV1T0Rsd3hFLTRpYUZ1Z05PRXRjTmZwc09XcV9UZGJ3Q2g3M2JaV1JHTVNxQzRYeS1oVV9WQmFFcXRoVEtVMUh5WEF4V2NOaERuWEluYmtSdUk3X2NTSFZhSXdqb2F5SXFxTkN3TUZOX0lJX0xYUkc5enM5eHZORDhKRlBXU3c5cHhJaW1ZNkNwVDVyYjdqNVNoNGhFcVppSUtHV0hZaDBRNFZrQmc5TVJLaWlSVVlfSHd2ZFltcXgxQ2E1TEtOWg?oc=5\" target=\"_blank\" rel=\"nofollow noopener\">Artemis 2-astronauter fullf\u00f8rer en viktig oppskytingspr\u00f8ve ved NASAs Kennedy Space Center<\/a>&nbsp;&nbsp;Mix Vale<\/li>\n<li><a href=\"https:\/\/news.google.com\/rss\/articles\/CBMitwFBVV95cUxNV3ZSWEdDT0pDWm43WGJpazVYeXdHbTdfSlRJOTQwUF9xbnRoUFlucmIzQ0ZYaUp0Zjk2bWJ1UTZYY2FiN0gySHRnZVRzcnppbVdKcUY4NU9zNFVQWXRzeHlxbkh3bXJ1TjVfUUZ2MmRHa1k4OWhBNXFUN19JRHJQalNhdG54ZHItTXZ4ZC0wa0JwcjRnZF9tRENDQnRLYXk5VU83TDhqcVNnY25LZ3paMUlsVFR4SzTSAbcBQVVfeXFMTVd2UlhHQ09KQ1puN1hiaWs1WHl3R203X0pUSTk0MFBfcW50aFBZbnJiM0NGWGlKdGY5Nm1idVE2WGNhYjdIMkh0Z2VUc3J6aW1XSnFGODVPczRVUFl0c3h5cW5Id21ydU41X1FGdjJkR2tZODloQTVxVDdfSURyUGpTYXRueGRyLU12eGQtMGtCcHI0Z2RfbURDQ0J0S2F5OVVPN0w4anFTZ2NuS2d6WjFJbFRUeEs0?oc=5\" target=\"_blank\" rel=\"nofollow noopener\">Artemis 2-mannskapet simulerer lanseringsdagen p\u00e5 Kennedy Space Center<\/a>&nbsp;&nbsp;Mix Vale<\/li>\n<\/ol>\n","protected":false},"excerpt":{"rendered":"Stavanger-selskap hjelper astronauter til m\u00e5nen&nbsp;&nbsp;Bygdebladet Fra Ullandhaug til verdensrommet: Stavanger-selskap hjelper astronauter til m\u00e5nen&nbsp;&nbsp;RA Stavanger Artemis 2-astronauter fullf\u00f8rer&hellip;\n","protected":false},"author":2,"featured_media":125760,"comment_status":"","ping_status":"","sticky":false,"template":"","format":"standard","meta":{"footnotes":""},"categories":[57],"tags":[30,28,29,65,63,64,66,70,69,67,68],"class_list":{"0":"post-125759","1":"post","2":"type-post","3":"status-publish","4":"format-standard","5":"has-post-thumbnail","7":"category-vitenskap-og-teknologi","8":"tag-no","9":"tag-norge","10":"tag-norway","11":"tag-science","12":"tag-science-and-technology","13":"tag-scienceandtechnology","14":"tag-technology","15":"tag-teknologi","16":"tag-vitenskap","17":"tag-vitenskap-og-teknologi","18":"tag-vitenskapteknologi"},"share_on_mastodon":{"url":"https:\/\/pubeurope.com\/@no\/115815811795768554","error":""},"_links":{"self":[{"href":"https:\/\/www.europesays.com\/no\/wp-json\/wp\/v2\/posts\/125759","targetHints":{"allow":["GET"]}}],"collection":[{"href":"https:\/\/www.europesays.com\/no\/wp-json\/wp\/v2\/posts"}],"about":[{"href":"https:\/\/www.europesays.com\/no\/wp-json\/wp\/v2\/types\/post"}],"author":[{"embeddable":true,"href":"https:\/\/www.europesays.com\/no\/wp-json\/wp\/v2\/users\/2"}],"replies":[{"embeddable":true,"href":"https:\/\/www.europesays.com\/no\/wp-json\/wp\/v2\/comments?post=125759"}],"version-history":[{"count":0,"href":"https:\/\/www.europesays.com\/no\/wp-json\/wp\/v2\/posts\/125759\/revisions"}],"wp:featuredmedia":[{"embeddable":true,"href":"https:\/\/www.europesays.com\/no\/wp-json\/wp\/v2\/media\/125760"}],"wp:attachment":[{"href":"https:\/\/www.europesays.com\/no\/wp-json\/wp\/v2\/media?parent=125759"}],"wp:term":[{"taxonomy":"category","embeddable":true,"href":"https:\/\/www.europesays.com\/no\/wp-json\/wp\/v2\/categories?post=125759"},{"taxonomy":"post_tag","embeddable":true,"href":"https:\/\/www.europesays.com\/no\/wp-json\/wp\/v2\/tags?post=125759"}],"curies":[{"name":"wp","href":"https:\/\/api.w.org\/{rel}","templated":true}]}}