{"id":125763,"date":"2025-12-31T19:27:14","date_gmt":"2025-12-31T19:27:14","guid":{"rendered":"https:\/\/www.europesays.com\/no\/125763\/"},"modified":"2025-12-31T19:27:14","modified_gmt":"2025-12-31T19:27:14","slug":"millionunderskudd-for-nora-morks-klubb-team-esbjerg-skylder-pa-mange-graviditeter","status":"publish","type":"post","link":"https:\/\/www.europesays.com\/no\/125763\/","title":{"rendered":"Millionunderskudd for Nora M\u00f8rks klubb Team Esbjerg \u2013 skylder p\u00e5 mange graviditeter"},"content":{"rendered":"\n<p class=\"_lead_o9xde_2 _lead_xtcu6_50 layout-component text-serif-m layout-normal text-serif-l layout-component layout-wide layout-padded _wide_17hqh_1 layout-padded\">H\u00e5ndballstorheten Esbjerg gikk mer enn fem millioner kroner i underskudd i regnskaps\u00e5ret 2024\/25. Graviditetene til Nora M\u00f8rk og flere andre stjerner pekes p\u00e5 som sterkt medvirkende.<\/p>\n<p><img alt=\"Nora M\u00f8rk var gravid forrige sesong.  Foto: Beate Oma Dahle \/ NTB\" class=\"_image_qp4xg_65 layout-component layout-wide\" data-fullscreen- data-track-element-type=\"Article image fullscreen\" data-track-name=\"ImageFullscreen\" fetchpriority=\"high\" decoding=\"sync\" loading=\"eager\" height=\"2648\" itemprop=\"image\"  src=\"https:\/\/www.europesays.com\/no\/wp-content\/uploads\/2025\/12\/ce2c220d-463d-4a62-ad5a-3c2d1c49801f.png\"  style=\"object-position:0% 0%\" width=\"3973\"\/>Nora M\u00f8rk var gravid forrige sesong.  Foto: Beate Oma Dahle \/ NTB<\/p>\n<ul aria-hidden=\"true\" class=\"_images_ntbth_112\">\n<li><a class=\"_link_ntbth_117\" href=\"https:\/\/www.vg.no\/forfatter\/ntb\" style=\"z-index:1\" title=\"NTB\" rel=\"nofollow noopener\" target=\"_blank\"><img alt=\"Bilde av NTB\" class=\"_image_ntbth_93\" fetchpriority=\"low\" loading=\"lazy\" decoding=\"async\" itemprop=\"image\"  src=\"https:\/\/www.europesays.com\/no\/wp-content\/uploads\/2025\/12\/1767209234_129_c33980b0-5d07-4027-84a1-813f90a7c8d6.png\"  width=\"480\"\/><\/a><\/li>\n<\/ul>\n<p> Oppdatert onsdag 31. desember kl. 19:19     <\/p>\n<p class=\"_paragraph_o9xde_4 _paragraph_xtcu6_10 layout-component text-serif-m layout-normal text-serif-m layout-padded\"><a href=\"https:\/\/www.vg.no\/tag\/esbjerg?utm_source=vg-article&amp;utm_medium=auto-tagger&amp;utm_campaign=n1ar5m\" class=\"_link_o9xde_39\" rel=\"nofollow noopener\" target=\"_blank\">Esbjerg<\/a>, som ogs\u00e5 har Henny Reistad og flere andre norske stjerner i sine rekker, opplyser om regnskapstallene p\u00e5 egne nettsider. <\/p>\n<p class=\"_paragraph_o9xde_4 _paragraph_xtcu6_10 layout-component text-serif-m layout-normal text-serif-m layout-padded\">Der heter det at fire graviditeter og en korsb\u00e5ndskade bidro til et underskudd p\u00e5 3,25 millioner danske kroner i 2024\/25. Oppdateringen har f\u00e5tt overskriften \u00abLykkelige omstendigheter ga veer p\u00e5 bunnlinjen\u00bb.<\/p>\n<p class=\"_paragraph_o9xde_4 _paragraph_xtcu6_10 layout-component text-serif-m layout-normal text-serif-m layout-padded\">\u00c5ret f\u00f8r var Esbjergs underskudd atskillig mindre: Litt over en halv million danske kroner.<\/p>\n<p class=\"_paragraph_o9xde_4 _paragraph_xtcu6_10 layout-component text-serif-m layout-normal text-serif-m layout-padded\">Det betydelig st\u00f8rre underskuddet forrige sesong skyldes at klubben i fire tilfeller m\u00e5tte bruke ekstra l\u00f8nnsmidler for \u00e5 finne en erstatter for en gravid spiller.<\/p>\n<p class=\"_paragraph_o9xde_4 _paragraph_xtcu6_10 layout-component text-serif-m layout-normal text-serif-m layout-padded\">\u2013 Det lavere resultatet skyldes delvis \u00f8kende utgifter i form av pris\u00f8kninger p\u00e5 de fleste produktgrupper og ytelser, delvis at fire av Team Esbjergs spillere ikke var i stand til \u00e5 spille p\u00e5 grunn av graviditeter, og en femte spiller ble rammet av en korsb\u00e5ndskade. Frav\u00e6ret av fem spillere medf\u00f8rte at klubben m\u00e5tte supplere troppen med fem nye spillere tidlig i 2025, skriver klubben.<\/p>\n<p class=\"_paragraph_o9xde_4 _paragraph_xtcu6_10 layout-component text-serif-m layout-normal text-serif-m layout-padded\">Nora M\u00f8rk var blant spillerne som ikke var tilgjengelig. Hun ble mamma for f\u00f8rste gang i mai.<\/p>\n<p class=\"_paragraph_o9xde_4 _paragraph_xtcu6_10 layout-component text-serif-m layout-normal text-serif-m layout-padded\">Personalkostnadene til Esbjerg \u00f8kte fra 16,8 millioner danske kroner til 19 millioner.<\/p>\n<p class=\"_paragraph_o9xde_4 _paragraph_xtcu6_10 layout-component text-serif-m layout-normal text-serif-m layout-padded\">Styreleder Bjarne Pedersen sier at klubben har \u00f8kt prisene p\u00e5 en rekke sponsorprodukter for \u00e5 sikre h\u00f8yere inntekter i fremtiden.<\/p>\n<p class=\"_paragraph_o9xde_4 _paragraph_xtcu6_10 layout-component text-serif-m layout-normal text-serif-m layout-padded\">I tillegg har klubbens aksjon\u00e6rer bidratt med tre millioner kroner til selskapet.<\/p>\n<p class=\"_paragraph_o9xde_4 _paragraph_xtcu6_10 layout-component text-serif-m layout-normal text-serif-m layout-padded\">I 2024\/25-sesongen, som regnskapsperioden dekker, kom Esbjerg p\u00e5 andreplass i den danske ligaen, men vant cupen. Klubben endte p\u00e5 tredjeplass i Champions League.<\/p>\n","protected":false},"excerpt":{"rendered":"H\u00e5ndballstorheten Esbjerg gikk mer enn fem millioner kroner i underskudd i regnskaps\u00e5ret 2024\/25. Graviditetene til Nora M\u00f8rk og&hellip;\n","protected":false},"author":2,"featured_media":125764,"comment_status":"","ping_status":"","sticky":false,"template":"","format":"standard","meta":{"footnotes":""},"categories":[59],"tags":[14802,105,8985,30,1529,28,29,83,82],"class_list":{"0":"post-125763","1":"post","2":"type-post","3":"status-publish","4":"format-standard","5":"has-post-thumbnail","7":"category-sport","8":"tag-esbjerg","9":"tag-handball","10":"tag-henny-reistad","11":"tag-no","12":"tag-nora-mork","13":"tag-norge","14":"tag-norway","15":"tag-sport","16":"tag-sports"},"share_on_mastodon":{"url":"https:\/\/pubeurope.com\/@no\/115815831503627834","error":""},"_links":{"self":[{"href":"https:\/\/www.europesays.com\/no\/wp-json\/wp\/v2\/posts\/125763","targetHints":{"allow":["GET"]}}],"collection":[{"href":"https:\/\/www.europesays.com\/no\/wp-json\/wp\/v2\/posts"}],"about":[{"href":"https:\/\/www.europesays.com\/no\/wp-json\/wp\/v2\/types\/post"}],"author":[{"embeddable":true,"href":"https:\/\/www.europesays.com\/no\/wp-json\/wp\/v2\/users\/2"}],"replies":[{"embeddable":true,"href":"https:\/\/www.europesays.com\/no\/wp-json\/wp\/v2\/comments?post=125763"}],"version-history":[{"count":0,"href":"https:\/\/www.europesays.com\/no\/wp-json\/wp\/v2\/posts\/125763\/revisions"}],"wp:featuredmedia":[{"embeddable":true,"href":"https:\/\/www.europesays.com\/no\/wp-json\/wp\/v2\/media\/125764"}],"wp:attachment":[{"href":"https:\/\/www.europesays.com\/no\/wp-json\/wp\/v2\/media?parent=125763"}],"wp:term":[{"taxonomy":"category","embeddable":true,"href":"https:\/\/www.europesays.com\/no\/wp-json\/wp\/v2\/categories?post=125763"},{"taxonomy":"post_tag","embeddable":true,"href":"https:\/\/www.europesays.com\/no\/wp-json\/wp\/v2\/tags?post=125763"}],"curies":[{"name":"wp","href":"https:\/\/api.w.org\/{rel}","templated":true}]}}