{"id":125767,"date":"2025-12-31T19:32:19","date_gmt":"2025-12-31T19:32:19","guid":{"rendered":"https:\/\/www.europesays.com\/no\/125767\/"},"modified":"2025-12-31T19:32:19","modified_gmt":"2025-12-31T19:32:19","slug":"mann-pagrepet-etter-mobiltyveri-pa-jessheim-stasjon-politiet-brukte-elektrosjokkvapen","status":"publish","type":"post","link":"https:\/\/www.europesays.com\/no\/125767\/","title":{"rendered":"Mann p\u00e5grepet etter mobiltyveri p\u00e5 Jessheim stasjon \u2013 politiet brukte elektrosjokkv\u00e5pen"},"content":{"rendered":"\n<p class=\"_lead_o9xde_2 _lead_xtcu6_50 layout-component text-serif-m layout-normal text-serif-l layout-component layout-wide layout-padded _wide_17hqh_1 layout-padded\">En mann i 40-\u00e5rene ble natt til tirsdag p\u00e5grepet etter et mobiltyveri p\u00e5 Jessheim stasjon. Politiet m\u00e5tte bruke elektrosjokkv\u00e5pen for \u00e5 f\u00e5 kontroll p\u00e5 mannen.<\/p>\n<ul aria-hidden=\"true\" class=\"_images_ntbth_112\">\n<li><a class=\"_link_ntbth_117\" href=\"https:\/\/www.vg.no\/forfatter\/ntb\" style=\"z-index:1\" title=\"NTB\" rel=\"nofollow noopener\" target=\"_blank\"><img alt=\"Bilde av NTB\" class=\"_image_ntbth_93\" fetchpriority=\"low\" loading=\"lazy\" decoding=\"async\" itemprop=\"image\"  src=\"https:\/\/www.europesays.com\/no\/wp-content\/uploads\/2025\/12\/1767209539_927_c33980b0-5d07-4027-84a1-813f90a7c8d6.png\"  width=\"480\"\/><\/a><\/li>\n<\/ul>\n<p> Oppdatert onsdag 31. desember kl. 03:44     <\/p>\n<p class=\"_paragraph_o9xde_4 _paragraph_xtcu6_10 layout-component text-serif-m layout-normal text-serif-m layout-padded\">\u2013 Patruljen kom i kontakt med en person som opplyste \u00e5 ha blitt frastj\u00e5let mobiltelefonen sin. Gjerningsperson var ogs\u00e5 p\u00e5 stedet, og oppf\u00f8rte seg truende mot patruljen. Det ble benyttet elektrosjokkv\u00e5pen for \u00e5 f\u00e5 kontroll p\u00e5 personen. Personen innbrakt til arrest, sier operasjonsleder Atle Vesttorp i \u00d8st politidistrikt.<\/p>\n<p class=\"_paragraph_o9xde_4 _paragraph_xtcu6_10 layout-component text-serif-m layout-normal text-serif-m layout-padded\">If\u00f8lge politiet er den mistenke en mann i 40-\u00e5rene fra Lillestr\u00f8m. Den forn\u00e6rmede er en lokal mann i 30-\u00e5rene.<\/p>\n<p class=\"_paragraph_o9xde_4 _paragraph_xtcu6_10 layout-component text-serif-m layout-normal text-serif-m layout-padded\">Politiet opplyser at mannen i 40-\u00e5rene er anmeldt for flere forhold.<\/p>\n<p class=\"_paragraph_o9xde_4 _paragraph_xtcu6_10 layout-component text-serif-m layout-normal text-serif-m layout-padded\">\u2013 Han anmeldes for vold mot politiet, hindring av politiet, tyveri og skadeverk. Vold mot politiet som f\u00f8lge av spytting mot patruljen, sier oppdragsleder Kjetil Elnan Ringseth.<\/p>\n<p class=\"_paragraph_o9xde_4 _paragraph_xtcu6_10 layout-component text-serif-m layout-normal text-serif-m layout-padded\">Mannen hadde narkotika p\u00e5 seg da han ble p\u00e5grepet.<\/p>\n<p class=\"_paragraph_o9xde_4 _paragraph_xtcu6_10 layout-component text-serif-m layout-normal text-serif-m layout-padded\">\u2013 Det ble funnet en mindre mengde narkotika p\u00e5 han ved innsettelse i arrest. Han anmeldes ogs\u00e5 for dette, opplyser Ringseth.<\/p>\n","protected":false},"excerpt":{"rendered":"En mann i 40-\u00e5rene ble natt til tirsdag p\u00e5grepet etter et mobiltyveri p\u00e5 Jessheim stasjon. Politiet m\u00e5tte bruke&hellip;\n","protected":false},"author":2,"featured_media":125768,"comment_status":"","ping_status":"","sticky":false,"template":"","format":"standard","meta":{"footnotes":""},"categories":[10],"tags":[20,21,24,25,15,1921,22,23,13,30,28,29,14,16,415,26,27],"class_list":{"0":"post-125767","1":"post","2":"type-post","3":"status-publish","4":"format-standard","5":"has-post-thumbnail","7":"category-norge","8":"tag-breaking-news","9":"tag-breakingnews","10":"tag-featured-news","11":"tag-featurednews","12":"tag-headlines","13":"tag-jessheim","14":"tag-latest-news","15":"tag-latestnews","16":"tag-news","17":"tag-no","18":"tag-norge","19":"tag-norway","20":"tag-nyheter","21":"tag-overskrifter","22":"tag-ost-politidistrikt","23":"tag-top-stories","24":"tag-topstories"},"share_on_mastodon":{"url":"https:\/\/pubeurope.com\/@no\/115815851129707764","error":""},"_links":{"self":[{"href":"https:\/\/www.europesays.com\/no\/wp-json\/wp\/v2\/posts\/125767","targetHints":{"allow":["GET"]}}],"collection":[{"href":"https:\/\/www.europesays.com\/no\/wp-json\/wp\/v2\/posts"}],"about":[{"href":"https:\/\/www.europesays.com\/no\/wp-json\/wp\/v2\/types\/post"}],"author":[{"embeddable":true,"href":"https:\/\/www.europesays.com\/no\/wp-json\/wp\/v2\/users\/2"}],"replies":[{"embeddable":true,"href":"https:\/\/www.europesays.com\/no\/wp-json\/wp\/v2\/comments?post=125767"}],"version-history":[{"count":0,"href":"https:\/\/www.europesays.com\/no\/wp-json\/wp\/v2\/posts\/125767\/revisions"}],"wp:featuredmedia":[{"embeddable":true,"href":"https:\/\/www.europesays.com\/no\/wp-json\/wp\/v2\/media\/125768"}],"wp:attachment":[{"href":"https:\/\/www.europesays.com\/no\/wp-json\/wp\/v2\/media?parent=125767"}],"wp:term":[{"taxonomy":"category","embeddable":true,"href":"https:\/\/www.europesays.com\/no\/wp-json\/wp\/v2\/categories?post=125767"},{"taxonomy":"post_tag","embeddable":true,"href":"https:\/\/www.europesays.com\/no\/wp-json\/wp\/v2\/tags?post=125767"}],"curies":[{"name":"wp","href":"https:\/\/api.w.org\/{rel}","templated":true}]}}