{"id":125793,"date":"2025-12-31T21:11:18","date_gmt":"2025-12-31T21:11:18","guid":{"rendered":"https:\/\/www.europesays.com\/no\/125793\/"},"modified":"2025-12-31T21:11:18","modified_gmt":"2025-12-31T21:11:18","slug":"sport-lop-tuv-myhre-satte-norsk-rekord-i-gatelop-nyttarsaften-slatt-av-gjert-ingebrigtsen-elev","status":"publish","type":"post","link":"https:\/\/www.europesays.com\/no\/125793\/","title":{"rendered":"Sport, L\u00f8p | Tuv Myhre satte norsk rekord i gatel\u00f8p nytt\u00e5rsaften \u2013 sl\u00e5tt av Gjert Ingebrigtsen-elev"},"content":{"rendered":"\n<p>Tjalve-l\u00f8peren l\u00f8p inn til tiden 13.13 da han ble nummer to i Cursa del Nassos-l\u00f8pet i den spanske storbyen nytt\u00e5rsaften.<\/p>\n<p>Runar-l\u00f8per Abdullahi Dahir Rabi hadde den gamle norske rekorden p\u00e5 distansen med 13.24. Den ble ettertrykkelig sl\u00e5tt i Spania.<\/p>\n<p>\u2013 Magnus var godt forn\u00f8yd. Han innr\u00f8mmet at han kanskje var litt defensiv n\u00e5r vinneren rykket. Det var litt trekk imot s\u00e5 han l\u00e5 i rygg p\u00e5 vinneren av EM terrengl\u00f8p, som kom p\u00e5 tredje plass til slutt. En kilometer f\u00f8r m\u00e5l rykket Magnus fra og var tre sekunder bak vinneren i m\u00e5l, skriver far Tore Myhre i en tekstmelding til Ringerikes Blad.<\/p>\n<p>\u2013 N\u00e5 rettes fokus mot 10 km i Valencia 11. januar.<\/p>\n<p>  <a href=\"https:\/\/www.ringblad.no\/5-45-2160383\" class=\"related-teaser has-image default-story-teaser article--c-eRUmMG article--c-eRUmMG-jKCPdD-design-default\" rel=\"nofollow noopener\" target=\"_blank\"><\/p>\n<p>    <img decoding=\"async\" loading=\"lazy\"  src=\"https:\/\/www.europesays.com\/no\/wp-content\/uploads\/2025\/12\/magnus+14.jpg\" alt=\"\" class=\"brick-c-cFOWSL\" style=\"\"\/><\/p>\n<p>\n            Les ogs\u00e5<\/p>\n<p>              Magnus (25) om kj\u00e6reste-innlegg p\u00e5 Instagram: \u2013 Ikke jeg som har skrevet det\n        <\/p>\n<p>  <\/a><\/p>\n<p>L\u00f8pet i Barcelona ble vunnet av portugisiske Jose Carlos Pinto etter et solol\u00f8p p\u00e5 13.10. Pinto har i lengre tid v\u00e6rt trent av Gjert Ingebrigtsen.<\/p>\n<p>En annen Gjert-elev, Per Svela, ble nummer sju med tiden 13.37. Trenerprofilen fra Sandnes har ogs\u00e5 det sportslige ansvaret for canadiske Kieran Lumb, som ble nummer fem med 13.36.<\/p>\n","protected":false},"excerpt":{"rendered":"Tjalve-l\u00f8peren l\u00f8p inn til tiden 13.13 da han ble nummer to i Cursa del Nassos-l\u00f8pet i den spanske&hellip;\n","protected":false},"author":2,"featured_media":125794,"comment_status":"","ping_status":"","sticky":false,"template":"","format":"standard","meta":{"footnotes":""},"categories":[59],"tags":[36,2041,13926,30,28,29,83,82,1510],"class_list":{"0":"post-125793","1":"post","2":"type-post","3":"status-publish","4":"format-standard","5":"has-post-thumbnail","7":"category-sport","8":"tag-art","9":"tag-lop","10":"tag-magnus-tuv-myhre","11":"tag-no","12":"tag-norge","13":"tag-norway","14":"tag-sport","15":"tag-sports","16":"tag-story"},"share_on_mastodon":{"url":"https:\/\/pubeurope.com\/@no\/115816240592777433","error":""},"_links":{"self":[{"href":"https:\/\/www.europesays.com\/no\/wp-json\/wp\/v2\/posts\/125793","targetHints":{"allow":["GET"]}}],"collection":[{"href":"https:\/\/www.europesays.com\/no\/wp-json\/wp\/v2\/posts"}],"about":[{"href":"https:\/\/www.europesays.com\/no\/wp-json\/wp\/v2\/types\/post"}],"author":[{"embeddable":true,"href":"https:\/\/www.europesays.com\/no\/wp-json\/wp\/v2\/users\/2"}],"replies":[{"embeddable":true,"href":"https:\/\/www.europesays.com\/no\/wp-json\/wp\/v2\/comments?post=125793"}],"version-history":[{"count":0,"href":"https:\/\/www.europesays.com\/no\/wp-json\/wp\/v2\/posts\/125793\/revisions"}],"wp:featuredmedia":[{"embeddable":true,"href":"https:\/\/www.europesays.com\/no\/wp-json\/wp\/v2\/media\/125794"}],"wp:attachment":[{"href":"https:\/\/www.europesays.com\/no\/wp-json\/wp\/v2\/media?parent=125793"}],"wp:term":[{"taxonomy":"category","embeddable":true,"href":"https:\/\/www.europesays.com\/no\/wp-json\/wp\/v2\/categories?post=125793"},{"taxonomy":"post_tag","embeddable":true,"href":"https:\/\/www.europesays.com\/no\/wp-json\/wp\/v2\/tags?post=125793"}],"curies":[{"name":"wp","href":"https:\/\/api.w.org\/{rel}","templated":true}]}}