{"id":125795,"date":"2025-12-31T21:12:13","date_gmt":"2025-12-31T21:12:13","guid":{"rendered":"https:\/\/www.europesays.com\/no\/125795\/"},"modified":"2025-12-31T21:12:13","modified_gmt":"2025-12-31T21:12:13","slug":"tom-hiddleston-og-zawe-ashton-onsker-sitt-andre-barn-velkommen","status":"publish","type":"post","link":"https:\/\/www.europesays.com\/no\/125795\/","title":{"rendered":"Tom Hiddleston og Zawe Ashton \u00f8nsker sitt andre barn velkommen"},"content":{"rendered":"<p class=\"kicker \" style=\"\">Babylykke:<\/p>\n<p>  Men verken kj\u00f8nn eller f\u00f8dselsdato er den nybakte tobarnsfaren villig til \u00e5 dele.<\/p>\n<p>\n    BABYLYKKE: Skuespiller Tom Hiddleston og forloveden Zawe Ashton har blitt foreldre for andre gang. Foto: NTB\n  <\/p>\n<p id=\"text\" class=\"svelte-1bgec1z\">I samarbeid med<\/p>\n<p>     <img decoding=\"async\" src=\"https:\/\/www.europesays.com\/no\/wp-content\/uploads\/2025\/12\/fishermansFriend.png\" alt=\"kommersiell logo\" class=\"svelte-1bgec1z\"\/>          <\/p>\n<p>Skuespiller Tom Hiddleston (44) og hans samboer Zawe Ashton (41) har blitt foreldre for andre gang. Det bekrefter f\u00f8rstnevnte i et intervju med\u00a0 magasinet GQ if\u00f8lge\u00a0<a href=\"https:\/\/people.com\/tom-hiddleston-and-zawe-ashton-welcome-their-second-baby-together-11772005\" target=\"_blank\" rel=\"nofollow noopener\">People<\/a>.<\/p>\n<p>    <a itemprop=\"url\" href=\"https:\/\/www.seher.no\/kongelig\/en-absurd-situasjon\/84036226\" rel=\"nofollow noopener\" target=\"_blank\"><\/p>\n<p>        <img loading=\"lazy\" decoding=\"async\" src=\"https:\/\/www.europesays.com\/no\/wp-content\/uploads\/2025\/12\/1767215530_10_83573001.webp.webp\" width=\"147\" height=\"98\" title=\"- En absurd situasjon\" alt=\"\" class=\"lazyload\" style=\"--aspect-ratio-image: 1.50; \"\/><\/p>\n<p>        &#8211; En absurd situasjon<\/p>\n<p>    <\/a><\/p>\n<p>I intervjuet skal Hiddleston ogs\u00e5 ha sagt at f\u00f8dselen til andremann var en uforglemmelig opplevelse, men han r\u00f8per verken kj\u00f8nn eller f\u00f8dselsdato p\u00e5 den lille verdensborgeren.<\/p>\n<p>        <img loading=\"lazy\" decoding=\"async\" src=\"https:\/\/www.europesays.com\/no\/wp-content\/uploads\/2025\/12\/1767215532_148_84043390.webp.webp\" width=\"980\" height=\"559\" title=\"FORLOVET: Zawe Ashton og Tom Hiddleston har v\u00e6rt et par siden 2019. Foto: David Shopland \/ BPI \/ Shutterstock\/NTB\" alt=\"\" class=\"\" style=\"--aspect-ratio-image: 1.75; \"\/><\/p>\n<p>\n        FORLOVET: Zawe Ashton og Tom Hiddleston har v\u00e6rt et par siden 2019. Foto: David Shopland \/ BPI \/ Shutterstock\/NTB\n    <\/p>\n<p>Nyheten om at en familiefor\u00f8kelse var p\u00e5 trappene kunne paret avsl\u00f8re sommeren 2025. Det kunne Ashton bekrefte til det prestisjefulle motemagasinet\u00a0<a href=\"https:\/\/www.vogue.com\/article\/zawe-ashton-pregnant-second-child-tom-hiddleston\" target=\"_blank\" rel=\"nofollow noopener\">Vogue<\/a>, men verken hun eller Hiddleston \u00f8nsket \u00e5 dele noen ytterligere detaljer om svangerskapet.<\/p>\n<p>Paret er nemlig kjent for \u00e5 holde privatlivets detaljer sv\u00e6rt tett til brystet. Selv om de ble foreldre for f\u00f8rste gang i 2022, har de klart det mesterstykket med \u00e5 ikke avsl\u00f8re kj\u00f8nnet p\u00e5 tre\u00e5ringen.<\/p>\n<p>        \u00abFLUKTEN FRA BOLIVIA\u00bb: Serien som hadde premiere p\u00e5 TV2 i romjula er basert p\u00e5 tre norske jenter. Dette er den ekte historien bak. Video og bilder: NTB\/Scanpix. Reporter: Trond Markus Gravdal<\/p>\n<p>Holder privatlivet privat\t<\/p>\n<p>Hiddleston og Ashton har v\u00e6rt et par siden 2019, men ventet helt til 2021 f\u00f8r de dro p\u00e5 r\u00f8d l\u00f8per sammen for f\u00f8rste gang.<\/p>\n<p>    <a itemprop=\"url\" href=\"https:\/\/www.seher.no\/kjendis\/har-blitt-foreldre\/84042612\" rel=\"nofollow noopener\" target=\"_blank\"><\/p>\n<p>        <img loading=\"lazy\" decoding=\"async\" src=\"https:\/\/www.europesays.com\/no\/wp-content\/uploads\/2025\/12\/1767215533_301_84042729.webp.webp\" width=\"980\" height=\"441\" title=\"Har blitt foreldre\" alt=\"\" class=\"lazyload\" style=\"--aspect-ratio-image: 2.22; \"\/><\/p>\n<p>        Har blitt foreldre<\/p>\n<p>    <\/a><\/p>\n<p>\u00abThor\u00bb-stjernen har forholdt seg relativt privat om hans og Ashtons forhold. Tidligere har han ogs\u00e5 datet skuespilleren Susannah Fielding (41) fra 2008 til 2011, og popstjerne Taylor Swift (36) i 2016.<\/p>\n<p>Etter romansen med Swift beskrev Hiddleston henne som \u00aben fantastisk kvinne\u00bb under et intervju med\u00a0<a href=\"https:\/\/www.gq.com\/story\/tom-hiddleston-cover-profile\" rel=\"nofollow noopener\" target=\"_blank\">GQ.<\/a><\/p>\n<p>        \u00abHELT PERFEKT\u00bb: Influenser Alexandra Joner tar oss med bak i kulissene og kommer med en avsl\u00f8ring fra settet. Video: R\u00f8d L\u00f8per<\/p>\n<p class=\"font-weight-bold m-font-weight-bold\" data-lab-font_weight=\"font-weight-bold\">&#8211; Hun er sjener\u00f8s og snill og nydelig, og vi hadde det veldig fint, la han videre til om ekskj\u00e6resten.<\/p>\n","protected":false},"excerpt":{"rendered":"Babylykke: Men verken kj\u00f8nn eller f\u00f8dselsdato er den nybakte tobarnsfaren villig til \u00e5 dele. BABYLYKKE: Skuespiller Tom Hiddleston&hellip;\n","protected":false},"author":2,"featured_media":125796,"comment_status":"","ping_status":"","sticky":false,"template":"","format":"standard","meta":{"footnotes":""},"categories":[58],"tags":[3068,14803,4104,71,477,479,30,28,29,72],"class_list":{"0":"post-125795","1":"post","2":"type-post","3":"status-publish","4":"format-standard","5":"has-post-thumbnail","7":"category-underholdning","8":"tag-baby","9":"tag-babylykke","10":"tag-eksklusivt","11":"tag-entertainment","12":"tag-foreldre","13":"tag-kjendis","14":"tag-no","15":"tag-norge","16":"tag-norway","17":"tag-underholdning"},"share_on_mastodon":{"url":"https:\/\/pubeurope.com\/@no\/115816244406123661","error":""},"_links":{"self":[{"href":"https:\/\/www.europesays.com\/no\/wp-json\/wp\/v2\/posts\/125795","targetHints":{"allow":["GET"]}}],"collection":[{"href":"https:\/\/www.europesays.com\/no\/wp-json\/wp\/v2\/posts"}],"about":[{"href":"https:\/\/www.europesays.com\/no\/wp-json\/wp\/v2\/types\/post"}],"author":[{"embeddable":true,"href":"https:\/\/www.europesays.com\/no\/wp-json\/wp\/v2\/users\/2"}],"replies":[{"embeddable":true,"href":"https:\/\/www.europesays.com\/no\/wp-json\/wp\/v2\/comments?post=125795"}],"version-history":[{"count":0,"href":"https:\/\/www.europesays.com\/no\/wp-json\/wp\/v2\/posts\/125795\/revisions"}],"wp:featuredmedia":[{"embeddable":true,"href":"https:\/\/www.europesays.com\/no\/wp-json\/wp\/v2\/media\/125796"}],"wp:attachment":[{"href":"https:\/\/www.europesays.com\/no\/wp-json\/wp\/v2\/media?parent=125795"}],"wp:term":[{"taxonomy":"category","embeddable":true,"href":"https:\/\/www.europesays.com\/no\/wp-json\/wp\/v2\/categories?post=125795"},{"taxonomy":"post_tag","embeddable":true,"href":"https:\/\/www.europesays.com\/no\/wp-json\/wp\/v2\/tags?post=125795"}],"curies":[{"name":"wp","href":"https:\/\/api.w.org\/{rel}","templated":true}]}}