{"id":125797,"date":"2025-12-31T21:17:11","date_gmt":"2025-12-31T21:17:11","guid":{"rendered":"https:\/\/www.europesays.com\/no\/125797\/"},"modified":"2025-12-31T21:17:11","modified_gmt":"2025-12-31T21:17:11","slug":"erik-andreas-blindheim-fanget-livsfarlig-forbikjoring-med-bilkamera","status":"publish","type":"post","link":"https:\/\/www.europesays.com\/no\/125797\/","title":{"rendered":"Erik Andreas Blindheim fanget livsfarlig forbikj\u00f8ring med bilkamera"},"content":{"rendered":"\n<p class=\"_lead_o9xde_2 _lead_xtcu6_50 layout-component text-serif-m layout-normal text-serif-l layout-component layout-wide layout-padded _wide_17hqh_1 layout-padded\">Erik Andreas Blindheim (51) testet kameraet p\u00e5 den nye bilen \u2013 da han fanget opp den livsfarlige forbikj\u00f8ringen. <\/p>\n<p> <img class=\"_image_qp4xg_65 layout-component layout-wide\" data-fullscreen- data-track-element-type=\"Article image fullscreen\" data-track-name=\"ImageFullscreen\" fetchpriority=\"high\" decoding=\"sync\" loading=\"eager\" height=\"181\" itemprop=\"image\"  src=\"https:\/\/www.europesays.com\/no\/wp-content\/uploads\/2025\/12\/05a798492bdc7c2289b607fab0cacfdd.jpg\"  style=\"object-position:50% 50%;aspect-ratio:1.75;height:auto;object-fit:cover;width:100%\" width=\"102\"\/>   Oppdatert onsdag 31. desember kl. 22:12    <\/p>\n<ul class=\"_list_o9xde_3 _list_64s2r_85 _unordered_o9xde_106 text-sans-m\">\n<li class=\"_item_o9xde_30\">Erik Andreas Blindheim fanget opp livsfarlig forbikj\u00f8ring p\u00e5 video nytt\u00e5rsaften.<\/li>\n<li class=\"_item_o9xde_30\">Motorsyklisten for\u00e5rsaket skremmende situasjon p\u00e5 vei i 80-sone.<\/li>\n<li class=\"_item_o9xde_30\">Motorsyklisten kj\u00f8rte senere av veien og ble mistenkt for promillekj\u00f8ring.<\/li>\n<li class=\"_item_o9xde_30\">Politiet bekrefter at f\u00f8reren var ruset beruset ved hendelsen.<\/li>\n<li class=\"_item_o9xde_30\">Politiet meldte om utforkj\u00f8ringen i politiloggen. <\/li>\n<\/ul>\n<p>Vis mer <\/p>\n<p class=\"_paragraph_o9xde_4 _paragraph_xtcu6_10 layout-component text-serif-m layout-normal text-serif-m layout-padded\">\u2013 Jeg fikk h\u00f8y puls, forteller Blindheim til VG. <\/p>\n<p class=\"_paragraph_o9xde_4 _paragraph_xtcu6_10 layout-component text-serif-m layout-normal text-serif-m layout-padded\">Blindheim var p\u00e5 tur hjem fra <a href=\"https:\/\/www.vg.no\/tag\/vigra?utm_source=vg-article&amp;utm_medium=auto-tagger&amp;utm_campaign=16nznl\" class=\"_link_o9xde_39\" rel=\"nofollow noopener\" target=\"_blank\">Vigra<\/a> mot Valder\u00f8y nytt\u00e5rsaften da han ble vitne til forbikj\u00f8ringen. <\/p>\n<p class=\"_paragraph_o9xde_4 _paragraph_xtcu6_10 layout-component text-serif-m layout-normal text-serif-m layout-padded\">Motorsyklisten kom i motg\u00e5ende felt. <\/p>\n<p class=\"_paragraph_o9xde_4 _paragraph_xtcu6_10 layout-component text-serif-m layout-normal text-serif-m layout-padded\">\u2013 Den gasset p\u00e5 for \u00e5 kj\u00f8re forbi. Jeg m\u00e5tte legge meg helt ut for \u00e5 gi plass, og ikke f\u00e5 den i fronten, forteller Blindheim til VG.<\/p>\n<p><img decoding=\"async\" alt=\"Bilde av Erik Andreas Blindheim\" class=\"_image_ygndg_42\" height=\"53\" itemprop=\"image\" loading=\"lazy\"  src=\"https:\/\/www.europesays.com\/no\/wp-content\/uploads\/2025\/12\/7ee89443-ab85-4c9b-91de-2bf2a4bf32a8.jpeg\"  width=\"40\"\/><strong class=\"_name_ygndg_51 title-serif-xs\">Erik Andreas Blindheim<\/strong><\/p>\n<p class=\"_paragraph_o9xde_4 _paragraph_xtcu6_10 layout-component text-serif-m layout-normal text-serif-m layout-padded\">P\u00e5 videoen ser man at sj\u00e5f\u00f8ren i bilen foran Blindheim holder p\u00e5 \u00e5 miste kontroll p\u00e5 kj\u00f8ret\u00f8yet, mens hen fors\u00f8ker \u00e5 gj\u00f8re et unnaman\u00f8ver. <\/p>\n<p class=\"_paragraph_o9xde_4 _paragraph_xtcu6_10 layout-component text-serif-m layout-normal text-serif-m layout-padded\">\u2013 Ble du skremt?<\/p>\n<p class=\"_paragraph_o9xde_4 _paragraph_xtcu6_10 layout-component text-serif-m layout-normal text-serif-m layout-padded\">\u2013 Det er kjipt \u2013 men den var s\u00e5pass langt foran meg at jeg hadde forholdsvis kontroll. Sj\u00e5f\u00f8ren foran tror jeg ble skikkelig skremt. Det sto en \u00abL\u00bb p\u00e5 bakluken \u2013 kanskje var det noen som \u00f8velseskj\u00f8rte, sier Blindheim. <\/p>\n<p class=\"_paragraph_o9xde_4 _paragraph_xtcu6_10 layout-component text-serif-m layout-normal text-serif-m layout-padded\">Det var 80-sone p\u00e5 stedet. <\/p>\n<p class=\"_paragraph_o9xde_4 _paragraph_xtcu6_10 layout-component text-serif-m layout-normal text-serif-m layout-padded\"><strong class=\"_strong_o9xde_25\">\u2013 Det er bare flaks at dette gikk bra, sier han. <\/strong><\/p>\n<p class=\"_paragraph_o9xde_4 _paragraph_xtcu6_10 layout-component text-serif-m layout-normal text-serif-m layout-padded\">Rundt 2,5 kilometer lenger nord \u2013 p\u00e5 riksvei 658 \u2013 kj\u00f8rte motorsyklisten utfor veien. <\/p>\n<p class=\"_paragraph_o9xde_4 _paragraph_xtcu6_10 layout-component text-serif-m layout-normal text-serif-m layout-padded\">Politiet meldte klokken 15.31 om et trafikkuhell hvor en MC hadde kj\u00f8rt av veien. <\/p>\n<p class=\"_paragraph_o9xde_4 _paragraph_xtcu6_10 layout-component text-serif-m layout-normal text-serif-m layout-padded\">Operasjonsleder Arild Even Reite i M\u00f8re og Romsdal forteller at det i forkant av utforkj\u00f8ringen ble gjort farlige forbikj\u00f8ringer av motorsyklisten, som man tydelig kan se i videoen i toppen av saken.<\/p>\n<p class=\"_paragraph_o9xde_4 _paragraph_xtcu6_10 layout-component text-serif-m layout-normal text-serif-m layout-padded\"><strong class=\"_strong_o9xde_25\">\u2013 Det h\u00f8rer ingen plass hjemme. Det \u00e5 kj\u00f8re uaktsomt og ubetenksomt, ogs\u00e5 i ruset tilstand, viser total mangel p\u00e5 d\u00f8mmekraft.<\/strong><\/p>\n<p class=\"_paragraph_o9xde_4 _paragraph_xtcu6_10 layout-component text-serif-m layout-normal text-serif-m layout-padded\">Motorsyklisten er mistenkt for ruskj\u00f8ring. <\/p>\n<p class=\"_paragraph_o9xde_4 _paragraph_xtcu6_10 layout-component text-serif-m layout-normal text-serif-m layout-padded\">\u2013 Mannen var b\u00e5de ruset og beruset. Han ble fraktet til legevakt for blodpr\u00f8vetagning. Der klarte han ikke \u00e5 oppf\u00f8re seg, og ble s\u00e5 satt i arrest, forteller operasjonslederen. <\/p>\n<p class=\"_paragraph_o9xde_4 _paragraph_xtcu6_10 layout-component text-serif-m layout-normal text-serif-m layout-padded\">Etter denne saken ble publisert ringte VG M\u00f8re og Romsdal politidistrikt igjen for en vurdering etter \u00e5 ha sett videoen. <\/p>\n<p class=\"_paragraph_o9xde_4 _paragraph_xtcu6_10 layout-component text-serif-m layout-normal text-serif-m layout-padded\">\u2013 Det er uforsvarlig og skaper fare for bilisten som kommer i motg\u00e5ende kj\u00f8refelt og m\u00e5 tydelig legge seg ut for \u00e5 unng\u00e5 kollisjon. Denne kj\u00f8ringen har helt klart medf\u00f8rt faresituasjon for andre bilister i omr\u00e5det, sier operasjonsleder Eivind Klokkersund. <\/p>\n<p class=\"_paragraph_o9xde_4 _paragraph_xtcu6_10 layout-component text-serif-m layout-normal text-serif-m layout-padded\">Politiet har opprettet sak p\u00e5 ruskj\u00f8ring og for brudd p\u00e5 vegtrafikkloven paragraf 3paragraf 3Enhver skal ferdes hensynsfullt og v\u00e6re aktp\u00e5givende og varsom s\u00e5 det ikke kan oppst\u00e5 fare eller voldes skade og slik at annen trafikk ikke un\u00f8dig blir hindret eller forstyrret.<\/p>\n<p>Vegfarende skal ogs\u00e5 vise hensyn mot dem som bor eller oppholder seg ved vegen.. <\/p>\n<p>    <img decoding=\"async\" alt=\"Tips oss illustrasjon\" src=\"https:\/\/www.europesays.com\/no\/wp-content\/uploads\/2025\/10\/pssst-small.webp.webp\"\/>    <\/p>\n<p class=\"title-serif-s\">Har du tips?<\/p>\n<p class=\"text-sans-m\">Send oss informasjon, bilder eller video.<\/p>\n<p>  <a href=\"https:\/\/www.vg.no\/tips-oss\" rel=\"nofollow noopener\" target=\"_blank\"> Tips oss <\/a>      <\/p>\n","protected":false},"excerpt":{"rendered":"Erik Andreas Blindheim (51) testet kameraet p\u00e5 den nye bilen \u2013 da han fanget opp den livsfarlige forbikj\u00f8ringen.&hellip;\n","protected":false},"author":2,"featured_media":125798,"comment_status":"","ping_status":"","sticky":false,"template":"","format":"standard","meta":{"footnotes":""},"categories":[5],"tags":[31,20,21,24,25,15,19,22,23,17,18,3128,953,13,30,28,29,14,16,11631,4857,26,27,224,1054,3182],"class_list":{"0":"post-125797","1":"post","2":"type-post","3":"status-publish","4":"format-standard","5":"has-post-thumbnail","7":"category-overskrifter","8":"tag-breaking","9":"tag-breaking-news","10":"tag-breakingnews","11":"tag-featured-news","12":"tag-featurednews","13":"tag-headlines","14":"tag-hovedoppslag","15":"tag-latest-news","16":"tag-latestnews","17":"tag-main-news","18":"tag-mainnews","19":"tag-motorsykkel","20":"tag-more-og-romsdal","21":"tag-news","22":"tag-no","23":"tag-norge","24":"tag-norway","25":"tag-nyheter","26":"tag-overskrifter","27":"tag-promillekjoring","28":"tag-ruskjoring","29":"tag-top-stories","30":"tag-topstories","31":"tag-trafikk","32":"tag-utforkjoring","33":"tag-vigra"},"share_on_mastodon":{"url":"https:\/\/pubeurope.com\/@no\/115816264154406381","error":""},"_links":{"self":[{"href":"https:\/\/www.europesays.com\/no\/wp-json\/wp\/v2\/posts\/125797","targetHints":{"allow":["GET"]}}],"collection":[{"href":"https:\/\/www.europesays.com\/no\/wp-json\/wp\/v2\/posts"}],"about":[{"href":"https:\/\/www.europesays.com\/no\/wp-json\/wp\/v2\/types\/post"}],"author":[{"embeddable":true,"href":"https:\/\/www.europesays.com\/no\/wp-json\/wp\/v2\/users\/2"}],"replies":[{"embeddable":true,"href":"https:\/\/www.europesays.com\/no\/wp-json\/wp\/v2\/comments?post=125797"}],"version-history":[{"count":0,"href":"https:\/\/www.europesays.com\/no\/wp-json\/wp\/v2\/posts\/125797\/revisions"}],"wp:featuredmedia":[{"embeddable":true,"href":"https:\/\/www.europesays.com\/no\/wp-json\/wp\/v2\/media\/125798"}],"wp:attachment":[{"href":"https:\/\/www.europesays.com\/no\/wp-json\/wp\/v2\/media?parent=125797"}],"wp:term":[{"taxonomy":"category","embeddable":true,"href":"https:\/\/www.europesays.com\/no\/wp-json\/wp\/v2\/categories?post=125797"},{"taxonomy":"post_tag","embeddable":true,"href":"https:\/\/www.europesays.com\/no\/wp-json\/wp\/v2\/tags?post=125797"}],"curies":[{"name":"wp","href":"https:\/\/api.w.org\/{rel}","templated":true}]}}