{"id":125799,"date":"2025-12-31T21:18:19","date_gmt":"2025-12-31T21:18:19","guid":{"rendered":"https:\/\/www.europesays.com\/no\/125799\/"},"modified":"2025-12-31T21:18:19","modified_gmt":"2025-12-31T21:18:19","slug":"raser-idioter","status":"publish","type":"post","link":"https:\/\/www.europesays.com\/no\/125799\/","title":{"rendered":"Raser: &#8211; Idioter"},"content":{"rendered":"<p class=\"kicker \" style=\"\">Luke Littler<\/p>\n<p>  Luke Littler (18) mistet hodet p\u00e5 scenen. N\u00e5 fyrer moren l\u00f8s p\u00e5 internett, og reaksjonene hagler i England og Tyskland.\u00a0<\/p>\n<p>\n    FYRER L\u00d8S: Luke Littlers mor, Lisa, til venstre. Her sammen med s\u00f8nnens kj\u00e6reste Faith Millar f\u00f8r kampen mot Rob Cross mandag. Foto: NTB\n  <\/p>\n<p>Dartsensasjonen Luke Littler tapte VM-finalen som 16-\u00e5ring f\u00f8r han ble verdensmester som 17-\u00e5ring for ett \u00e5r siden.\u00a0<\/p>\n<p>N\u00e5 er han tilbake i sagnomsuste Ally Pally (Alexandra Palace) i London, og storfavoritt til en ny tittel.\u00a0<\/p>\n<p>I en ellevill \u00e5ttedelsfinale slo han landsmann Rob Cross mandag kveld &#8211; men opplevde for f\u00f8rste gang at publikum i hallen vendte seg mot ham.<\/p>\n<p>&#8211; Jeg er ikke plaget av det, virkelig, jeg blir ikke p\u00e5virket. Jeg blir virkelig ikke plaget av det, sa en \u00e5penbart oppskaket 18-\u00e5ring i intervju med\u00a0<a href=\"https:\/\/x.com\/SkySportsDarts\/status\/2005773414347247772\" target=\"_blank\" rel=\"nofollow\">Sky Sports<\/a>\u00a0etter kampen. <\/p>\n<p>        <img loading=\"lazy\" decoding=\"async\" src=\"https:\/\/www.europesays.com\/no\/wp-content\/uploads\/2025\/12\/84042409.webp.webp\" width=\"686\" height=\"460\" title=\"HERJER: Luke Littler slo ut med armene mot publikum. Foto: NTB\" alt=\"\" class=\"\" style=\"--aspect-ratio-image: 1.49; \"\/><\/p>\n<p>\n        HERJER: Luke Littler slo ut med armene mot publikum. Foto: NTB\n    <\/p>\n<p>S\u00e5 slang han ut kommentaren som har f\u00e5tt reaksjonene til \u00e5 hagle i dartverden:\u00a0<\/p>\n<p>&#8211;\u00a0Kan jeg bare si en ting? Dere betaler for billettene, og dere betaler for premiepengene mine, s\u00e5 takk til dere. Takk til dere for mine penger, takk for at dere buer p\u00e5 meg. <\/p>\n<p>    <a itemprop=\"url\" href=\"https:\/\/www.dagbladet.no\/sport\/gi-gass-i-natt\/84042327\" rel=\"nofollow noopener\" target=\"_blank\"><\/p>\n<p>        <img loading=\"lazy\" decoding=\"async\" src=\"https:\/\/www.europesays.com\/no\/wp-content\/uploads\/2025\/12\/84042344.webp.webp\" width=\"980\" height=\"441\" title=\"- Gi gass i natt\" alt=\"\" class=\"lazyload\" style=\"--aspect-ratio-image: 2.22; \"\/><\/p>\n<p>        &#8211; Gi gass i natt<\/p>\n<p>    <\/a><\/p>\n<p>P\u00e5 pressekonferansen bare noen minutter seinere hadde han roet seg ned:<\/p>\n<p>&#8211; Jeg mistet hodet, erkjente 18-\u00e5ringen.\u00a0<\/p>\n<p>Der han la seg flat gikk derimot mammaen Lisa Littler til krig da hun svarte p\u00e5 en melding p\u00e5 X:\u00a0<\/p>\n<p>&#8211;\u00a0S\u00e5 de kj\u00f8per billetter for sine hardt opptjente penger, bare for \u00e5 sitte der som idioter og bue, skrev hun, og la til en spydig tommel-opp-emoji.\u00a0<\/p>\n<p>        DART-VM: Det gikk ikke helt veien for dartspiller Cameron Menzies, da han endte opp med \u00e5 tape mot Charlie Manby under mandagens mesterskap i dart-VM. Video: X. Foto: NTB. Reporter: Trond Markus Gravdal<\/p>\n<p>Meldingen er omtalt av en rekke internasjonale medier.\u00a0<\/p>\n<p>I en artikkel hos <a href=\"https:\/\/www.theguardian.com\/sport\/2025\/dec\/30\/luke-littler-forced-to-battle-the-boos-in-tense-win-at-pdc-world-championship\" rel=\"nofollow noopener\" target=\"_blank\">The Guardian<\/a> p\u00e5pekes det at sirkelen er sluttet for 18-\u00e5ringen som p\u00e5 to \u00e5r har g\u00e5tt fra publikumshelt til skurk.\u00a0<\/p>\n<p>Men det skytes ogs\u00e5 mot publikum. P\u00e5 den mest svulstige og pretensi\u00f8se m\u00e5ten man kan tenke seg fra et britisk snobberi:<\/p>\n<p>&#8211; Dette er utvilsomt et mer lunefullt og febrilsk publikum enn i tidligere \u00e5r &#8211; ikke s\u00e5 mye en forsamling av dartfans som en horde av kulturelle turister, desperate etter \u00e5 ta del i forestillingen. De gir og trekker tilbake sin hengivenhet med en skaml\u00f8s promiskuitet, ofte p\u00e5 det tynneste grunnlag, starter reporter Jonathan Liew.\u00a0<\/p>\n<p>    <a itemprop=\"url\" href=\"https:\/\/www.dagbladet.no\/sport\/sonderknust\/84038478\" rel=\"nofollow noopener\" target=\"_blank\"><\/p>\n<p>        <img loading=\"lazy\" decoding=\"async\" src=\"https:\/\/www.europesays.com\/no\/wp-content\/uploads\/2025\/12\/1767215898_182_84038545.webp.webp\" width=\"980\" height=\"441\" title=\"S\u00f8nderknust\" alt=\"\" class=\"lazyload\" style=\"--aspect-ratio-image: 2.22; \"\/><\/p>\n<p>        S\u00f8nderknust<\/p>\n<p>    <\/a><\/p>\n<p>Ordj\u00e5leriet var s\u00e5vidt begynt:\u00a0<\/p>\n<p>&#8211; Mange av dem er bokstavelig talt turister, flere fra Tyskland, der Littler tidligere har hatt store problemer med publikum. Han liker dem ikke, og de liker ikke ham. \u00c5 bue den 18 \u00e5r gamle verdensmesteren f\u00f8les nihilistisk, motkulturelt &#8211; kanskje til og med som en handling av paneuropeisk patriotisme, fortsetter spr\u00e5kvirtuosen.\u00a0<\/p>\n<p>Jeg forsto ikke alle ordene &#8211; de du ikke forst\u00e5r f\u00e5r du google selv.\u00a0<\/p>\n<p>Men det vi vet er at disse setningene ikke har g\u00e5tt up\u00e5aktet hen i Tyskland. Landets st\u00f8rste avis reagerer slik i tittelen p\u00e5 en sak publisert natt til nytt\u00e5rsaften:<\/p>\n<p>&#8211; Engelske folk skylder p\u00e5 Tyskland for Littler-kontroversene, skriver den tyske giganttabloiden <a href=\"https:\/\/www.bild.de\/sport\/mehr-sport\/darts-wm-englaender-geben-deutschen-die-schuld-am-wirbel-um-luke-littler-6953b9704dec1c7d24131c06\" rel=\"nofollow noopener\" target=\"_blank\">Bild<\/a>.\u00a0<\/p>\n<p>    <a itemprop=\"url\" href=\"https:\/\/www.dagbladet.no\/sport\/forst-da-far-vi-svar\/84039325\" rel=\"nofollow noopener\" target=\"_blank\"><\/p>\n<p>        <img loading=\"lazy\" decoding=\"async\" src=\"https:\/\/www.europesays.com\/no\/wp-content\/uploads\/2025\/12\/84039332.webp.webp\" width=\"980\" height=\"441\" title=\"- F\u00f8rst da f\u00e5r vi svar\" alt=\"\" class=\"lazyload\" style=\"--aspect-ratio-image: 2.22; \"\/><\/p>\n<p>        &#8211; F\u00f8rst da f\u00e5r vi svar<\/p>\n<p>    <\/a><\/p>\n<p>Littler spiller f\u00f8rste nytt\u00e5rsdag kvartfinale mot\u00a0Krzysztof Ratajski.<\/p>\n<p> Premiepotten for vinneren av \u00e5rets VM i dart ligger p\u00e5 \u00e9n million pund, som tilsvarer 13,5 millioner norske kroner. Premiesummen er dobbelt s\u00e5 stor som den var da\u00a0Littler\u00a0vant VM for ett \u00e5r siden. <\/p>\n","protected":false},"excerpt":{"rendered":"Luke Littler Luke Littler (18) mistet hodet p\u00e5 scenen. N\u00e5 fyrer moren l\u00f8s p\u00e5 internett, og reaksjonene hagler&hellip;\n","protected":false},"author":2,"featured_media":125800,"comment_status":"","ping_status":"","sticky":false,"template":"","format":"standard","meta":{"footnotes":""},"categories":[59],"tags":[10312,14804,30,28,29,83,82],"class_list":{"0":"post-125799","1":"post","2":"type-post","3":"status-publish","4":"format-standard","5":"has-post-thumbnail","7":"category-sport","8":"tag-dart","9":"tag-luke-littler","10":"tag-no","11":"tag-norge","12":"tag-norway","13":"tag-sport","14":"tag-sports"},"share_on_mastodon":{"url":"https:\/\/pubeurope.com\/@no\/115816268055937240","error":""},"_links":{"self":[{"href":"https:\/\/www.europesays.com\/no\/wp-json\/wp\/v2\/posts\/125799","targetHints":{"allow":["GET"]}}],"collection":[{"href":"https:\/\/www.europesays.com\/no\/wp-json\/wp\/v2\/posts"}],"about":[{"href":"https:\/\/www.europesays.com\/no\/wp-json\/wp\/v2\/types\/post"}],"author":[{"embeddable":true,"href":"https:\/\/www.europesays.com\/no\/wp-json\/wp\/v2\/users\/2"}],"replies":[{"embeddable":true,"href":"https:\/\/www.europesays.com\/no\/wp-json\/wp\/v2\/comments?post=125799"}],"version-history":[{"count":0,"href":"https:\/\/www.europesays.com\/no\/wp-json\/wp\/v2\/posts\/125799\/revisions"}],"wp:featuredmedia":[{"embeddable":true,"href":"https:\/\/www.europesays.com\/no\/wp-json\/wp\/v2\/media\/125800"}],"wp:attachment":[{"href":"https:\/\/www.europesays.com\/no\/wp-json\/wp\/v2\/media?parent=125799"}],"wp:term":[{"taxonomy":"category","embeddable":true,"href":"https:\/\/www.europesays.com\/no\/wp-json\/wp\/v2\/categories?post=125799"},{"taxonomy":"post_tag","embeddable":true,"href":"https:\/\/www.europesays.com\/no\/wp-json\/wp\/v2\/tags?post=125799"}],"curies":[{"name":"wp","href":"https:\/\/api.w.org\/{rel}","templated":true}]}}