{"id":125801,"date":"2025-12-31T21:19:09","date_gmt":"2025-12-31T21:19:09","guid":{"rendered":"https:\/\/www.europesays.com\/no\/125801\/"},"modified":"2025-12-31T21:19:09","modified_gmt":"2025-12-31T21:19:09","slug":"bytter-ut-last-of-us-skuespiller-for-tredje-sesong","status":"publish","type":"post","link":"https:\/\/www.europesays.com\/no\/125801\/","title":{"rendered":"Bytter ut Last of Us-skuespiller for tredje sesong"},"content":{"rendered":"<p>HBO blir n\u00f8dt til \u00e5 finne en ny skuespiller for Manny i neste sesong med The Last of Us. <strong>Danny Ramirez<\/strong>, som spilte figuren i sesong 2, er nemlig opptatt med andre ting. <\/p>\n<p>Det melder <a role=\"link\" href=\"https:\/\/variety.com\/2025\/tv\/news\/the-last-of-us-season-3-recast-danny-ramirez-1236619442\/\" rel=\"nofollow noopener\" target=\"_blank\">Variety<\/a>.<\/p>\n<p><strong>Advarsel:<\/strong> Artikkelen inneholder avsl\u00f8ringer fra The Last of Us Part II og andre sesong med TV-serien.<\/p>\n<p>        <a href=\"https:\/\/i.bo3.no\/image\/389100\/danny-ramirez_0.jpg?c=0&amp;h=747&amp;w=1327\" rel=\"nofollow noopener\" target=\"_blank\"><\/p>\n<p>        <img decoding=\"async\" onload=\"this.style = null\" src=\"https:\/\/www.europesays.com\/no\/wp-content\/uploads\/2025\/12\/danny-ramirez_0.jpg\" style=\"background-image: url('data:image\/jpeg;base64,\/9j\/4QC8RXhpZgAASUkqAAgAAAAGABIBAwABAAAAAQAAABoBBQABAAAAVgAAABsBBQABAAAAXgAAACgBAwABAAAAAgAAABMCAwABAAAAAQAAAGmHBAABAAAAZgAAAAAAAADgkwQA6AMAAOCTBADoAwAABgAAkAcABAAAADAyMTABkQcABAAAAAECAwAAoAcABAAAADAxMDABoAMAAQAAAP\/\/AAACoAQAAQAAACQAAAADoAQAAQAAABQAAAAAAAAA\/9sAQwAIBgYHBgUIBwcHCQkICgwUDQwLCwwZEhMPFB0aHx4dGhwcICQuJyAiLCMcHCg3KSwwMTQ0NB8nOT04MjwuMzQy\/9sAQwEJCQkMCwwYDQ0YMiEcITIyMjIyMjIyMjIyMjIyMjIyMjIyMjIyMjIyMjIyMjIyMjIyMjIyMjIyMjIyMjIyMjIy\/8AAEQgAFAAkAwEiAAIRAQMRAf\/EAB8AAAEFAQEBAQEBAAAAAAAAAAABAgMEBQYHCAkKC\/\/EALUQAAIBAwMCBAMFBQQEAAABfQECAwAEEQUSITFBBhNRYQcicRQygZGhCCNCscEVUtHwJDNicoIJChYXGBkaJSYnKCkqNDU2Nzg5OkNERUZHSElKU1RVVldYWVpjZGVmZ2hpanN0dXZ3eHl6g4SFhoeIiYqSk5SVlpeYmZqio6Slpqeoqaqys7S1tre4ubrCw8TFxsfIycrS09TV1tfY2drh4uPk5ebn6Onq8fLz9PX29\/j5+v\/EAB8BAAMBAQEBAQEBAQEAAAAAAAABAgMEBQYHCAkKC\/\/EALURAAIBAgQEAwQHBQQEAAECdwABAgMRBAUhMQYSQVEHYXETIjKBCBRCkaGxwQkjM1LwFWJy0QoWJDThJfEXGBkaJicoKSo1Njc4OTpDREVGR0hJSlNUVVZXWFlaY2RlZmdoaWpzdHV2d3h5eoKDhIWGh4iJipKTlJWWl5iZmqKjpKWmp6ipqrKztLW2t7i5usLDxMXGx8jJytLT1NXW19jZ2uLj5OXm5+jp6vLz9PX29\/j5+v\/aAAwDAQACEQMRAD8A8Ja2dSNykE1ftLJUQu\/3hyK3Ums7yDJUAqOlZ8d5bLdhX4GaT0BakR1F\/uYI7UR2u0mUnO6r2rGwbZ9m+\/jmm2VyjwPBJH8wGQaLhaxiS4EjD3ops3+ubjvRT5hWJrcld2CeKfcRI8AlI+f1FFFMQ4KHiQnqKv2ABdyeuKKKllGXd\/8AHy\/1oooqQP\/Z');background-size:cover;background-position:50% 50%;\" class=\"image-container__image \" width=\"1000\" height=\"563\" loading=\"lazy\" fetchpriority=\"auto\" \/><\/p>\n<p>        <\/a><\/p>\n<p>                                    Danny Ramirez blir ikke med videre som Manny.<\/p>\n<p>                        Liane Hentscher\/HBO\n                    <\/p>\n<p>Manny er del av gjengen til Abby (<strong>Kaitlyn Dever<\/strong>), og en av de som var med \u00e5 ta livet av Joel (<strong>Pedro Pascal<\/strong>) tidlig i seriens andre sesong.<\/p>\n<p>V\u00e5r egen <strong>Espen Jansen<\/strong> var bare s\u00e5nn halvveis forn\u00f8yd med oppf\u00f8lgersesongen til den kritikerroste TV-serien. Han mente at serien brukte for lang tid p\u00e5 \u00e5 komme i gang, og at det manglet noe fra det som gjorde f\u00f8rste del av The Last of Us s\u00e5 vellykket.<\/p>\n<p><strong><a role=\"link\" href=\"https:\/\/www.gamer.no\/artikler\/den-umulige-oppfolgersesongen\/518549\" rel=\"nofollow noopener\" target=\"_blank\">Les hele anmeldelsen \u00bb<\/a><\/strong><\/p>\n<p>Hvem som skal ta over som Manny er forel\u00f8pig uklart.<\/p>\n<p>TV-seriens neste sesong \u2013 som kommer <a role=\"link\" href=\"https:\/\/www.gamer.no\/artikler\/neste-sesong-med-the-last-of-us-kommer-i-2027\/519029\" rel=\"nofollow noopener\" target=\"_blank\">en gang i 2027<\/a> \u2013 plukker opp tr\u00e5den fra de voldsomme hendelsene vi var vitne til i Seattle. Denne gangen blir det riktignok fokus p\u00e5 Abby og kompani \u2013 som trolig betyr mindre Ellie (<strong>Bella Ramsey<\/strong>) p\u00e5 skjermen.<\/p>\n<p><strong>LES OGS\u00c5: <a role=\"link\" href=\"https:\/\/www.gamer.no\/artikler\/neil-druckmann-blir-ikke-med-videre-pa-tv-serien-the-last-of-us\/518982\" rel=\"nofollow noopener\" target=\"_blank\">Neil Druckmann blir ikke med videre p\u00e5 TV-serien \u00bb<\/a><\/strong><\/p>\n","protected":false},"excerpt":{"rendered":"HBO blir n\u00f8dt til \u00e5 finne en ny skuespiller for Manny i neste sesong med The Last of&hellip;\n","protected":false},"author":2,"featured_media":125802,"comment_status":"","ping_status":"","sticky":false,"template":"","format":"standard","meta":{"footnotes":""},"categories":[58],"tags":[71,30,28,29,72],"class_list":{"0":"post-125801","1":"post","2":"type-post","3":"status-publish","4":"format-standard","5":"has-post-thumbnail","7":"category-underholdning","8":"tag-entertainment","9":"tag-no","10":"tag-norge","11":"tag-norway","12":"tag-underholdning"},"share_on_mastodon":{"url":"https:\/\/pubeurope.com\/@no\/115816271864858600","error":""},"_links":{"self":[{"href":"https:\/\/www.europesays.com\/no\/wp-json\/wp\/v2\/posts\/125801","targetHints":{"allow":["GET"]}}],"collection":[{"href":"https:\/\/www.europesays.com\/no\/wp-json\/wp\/v2\/posts"}],"about":[{"href":"https:\/\/www.europesays.com\/no\/wp-json\/wp\/v2\/types\/post"}],"author":[{"embeddable":true,"href":"https:\/\/www.europesays.com\/no\/wp-json\/wp\/v2\/users\/2"}],"replies":[{"embeddable":true,"href":"https:\/\/www.europesays.com\/no\/wp-json\/wp\/v2\/comments?post=125801"}],"version-history":[{"count":0,"href":"https:\/\/www.europesays.com\/no\/wp-json\/wp\/v2\/posts\/125801\/revisions"}],"wp:featuredmedia":[{"embeddable":true,"href":"https:\/\/www.europesays.com\/no\/wp-json\/wp\/v2\/media\/125802"}],"wp:attachment":[{"href":"https:\/\/www.europesays.com\/no\/wp-json\/wp\/v2\/media?parent=125801"}],"wp:term":[{"taxonomy":"category","embeddable":true,"href":"https:\/\/www.europesays.com\/no\/wp-json\/wp\/v2\/categories?post=125801"},{"taxonomy":"post_tag","embeddable":true,"href":"https:\/\/www.europesays.com\/no\/wp-json\/wp\/v2\/tags?post=125801"}],"curies":[{"name":"wp","href":"https:\/\/api.w.org\/{rel}","templated":true}]}}