{"id":125808,"date":"2025-12-31T21:36:24","date_gmt":"2025-12-31T21:36:24","guid":{"rendered":"https:\/\/www.europesays.com\/no\/125808\/"},"modified":"2025-12-31T21:36:24","modified_gmt":"2025-12-31T21:36:24","slug":"prover-a-beskytte-seg-selv","status":"publish","type":"post","link":"https:\/\/www.europesays.com\/no\/125808\/","title":{"rendered":"&#8211; Pr\u00f8ver \u00e5 beskytte seg selv"},"content":{"rendered":"<p>  Dokumenter om Andrew Mountbatten-Windsor\u00a0ble fjernet i siste liten. N\u00e5 hagler anklagene mot b\u00e5de kongefamilien og britiske myndigheter.<\/p>\n<p>\n    I HARDT V\u00c6R: Buckingham Palace bekreftet i okotober at Andrew m\u00e5tte forlate Royal Lodge, og at han ogs\u00e5 mistet prinsetittelen. Foto: Toby Melville\/Reuters\/NTB\n  <\/p>\n<p>Britiske myndigheter blir pepret med anklager om at de dekker over for kongefamilien, etter at dokumenter om Andrew Mountbatten-Windsor ble trukket tilbake denne uka.<\/p>\n<p>Det skriver flere britiske medier, blant andre <a href=\"https:\/\/news.sky.com\/story\/cabinet-office-blames-administrative-error-over-mistaken-release-of-historical-andrew-documents-13488319\" rel=\"nofollow noopener\" target=\"_blank\">Sky News<\/a> og <a href=\"https:\/\/www.theguardian.com\/uk-news\/2025\/dec\/30\/cabinet-office-accused-cover-up-royal-family-blocking-release-andrew-documents\" rel=\"nofollow noopener\" target=\"_blank\">The Guardian<\/a>.<\/p>\n<p>    <a itemprop=\"url\" href=\"https:\/\/www.dagbladet.no\/kjendis\/en-kongelig-versjon-av-playboy-huset\/84023659\" rel=\"nofollow noopener\" target=\"_blank\"><\/p>\n<p>        <img loading=\"lazy\" decoding=\"async\" src=\"https:\/\/www.europesays.com\/no\/wp-content\/uploads\/2025\/12\/1767216981_45_84023849.webp.webp\" width=\"980\" height=\"441\" title=\"- En kongelig versjon av Playboy-huset\" alt=\"\" class=\"lazyload\" style=\"--aspect-ratio-image: 2.22; \"\/><\/p>\n<p>        &#8211; En kongelig versjon av Playboy-huset<\/p>\n<p>    <\/a><\/p>\n<p>Lekket ved en feil\t<\/p>\n<p class=\"font-weight-normal m-font-weight-normal\" data-lab-font_weight=\"font-weight-normal\"> Dokumentene ble sendt til journalister i det som i etterkant omtales av myndighetene som \u00aben administrativ feil\u00bb. <\/p>\n<p class=\"font-weight-normal m-font-weight-normal\" data-lab-font_weight=\"font-weight-normal\"> Filene, som var fra 2004 og 2005, inneholdt referater fra et m\u00f8te om reiseplaner for den tidligere prinsen, som p\u00e5 den tida var handelsrepresentant.<\/p>\n<p>Kabinettkontoret, som skal sikre at regjeringens beslutninger blir implementert riktig og effektivt, sier at dokumentene aldri var ment for offentliggj\u00f8ring.<\/p>\n<p>&#8211; Alle dokumenter skal h\u00e5ndteres i tr\u00e5d med kravene i loven. Enhver offentliggj\u00f8ring er gjenstand for en omfattende gjennomgangsprosess, sier en talsperson, if\u00f8lge Sky News.<\/p>\n<p>        \u00abUTVIST\u00bb: Prins Andrew er ikke lenger prins og er \u00abutvist\u00bb fra kongefamilien p\u00e5 grunn av sine forbindelser til Jeffrey Epstein. Reporter: Sanne Holt\/ R\u00f8d L\u00f8per. Video: NTB\/ Stella Pictures\/ AFP\/ YouTube\/ BBC\/ Netflix\/ 60Minutes Australia<\/p>\n<p>Det er vanlig praksis at regjeringsdokumenter blir offentliggjort etter 20 \u00e5r. Men filer som omhandler kongefamilien blir jevnlig holdt tilbake i henhold til\u00a0 \u00abPublic Records Act\u00bb &#8211; en lov som minner om den norske <a href=\"https:\/\/lovdata.no\/dokument\/NL\/lov\/2006-05-19-16\" rel=\"nofollow noopener\" target=\"_blank\">offentlighetsloven<\/a>.<\/p>\n<p>Referatene som ble lekket, og innholdet i dem, omtales i utgangspunktet som \u00abuinteressante\u00bb av britiske medier.\u00a0<\/p>\n<p>Det er derimot det faktum at filene ble trukket tilbake, og at Andrews navn flere steder ble fjernet, som vekker harme blant britene.<\/p>\n<p>Flere\u00a0tar n\u00e5 til orde for at kongefamilien ikke burde unntas loven, som omhandler offentlighetens tilgang p\u00e5 dokumenter.<\/p>\n<p>    Dette er saken:<\/p>\n<p>Jeffrey Epstein ble i 2019 tiltalt for menneskehandel og overgrep, der flere av ofrene var mindre\u00e5rige jenter. Samme \u00e5r d\u00f8de han i fengsel, 66 \u00e5r gammel. Mange sp\u00f8rsm\u00e5l i saken st\u00e5r derfor ubesvart.<\/p>\n<p>En av de mest omtalte sakene omhandler tidligere prins Andrew.\u00a0<\/p>\n<p>I et rettsdokument fra desember 2014 fortalte Virginia Giuffre at hun ble sendt av Epstein til Andrew tre ganger mens hun var 17 \u00e5r gammel.\u00a0<\/p>\n<p>I 2018 saks\u00f8kte hun Andrew og anklaget ham for seksuelle overgrep, noe han benektet. Giuffre inngikk seinere et \u00f8konomisk forlik med Andrew. Det ble ikke opplyst hvor mye han betalte.\u00a0<\/p>\n<p>I 2022, i kj\u00f8lvannet av saken, ble tidligere prins Andrew fratatt sine milit\u00e6re titler og beskyttelser, og i oktober 2025 ga prins Andrew fra seg resten av titlene sine, deriblant som hertug av York.\u00a0<\/p>\n<p>Han skulle likevel beholde tittelen prins, ettersom han er f\u00f8dt som s\u00f8nn av dronning Elizabeth II.\u00a0<\/p>\n<p>Torsdag 30. oktober 2025 kom kontrabeskjeden om at Buckingham Palace likevel tar fra ham tittelen som prins.<\/p>\n<p>Avgj\u00f8relsen kom etter \u00f8kt press p\u00e5 kongefamilien, etter at stadig flere rapporter dukket opp om Andrews forhold til den avd\u00f8de sexforbryteren Jeffrey Epstein.<\/p>\n<p>      Vis mer<br \/>\n      Vis mindre<\/p>\n<p>&#8211; Vil beskytte seg selv\t<\/p>\n<p> Graham Smith, leder av anti-monarki-gruppa \u00abRepublic\u00bb, mener det ikke burde v\u00e6re noen unntak for de kongelige. Han raser n\u00e5 mot britiske myndigheter.<\/p>\n<p>&#8211; Den mest sannsynlige grunnen til dette fors\u00f8ket p\u00e5 \u00e5 stoppe offentliggj\u00f8ring er press fra kongehuset, sier han, og fortsetter:<\/p>\n<p>    <a itemprop=\"url\" href=\"https:\/\/www.dagbladet.no\/nyheter\/dette-er-en-katastrofe\/84026517\" rel=\"nofollow noopener\" target=\"_blank\"><\/p>\n<p>        <img loading=\"lazy\" decoding=\"async\" src=\"https:\/\/www.europesays.com\/no\/wp-content\/uploads\/2025\/12\/84026218.webp.webp\" width=\"980\" height=\"441\" title=\"- Dette er en katastrofe\" alt=\"\" class=\"lazyload\" style=\"--aspect-ratio-image: 2.22; \"\/><\/p>\n<p>        &#8211; Dette er en katastrofe<\/p>\n<p>    <\/a><\/p>\n<p class=\"font-weight-bold m-font-weight-bold\" data-lab-font_weight=\"font-weight-bold\">&#8211; Kongefamilien har fors\u00f8kt \u00e5 holde alt hemmelig n\u00e5r det gjelder Andrew, ikke for \u00e5 beskytte ham, men for \u00e5 beskytte seg selv, sier han.<\/p>\n<p>Meldingen kommer en uke etter at flere nye bilder, som knytter Andrew til sexforbryteren Jeffrey Epstein og hans medsamensvorne Ghislaine Maxwell, ble delt.\u00a0<\/p>\n<p>        <img loading=\"lazy\" decoding=\"async\" src=\"https:\/\/www.europesays.com\/no\/wp-content\/uploads\/2025\/12\/84041365.webp.webp\" width=\"667\" height=\"414\" title=\"DUKKET OPP: Et bilde av Andrew sammen med Ghislaine Maxwell ble offentliggjort forrige uke. Bildet er tatt ved Sandringham House, et skjermet tilfluktssted som er strengt forbeholdt de britiske kongelige. Det er ikke opplyst hvilken dato bildet er tatt. Foto: U.S. Justice Department \/ NTB\" alt=\"\" class=\"\" style=\"--aspect-ratio-image: 1.61; \"\/><\/p>\n<p>\n        DUKKET OPP: Et bilde av Andrew sammen med Ghislaine Maxwell ble offentliggjort forrige uke. Bildet er tatt ved Sandringham House, et skjermet tilfluktssted som er strengt forbeholdt de britiske kongelige. Det er ikke opplyst hvilken dato bildet er tatt. Foto: U.S. Justice Department \/ NTB\n    <\/p>\n<p>Knyttes til Epstein\t<\/p>\n<p> 19. desember i \u00e5r begynte USAs justisdepartement \u00e5 frigj\u00f8re\u00a0<a href=\"https:\/\/www.dagbladet.no\/nyheter\/slipper-epstein-dokumenter\/84012952\" rel=\"nofollow noopener\" target=\"_blank\">tusenvis av nye dokumenter, fotografier og filer<\/a>\u00a0fra etterforskningen til overgrepsd\u00f8mte Jeffrey Epstein. <\/p>\n<p>I flere av dokumentene har Andrew, som tidligere har blitt anklaget for\u00a0 seksuelle overgrep, dukket opp.\u00a0<\/p>\n<p>        <img loading=\"lazy\" decoding=\"async\" src=\"https:\/\/www.europesays.com\/no\/wp-content\/uploads\/2025\/12\/84041487.webp.webp\" width=\"980\" height=\"559\" title=\"DRONNINGENS HYTTE: Jeffrey Epstein og Ghislaine Maxwell avbildet utenfor en av jakthyttene p\u00e5 dronning Elizabeths Balmoral estate i Skotland. Bildet var en del av bevisf\u00f8rselen mot Maxwell i 2021, og skulle vise hvor tett de var p\u00e5 kongefamilien. Foto: Handout \/ NTB\" alt=\"\" class=\"\" style=\"--aspect-ratio-image: 1.75; \"\/><\/p>\n<p>\n        DRONNINGENS HYTTE: Jeffrey Epstein og Ghislaine Maxwell avbildet utenfor en av jakthyttene p\u00e5 dronning Elizabeths Balmoral estate i Skotland. Bildet var en del av bevisf\u00f8rselen mot Maxwell i 2021, og skulle vise hvor tett de var p\u00e5 kongefamilien. Foto: Handout \/ NTB\n    <\/p>\n<p>Tidligere i \u00e5r\u00a0<a href=\"https:\/\/www.dagbladet.no\/kjendis\/mister-prinsetittelen\/83791527\" rel=\"nofollow noopener\" target=\"_blank\">mistet 65-\u00e5ringen prinsetittelen<\/a>, i tillegg til alle andre offisielle titler, p\u00e5 grunn av tilkoblingene til Epstein.<\/p>\n<p>Andrew har alltid kraftig benektet alle anklager mot ham i forbindelse med den avd\u00f8de forretningsmannen.<\/p>\n","protected":false},"excerpt":{"rendered":"Dokumenter om Andrew Mountbatten-Windsor\u00a0ble fjernet i siste liten. N\u00e5 hagler anklagene mot b\u00e5de kongefamilien og britiske myndigheter. I&hellip;\n","protected":false},"author":2,"featured_media":125809,"comment_status":"","ping_status":"","sticky":false,"template":"","format":"standard","meta":{"footnotes":""},"categories":[12],"tags":[10361,20,21,24,25,15,1649,479,22,23,13,30,28,29,14,16,865,26,27,50,42,43,44,45],"class_list":{"0":"post-125808","1":"post","2":"type-post","3":"status-publish","4":"format-standard","5":"has-post-thumbnail","7":"category-verden","8":"tag-andrew-mountbatten-windsor","9":"tag-breaking-news","10":"tag-breakingnews","11":"tag-featured-news","12":"tag-featurednews","13":"tag-headlines","14":"tag-jeffrey-epstein","15":"tag-kjendis","16":"tag-latest-news","17":"tag-latestnews","18":"tag-news","19":"tag-no","20":"tag-norge","21":"tag-norway","22":"tag-nyheter","23":"tag-overskrifter","24":"tag-storbritannia","25":"tag-top-stories","26":"tag-topstories","27":"tag-usa","28":"tag-verden","29":"tag-world","30":"tag-world-news","31":"tag-worldnews"},"share_on_mastodon":{"url":"https:\/\/pubeurope.com\/@no\/115816338776348104","error":""},"_links":{"self":[{"href":"https:\/\/www.europesays.com\/no\/wp-json\/wp\/v2\/posts\/125808","targetHints":{"allow":["GET"]}}],"collection":[{"href":"https:\/\/www.europesays.com\/no\/wp-json\/wp\/v2\/posts"}],"about":[{"href":"https:\/\/www.europesays.com\/no\/wp-json\/wp\/v2\/types\/post"}],"author":[{"embeddable":true,"href":"https:\/\/www.europesays.com\/no\/wp-json\/wp\/v2\/users\/2"}],"replies":[{"embeddable":true,"href":"https:\/\/www.europesays.com\/no\/wp-json\/wp\/v2\/comments?post=125808"}],"version-history":[{"count":0,"href":"https:\/\/www.europesays.com\/no\/wp-json\/wp\/v2\/posts\/125808\/revisions"}],"wp:featuredmedia":[{"embeddable":true,"href":"https:\/\/www.europesays.com\/no\/wp-json\/wp\/v2\/media\/125809"}],"wp:attachment":[{"href":"https:\/\/www.europesays.com\/no\/wp-json\/wp\/v2\/media?parent=125808"}],"wp:term":[{"taxonomy":"category","embeddable":true,"href":"https:\/\/www.europesays.com\/no\/wp-json\/wp\/v2\/categories?post=125808"},{"taxonomy":"post_tag","embeddable":true,"href":"https:\/\/www.europesays.com\/no\/wp-json\/wp\/v2\/tags?post=125808"}],"curies":[{"name":"wp","href":"https:\/\/api.w.org\/{rel}","templated":true}]}}