{"id":125819,"date":"2025-12-31T21:53:12","date_gmt":"2025-12-31T21:53:12","guid":{"rendered":"https:\/\/www.europesays.com\/no\/125819\/"},"modified":"2025-12-31T21:53:12","modified_gmt":"2025-12-31T21:53:12","slug":"kongens-nyttarstale-kong-harald-det-kongen-ikke-sier","status":"publish","type":"post","link":"https:\/\/www.europesays.com\/no\/125819\/","title":{"rendered":"Kongens nytt\u00e5rstale, Kong Harald | Det kongen ikke sier"},"content":{"rendered":"\n<p>Han har ingen stemme i Stortinget, ingen vetorett i regjeringen og ingen partifarge. Likevel er nytt\u00e5rstalen en av de mest maktfulle ytringene i Norge hvert eneste \u00e5r. Nettopp fordi talen ikke er politikk.<\/p>\n<p>Kongens makt er ikke beslutningsmakt. Det er definisjonsmakt.<\/p>\n<p><b>Les ogs\u00e5:<\/b> <a href=\"https:\/\/www.nettavisen.no\/kjendis\/kongens-nyttarstale-lett-a-forsta-at-mange-er-urolige\/s\/5-95-2802944\" rel=\"Follow nofollow noopener\" target=\"_blank\">Kongens nytt\u00e5rstale: \u2013 Lett \u00e5 forst\u00e5 at mange er urolige<\/a><\/p>\n<p>Han bestemmer hva som er verdt \u00e5 nevne. Og dermed ogs\u00e5 hva som er verdt \u00e5 tenke p\u00e5.<\/p>\n<p>\u00c5rets tale er gjennomf\u00f8rt og velkjent i formen. Fellesskap. Dugnad. Demokrati. Mennesker som tar vare p\u00e5 hverandre. Det er trygt. Det er vakkert. Og det er helt i tr\u00e5d med kong Haralds livsverk.<\/p>\n<p>Men det er ogs\u00e5 et valg.<\/p>\n<p>    Vil du se neste video?<\/p>\n<p>    <a href=\"https:\/\/www.nettavisen.no\/nyheter\/nordmann-pa-stranda-i-australia\/v\/5-95-2800231\" class=\"recommend-poster\" data-adp-clicklabel=\"video-recommend\" data-adp-clickvalue=\"poster\" rel=\"nofollow noopener\" target=\"_blank\"><br \/>\n      <img decoding=\"async\" width=\"200\" height=\"200\" loading=\"lazy\" src=\"https:\/\/www.europesays.com\/no\/wp-content\/uploads\/2025\/12\/NORDMANN+AUSTRALIA+BREDDE+1.jpg\" alt=\"\" class=\"brick-c-cFOWSL\" style=\"--brick-image-ratio: 200 \/ 200;\"\/><\/p>\n<p>Nordmann angrepet p\u00e5 stranda0:46<\/p>\n<p>    <\/a><\/p>\n<p>        Se kong Haralds nytt\u00e5rstale for 2025.<br \/>\n        Det kongen sier<\/p>\n<p>Kongen snakker varmt om Norge. Om korps og idrettslag. Om spr\u00e5kkafeer og frivillighet. Om mennesker som f\u00e5r til noe sammen. Han peker p\u00e5 verden utenfor. Krig. Klima. Demokrati under press. Han ber oss bry oss. Delta. L\u00f8fte blikket. Reise oss fra sofaen.<\/p>\n<p><b>Les ogs\u00e5: <\/b><a class=\"simple-relation related-teaser article--c-eRUmMG article--c-eRUmMG-fZoQSp-design-nettavisen article--c-eRUmMG-gwthdJ-cv\" href=\"https:\/\/www.nettavisen.no\/den-ene-dagen-i-aret-vi-tillater-skader-dodsulykker-og-dyreplageri\/o\/5-95-2802962\" rel=\"nofollow noopener\" target=\"_blank\">Den ene dagen i \u00e5ret vi tillater skader, d\u00f8dsulykker og dyreplageri<\/a><\/p>\n<p>Dette er kong Harald slik vi kjenner ham. Samlende. Helt fri for konflikt.<\/p>\n<p>Han minner oss om at demokratiet koster. At deltakelse ikke er gratis. At hver og en av oss betyr noe. Det er vanskelig \u00e5 v\u00e6re uenig.<\/p>\n<p>Og det er umulig \u00e5 bli provosert.<\/p>\n<p>Det er ogs\u00e5 poenget!<\/p>\n<p>Det kongen ikke sier<\/p>\n<p>Det mest interessante med nytt\u00e5rstalen i 2025 er ikke det som blir sagt. Det er det som ikke blir sag. Kongefamilien lever i et \u00e5pent og dokumentert alvor. Kronprinsesse Mette Marit er alvorlig syk. Det preger kongehusets arbeid, kapasitet og fremtid. Hele Norge vet det. Alle tenker p\u00e5 det.<\/p>\n<p><b>Les ogs\u00e5:<\/b><a href=\"https:\/\/www.nettavisen.no\/norsk-debatt\/hverdagskongen-harald-v-holdt-en-klok-nyttarstale-til-sitt-folk\/o\/5-95-2802290\" rel=\"Follow nofollow noopener\" target=\"_blank\"> Klok manns tale<\/a><\/p>\n<p>Likevel nevnes helse ikke med ett ord. Samtidig g\u00e5r kongefamilien inn i et \u00e5r der en omfattende straffesak mot Marius Borg H\u00f8iby vil p\u00e5g\u00e5 over tid, et offentlig alvor som heller ikke ber\u00f8res. Dette handler ikke om privatliv. Ingen forventer detaljer. Ingen forventer f\u00f8lelser. En nytt\u00e5rstale skal ikke v\u00e6re en famili\u00e6r betroelse til folket.<\/p>\n<p>Men full taushet er ogs\u00e5 et valg. N\u00e5r det \u00e5penbare ikke anerkjennes, oppst\u00e5r ikke verdighet. Det oppst\u00e5r avstand!<\/p>\n<p>Troverdighet og taushet<\/p>\n<p>Kongen snakker i stedet om lidelse i Gaza, Ukraina og Sudan. Han ber oss leve oss inn i andres smerte. Tenk om det var v\u00e5rt eget barn. V\u00e5r mor. V\u00e5r bror.<\/p>\n<p>Empatien er stor. Men den er trygg. Og den er langt borte.<\/p>\n<p>Samtidig ber\u00f8res ikke s\u00e5rbarheten hjemme.Ikke engang indirekte. Det er et p\u00e5fallende frav\u00e6r i en tale som ellers handler om fellesskap og menneskelig skj\u00f8rhet.<\/p>\n<p><b>Les ogs\u00e5:<\/b> <a href=\"https:\/\/www.nettavisen.no\/nyheter\/kongen-til-nrk-om-kronprinsessens-sykdom-det-er-tungt-men-det-ma-vi-leve-med\/s\/5-95-2790862\" rel=\"Follow nofollow noopener\" target=\"_blank\">Kongen om Mette-Marits sykdom: \u2013 Det er tungt, men det m\u00e5 vi leve med<\/a><\/p>\n<p>Sp\u00f8rsm\u00e5let er ikke om kongen burde sagt mer.<\/p>\n<p>Sp\u00f8rsm\u00e5let er om det er troverdig \u00e5 ikke si noe.<\/p>\n<p>Fotballen som alltid passer<\/p>\n<p>Selvsagt kommenterer kongen herrelandslagets VM-kvalifisering. Han gleder seg. Det gj\u00f8r vi ogs\u00e5. Fotball er den perfekte fellesnevneren. Ufarlig. Samlende. Uproblematisk.<\/p>\n<p><b>Les ogs\u00e5: <\/b><a class=\"simple-relation related-teaser article--c-eRUmMG article--c-eRUmMG-fZoQSp-design-nettavisen article--c-eRUmMG-gwthdJ-cv\" href=\"https:\/\/www.nettavisen.no\/2026-kan-bli-aret-usa-tar-veien-fra-demokrati-til-autokrati\/o\/5-95-2800470\" rel=\"nofollow noopener\" target=\"_blank\">2026 kan bli \u00e5ret USA tar veien fra demokrati til autokrati<\/a><\/p>\n<p>Det er lettere \u00e5 samle nasjonen rundt fotball enn rundt sykdom.<\/p>\n<p>Det er ikke kritikk av fotballen. Det er en observasjon av prioriteringene.<\/p>\n<p>Monarkiet og distansen<\/p>\n<p>Kong Harald har alltid v\u00e6rt best n\u00e5r han samler uten \u00e5 splitte. Det har v\u00e6rt hans styrke. Men i 2025 har den strategien ogs\u00e5 en pris.<\/p>\n<p>N\u00e5r det private dramaet er s\u00e5 offentlig at alle kjenner det, blir tausheten ikke n\u00f8ytral.<\/p>\n<p>Den blir institusjonell. Og dermed maktut\u00f8velse.<\/p>\n<p>Monarkiet beskytter seg gjennom avstand. Sp\u00f8rsm\u00e5let er hvor lenge det fungerer.<\/p>\n<p>    Vil du se neste video?<\/p>\n<p>    <a href=\"https:\/\/www.nettavisen.no\/nyheter\/nordmann-pa-stranda-i-australia\/v\/5-95-2800231\" class=\"recommend-poster\" data-adp-clicklabel=\"video-recommend\" data-adp-clickvalue=\"poster\" rel=\"nofollow noopener\" target=\"_blank\"><br \/>\n      <img decoding=\"async\" width=\"200\" height=\"200\" loading=\"lazy\" src=\"https:\/\/www.europesays.com\/no\/wp-content\/uploads\/2025\/12\/NORDMANN+AUSTRALIA+BREDDE+1.jpg\" alt=\"\" class=\"brick-c-cFOWSL\" style=\"--brick-image-ratio: 200 \/ 200;\"\/><\/p>\n<p>Nordmann angrepet p\u00e5 stranda0:46<\/p>\n<p>    <\/a><\/p>\n<p>        I \u00ab\u00c5ret med kongefamilien\u00bb p\u00e5 NRK, kommenterer kongeparet den kommende rettssaken mot kronprinsesse Mette-Marits eldste s\u00f8nn, Marius Borg H\u00f8iby.<br \/>\n        Et \u00e5pent sp\u00f8rsm\u00e5l<\/p>\n<p>Kong Haralds makt ligger ikke i det han bestemmer, men i det han velger \u00e5 tie om.Sp\u00f8rsm\u00e5let er om stillheten fortsatt samler. Eller om den f\u00f8rst og fremst beskytter.<\/p>\n","protected":false},"excerpt":{"rendered":"Han har ingen stemme i Stortinget, ingen vetorett i regjeringen og ingen partifarge. Likevel er nytt\u00e5rstalen en av&hellip;\n","protected":false},"author":2,"featured_media":125820,"comment_status":"","ping_status":"","sticky":false,"template":"","format":"standard","meta":{"footnotes":""},"categories":[10],"tags":[20,21,24,25,15,22,23,13,30,28,29,14,16,26,27],"class_list":{"0":"post-125819","1":"post","2":"type-post","3":"status-publish","4":"format-standard","5":"has-post-thumbnail","7":"category-norge","8":"tag-breaking-news","9":"tag-breakingnews","10":"tag-featured-news","11":"tag-featurednews","12":"tag-headlines","13":"tag-latest-news","14":"tag-latestnews","15":"tag-news","16":"tag-no","17":"tag-norge","18":"tag-norway","19":"tag-nyheter","20":"tag-overskrifter","21":"tag-top-stories","22":"tag-topstories"},"share_on_mastodon":{"url":"https:\/\/pubeurope.com\/@no\/115816405682409743","error":""},"_links":{"self":[{"href":"https:\/\/www.europesays.com\/no\/wp-json\/wp\/v2\/posts\/125819","targetHints":{"allow":["GET"]}}],"collection":[{"href":"https:\/\/www.europesays.com\/no\/wp-json\/wp\/v2\/posts"}],"about":[{"href":"https:\/\/www.europesays.com\/no\/wp-json\/wp\/v2\/types\/post"}],"author":[{"embeddable":true,"href":"https:\/\/www.europesays.com\/no\/wp-json\/wp\/v2\/users\/2"}],"replies":[{"embeddable":true,"href":"https:\/\/www.europesays.com\/no\/wp-json\/wp\/v2\/comments?post=125819"}],"version-history":[{"count":0,"href":"https:\/\/www.europesays.com\/no\/wp-json\/wp\/v2\/posts\/125819\/revisions"}],"wp:featuredmedia":[{"embeddable":true,"href":"https:\/\/www.europesays.com\/no\/wp-json\/wp\/v2\/media\/125820"}],"wp:attachment":[{"href":"https:\/\/www.europesays.com\/no\/wp-json\/wp\/v2\/media?parent=125819"}],"wp:term":[{"taxonomy":"category","embeddable":true,"href":"https:\/\/www.europesays.com\/no\/wp-json\/wp\/v2\/categories?post=125819"},{"taxonomy":"post_tag","embeddable":true,"href":"https:\/\/www.europesays.com\/no\/wp-json\/wp\/v2\/tags?post=125819"}],"curies":[{"name":"wp","href":"https:\/\/api.w.org\/{rel}","templated":true}]}}