{"id":125823,"date":"2025-12-31T21:56:25","date_gmt":"2025-12-31T21:56:25","guid":{"rendered":"https:\/\/www.europesays.com\/no\/125823\/"},"modified":"2025-12-31T21:56:25","modified_gmt":"2025-12-31T21:56:25","slug":"norske-kjendiser-feirer-nyttar-i-eksotiske-destinasjoner","status":"publish","type":"post","link":"https:\/\/www.europesays.com\/no\/125823\/","title":{"rendered":"Norske kjendiser feirer nytt\u00e5r i eksotiske destinasjoner"},"content":{"rendered":"<p class=\"kicker \" style=\"\">Nytt\u00e5r 2025:\u00a0<\/p>\n<p>  Fra fjellkulde til Mexico-varme: Se bildene fra kjendisenes feiringer.<\/p>\n<p>\n    MEXICO: Jan Thomas og Harlem Alexander feirer nytt\u00e5r i Mexico. Foto: instagram \/ @janthomasofficial\n  <\/p>\n<p> N\u00e5r klokken n\u00e6rmer seg midnatt og \u00e5ret g\u00e5r mot slutten, legger kjendisene bak seg 2025 p\u00e5 ulikt vis.\u00a0<\/p>\n<p>Flere av dem har delt bilder av sin feiring i sosiale medier.\u00a0<\/p>\n<p>    <a itemprop=\"url\" href=\"https:\/\/www.seher.no\/kjendis\/ingen-hender-ingen-hindring\/83732028\" rel=\"nofollow noopener\" target=\"_blank\"><\/p>\n<p>        <img loading=\"lazy\" decoding=\"async\" src=\"https:\/\/www.europesays.com\/no\/wp-content\/uploads\/2025\/12\/83732041.webp.webp\" width=\"980\" height=\"441\" title=\"Ingen hender? ingen hindring!\" alt=\"\" class=\"lazyload\" style=\"--aspect-ratio-image: 2.22; \"\/><\/p>\n<p>        Ingen hender? ingen hindring!<\/p>\n<p>    <\/a><\/p>\n<p>Jan Thomas (59) og Harlem Alexander (38)\t<\/p>\n<p>\u00abSkal vi danse\u00bb-dommeren og hans forlovede har pakket kofferten og reist mot sydligere str\u00f8k for \u00e5 markere inngangen til det nyte \u00e5ret. N\u00e6rmere bestemt Mexico.\u00a0\u00a0<\/p>\n<p> \u00ab30. desember, folkens nest siste dag i 2025 \ud83d\ude31\ud83c\udf86 Hva er planene deres for nytt\u00e5rsaften?\u00bb, skriver Jan Thomas til sine f\u00f8lgere p\u00e5 instagram.<\/p>\n<p>Paret reiste s\u00f8rover allerede 21. desember, bare noen timer etter \u00abSkal vi danse\u00bb-finalen.<\/p>\n<p>        <img loading=\"lazy\" decoding=\"async\" src=\"https:\/\/www.europesays.com\/no\/wp-content\/uploads\/2025\/12\/84044426.webp.webp\" width=\"686\" height=\"686\" title=\"Foto: Instagram \/ @janthomasofficial\" alt=\"\" class=\"\" style=\"--aspect-ratio-image: 1.00; \"\/><\/p>\n<p>\n        Foto: Instagram \/ @janthomasofficial\n    <\/p>\n<p>Emilie Nereng (30) og Michael Hansson (35)\t<\/p>\n<p>Jan Thomas og Harlem er ikke alene om \u00e5 feire det nye \u00e5ret i sydligere str\u00f8k. \u00abI kissed a boy\u00bb-programleder og influenser Emilie Nereng har dratt til S\u00f8r-Afrika p\u00e5 bryllupsreise med sin mann Michael Hansson .<\/p>\n<p>    <a itemprop=\"url\" href=\"https:\/\/www.seher.no\/kjendis\/stikk-til-sonnen\/84043890\" rel=\"nofollow noopener\" target=\"_blank\"><\/p>\n<p>        <img loading=\"lazy\" decoding=\"async\" src=\"https:\/\/www.europesays.com\/no\/wp-content\/uploads\/2025\/12\/83757387.webp.webp\" width=\"980\" height=\"441\" title=\"Stikk til s\u00f8nnen\" alt=\"\" class=\"lazyload\" style=\"--aspect-ratio-image: 2.22; \"\/><\/p>\n<p>        Stikk til s\u00f8nnen<\/p>\n<p>    <\/a><\/p>\n<p> \u00abEr p\u00e5 bryllupsreise i S\u00f8r-Afrika med mannen min OG har nytt kamera, er det rart jeg gliser fra \u00f8re til \u00f8re\u00bb, skriver den blide 30-\u00e5ringen p\u00e5 Instagram.\u00a0<\/p>\n<p>        <img loading=\"lazy\" decoding=\"async\" src=\"https:\/\/www.europesays.com\/no\/wp-content\/uploads\/2025\/12\/84044464.webp.webp\" width=\"686\" height=\"721\" title=\"Foto: Instagram \/ @emilienutrition\" alt=\"\" class=\"\" style=\"--aspect-ratio-image: 0.95; \"\/><\/p>\n<p>\n        Foto: Instagram \/ @emilienutrition\n    <\/p>\n<p>Sebastian Solberg (34)\t<\/p>\n<p>Influenser og programleder Sebastian Solberg har ogs\u00e5 tatt feiringen til utlandet, n\u00e6rmere bestemt Dubai. Han feirer sammen med ingen ringere enn veninnen Isabel Raad (31).\u00a0<\/p>\n<p> \u00abHabibi come to Dubai\ud83c\udf34 Beste avgj\u00f8relsen i\u00a0 \u00e5r tok jeg for to dager siden! stikke hit!\u00bb, skriver han p\u00e5 Instagram.\u00a0<\/p>\n<p>        <img loading=\"lazy\" decoding=\"async\" src=\"https:\/\/www.europesays.com\/no\/wp-content\/uploads\/2025\/12\/84044472.webp.webp\" width=\"667\" height=\"728\" title=\"Foto: Instagram \/ @sebastiansolberg\" alt=\"\" class=\"\" style=\"--aspect-ratio-image: 0.92; \"\/><\/p>\n<p>\n        Foto: Instagram \/ @sebastiansolberg\n    <\/p>\n<p>Vendela kirsebom (58) og Petter Pilgaard (45)\t<\/p>\n<p> Hele Norges radarpar har ogs\u00e5 delt noen glimt fra sin nytt\u00e5rsfeiring, og tro det eller ei, de har tatt feiringen til utlandet ogs\u00e5!\u00a0<\/p>\n<p>\u00abNytt\u00e5rsklem fra oss\ud83c\udf87\ud83e\udd42\ud83e\ude77\u00bb, skriver de fra vakre Barcelona\u00a0<\/p>\n<p>        <img loading=\"lazy\" decoding=\"async\" src=\"https:\/\/www.europesays.com\/no\/wp-content\/uploads\/2025\/12\/84044485.webp.webp\" width=\"686\" height=\"618\" title=\"Foto: Instagram \/ @vendelaofficial\" alt=\"\" class=\"\" style=\"--aspect-ratio-image: 1.11; \"\/><\/p>\n<p>\n        Foto: Instagram \/ @vendelaofficial\n    <\/p>\n<p>Erna Solberg (64) og Sindre Finnes (61)\t<\/p>\n<p> Bergenspatrioten og Norges tidligere statsminister, Erna Solberg, feirer nytt\u00e5r p\u00e5 tradisjonelt vis i Bergen sammen med mannen sin, Sindre Finnes. <\/p>\n<p> \u00abKj\u00e6re alle , godt nytt \u00c5r! 2025 var s\u00e5nn passe. 2026 blir bedre\ud83d\ude00\u00bb, lyder teksten til innelgget p\u00e5 Instagram.\u00a0<\/p>\n<p>        <img loading=\"lazy\" decoding=\"async\" src=\"https:\/\/www.europesays.com\/no\/wp-content\/uploads\/2025\/12\/84044492.webp.webp\" width=\"686\" height=\"515\" title=\"Foto: Instagram \/ @ernasolberg\" alt=\"\" class=\"\" style=\"--aspect-ratio-image: 1.33; \"\/><\/p>\n<p>\n        Foto: Instagram \/ @ernasolberg\n    <\/p>\n<p>Carina Dahl (40)\t<\/p>\n<p>Artist og \u00abSkal vi danse\u00bb-deltaker Carina Dahl har valgt kalde Norge vekk til gode for varme Zanzibar.<\/p>\n<p>    <a itemprop=\"url\" href=\"https:\/\/www.seher.no\/kjendis\/a-bli-eldre-er-ogsa-veldig-fint\/83762316\" rel=\"nofollow noopener\" target=\"_blank\"><\/p>\n<p>        <img loading=\"lazy\" decoding=\"async\" src=\"https:\/\/www.europesays.com\/no\/wp-content\/uploads\/2025\/12\/1767218180_484_83762324.webp.webp\" width=\"980\" height=\"441\" title=\"- \u00c5 bli eldre er ogs\u00e5 veldig fint\" alt=\"\" class=\"lazyload\" style=\"--aspect-ratio-image: 2.22; \"\/><\/p>\n<p>        &#8211; \u00c5 bli eldre er ogs\u00e5 veldig fint<\/p>\n<p>    <\/a><\/p>\n<p> \u00abTakk for 2025, skal komme med en s\u00e5nn recap post, men er jo s\u00e5 heldig \u00e5 ha et s\u00e5 innholdsrikt liv at det tar litt tid \u00e5 g\u00e5 igjennom \ud83e\udd79\u2764\ufe0f\ud83d\ude4f\ud83c\udffd Takknemlig for helse, opplevelser, karriere og fine mennesker i livet \ud83e\udef6\ud83c\udffd N\u00e5 skal jeg ta to uker ferie i Zanzibar &#8211; jeg skal recharge etter et meget travelt \u00e5r, et veldig krevende og g\u00f8y siste kvartal, og hvile s\u00e5 mye at kreativiteten kommer tilbake til meg \u2764\ufe0f Godt nytt\u00e5r\u00bb, skriver hun til sine f\u00f8lgere.\u00a0<\/p>\n<p>        <img loading=\"lazy\" decoding=\"async\" src=\"https:\/\/www.europesays.com\/no\/wp-content\/uploads\/2025\/12\/84044504.webp.webp\" width=\"667\" height=\"567\" title=\"Foto: instagram \/ @carinadahl\" alt=\"\" class=\"\" style=\"--aspect-ratio-image: 1.18; \"\/><\/p>\n<p>\n        Foto: instagram \/ @carinadahl\n    <\/p>\n<p>Sophie Stray Spetalen (23)\u00a0\t<\/p>\n<p>Milliard\u00e6r-datter og influenser Sophie Stray Spetalen er ikke fremmed for \u00e5 feire b\u00e5de jul og nytt\u00e5r i varmere str\u00f8k. Denne gangen har hun valgt \u00e5 ta feiringen til\u00a0 Saint-Barth\u00e9lemy i Karibien.\u00a0<\/p>\n<p>        <img loading=\"lazy\" decoding=\"async\" src=\"https:\/\/www.europesays.com\/no\/wp-content\/uploads\/2025\/12\/84044509.webp.webp\" width=\"686\" height=\"680\" title=\"Foto: Instagram \/ @sophiestray\" alt=\"\" class=\"\" style=\"--aspect-ratio-image: 1.01; \"\/><\/p>\n<p>\n        Foto: Instagram \/ @sophiestray\n    <\/p>\n<p>Karianne Vilde Spetalen (31) og Krisitan Spetalen (30)\t<\/p>\n<p>Et par som har tatt feiringen til fjellet i stedet for for sydligere str\u00f8k er influenser Karianne Vilde Spetalen og milliard\u00e6rarving Krisitan Spetalen.\u00a0<\/p>\n<p> \u00abNorefjell &#8211; Courchevel 6 7 \ud83e\udd37\ud83c\udffc\u2640\ufe0f\u00bb, skriver hun til et bilde av henne og familien i skibakken.\u00a0<\/p>\n<p>        <img loading=\"lazy\" decoding=\"async\" src=\"https:\/\/www.europesays.com\/no\/wp-content\/uploads\/2025\/12\/84044519.webp.webp\" width=\"686\" height=\"659\" title=\"Foto: Instagram \/ @kariannevilde\" alt=\"\" class=\"\" style=\"--aspect-ratio-image: 1.04; \"\/><\/p>\n<p>\n        Foto: Instagram \/ @kariannevilde\n    <\/p>\n","protected":false},"excerpt":{"rendered":"Nytt\u00e5r 2025:\u00a0 Fra fjellkulde til Mexico-varme: Se bildene fra kjendisenes feiringer. MEXICO: Jan Thomas og Harlem Alexander feirer&hellip;\n","protected":false},"author":2,"featured_media":125824,"comment_status":"","ping_status":"","sticky":false,"template":"","format":"standard","meta":{"footnotes":""},"categories":[58],"tags":[2288,71,327,7251,2286,11726,479,2543,30,28,29,8079,5299,72,2281],"class_list":{"0":"post-125823","1":"post","2":"type-post","3":"status-publish","4":"format-standard","5":"has-post-thumbnail","7":"category-underholdning","8":"tag-carina-dahl","9":"tag-entertainment","10":"tag-erna-solberg","11":"tag-harlem-alexander","12":"tag-jan-thomas","13":"tag-karianne-vilde-spetalen","14":"tag-kjendis","15":"tag-kjendisdesken","16":"tag-no","17":"tag-norge","18":"tag-norway","19":"tag-petter-pilgaard","20":"tag-sophie-stray-spetalen","21":"tag-underholdning","22":"tag-vendela-kirsebom"},"share_on_mastodon":{"url":"https:\/\/pubeurope.com\/@no\/115816417424167541","error":""},"_links":{"self":[{"href":"https:\/\/www.europesays.com\/no\/wp-json\/wp\/v2\/posts\/125823","targetHints":{"allow":["GET"]}}],"collection":[{"href":"https:\/\/www.europesays.com\/no\/wp-json\/wp\/v2\/posts"}],"about":[{"href":"https:\/\/www.europesays.com\/no\/wp-json\/wp\/v2\/types\/post"}],"author":[{"embeddable":true,"href":"https:\/\/www.europesays.com\/no\/wp-json\/wp\/v2\/users\/2"}],"replies":[{"embeddable":true,"href":"https:\/\/www.europesays.com\/no\/wp-json\/wp\/v2\/comments?post=125823"}],"version-history":[{"count":0,"href":"https:\/\/www.europesays.com\/no\/wp-json\/wp\/v2\/posts\/125823\/revisions"}],"wp:featuredmedia":[{"embeddable":true,"href":"https:\/\/www.europesays.com\/no\/wp-json\/wp\/v2\/media\/125824"}],"wp:attachment":[{"href":"https:\/\/www.europesays.com\/no\/wp-json\/wp\/v2\/media?parent=125823"}],"wp:term":[{"taxonomy":"category","embeddable":true,"href":"https:\/\/www.europesays.com\/no\/wp-json\/wp\/v2\/categories?post=125823"},{"taxonomy":"post_tag","embeddable":true,"href":"https:\/\/www.europesays.com\/no\/wp-json\/wp\/v2\/tags?post=125823"}],"curies":[{"name":"wp","href":"https:\/\/api.w.org\/{rel}","templated":true}]}}