{"id":125825,"date":"2025-12-31T22:02:08","date_gmt":"2025-12-31T22:02:08","guid":{"rendered":"https:\/\/www.europesays.com\/no\/125825\/"},"modified":"2025-12-31T22:02:08","modified_gmt":"2025-12-31T22:02:08","slug":"bleikemyr-fyrverkeri-folk-strommet-til-kjempebra-dette-tas-vare-pa-haugesunds-avis","status":"publish","type":"post","link":"https:\/\/www.europesays.com\/no\/125825\/","title":{"rendered":"Bleikemyr, Fyrverkeri | Folk str\u00f8mmet til: \u2013 Kjempebra dette tas vare p\u00e5 &#8211; Haugesunds Avis"},"content":{"rendered":"<ol>\n<li><a href=\"https:\/\/news.google.com\/rss\/articles\/CBMiigFBVV95cUxOVUlSRkJMSU0wdmFpSGVfaks2UTdVX0tmakJNa3RxYldFNjRtVk1SUWM3dE1LRTdIaDIxS0JGdmpuZWNjQWsyendIZVVNM0VCMmpFN2VCRi1yWk45ckx4Q2JkS2lITVhQb2d1d2tER1ZyUlczNmRERVhHd2Z0X1U5V0syUTBjTU5qeHc?oc=5\" target=\"_blank\" rel=\"nofollow noopener\">Bleikemyr, Fyrverkeri | Folk str\u00f8mmet til: \u2013 Kjempebra dette tas vare p\u00e5<\/a>&nbsp;&nbsp;Haugesunds Avis<\/li>\n<li><a href=\"https:\/\/news.google.com\/rss\/articles\/CBMisAFBVV95cUxOdDRYbzJ0RFdpVXFIS0k0Q0tYcGREaWVyZFRUcHpmWDZtUHF3TmIzRlZrTU9EMjB2b3V1ZzRqaW5ySEhhbWJhTHdLeGZLQUxGSU93ZlBWT1c1bzlaZ1hlcFRXZVJxR3d1c0paRE9iY1hfakhoVExpcXNmelJSN1ZNb2N1R0lSV0NXaUhhZHd0OWtCYlVwVk9kdDZyeUhZM0dLc3g1bW5lRWVmX1B6Qkk4cw?oc=5\" target=\"_blank\" rel=\"nofollow noopener\">Fjor\u00e5rets lysshow ble fiasko. I \u00e5r har noe skjedd med fyrverkisalget.<\/a>&nbsp;&nbsp;Aftenposten<\/li>\n<li><a href=\"https:\/\/news.google.com\/rss\/articles\/CBMiowFBVV95cUxQdGNYUzdIV2VCd3g0ZjlsVi1GZFhLbjNacWJpQkdMOHVSVVU0WUZKSTg3a2ZFcE9qMkJwcVpQZHRmcjkxUXhzR0JWQmlzWGZrOVVLWnNpNXF1N3JrVk4yZTBuVkVrOVp0Y3k1WUd5LThXd0VsX1BtUTh5bkh1NkVpMTdkd3Rta1lDMDgwSFktR1JCa3ZpNWVNeWc3NUdVMkpsMXYw?oc=5\" target=\"_blank\" rel=\"nofollow noopener\">Nyheter, N\u00e6ringsliv | Henter inn nesten hele \u00e5rsomsetningen p\u00e5 noen f\u00e5 dager: \u2013 Alt m\u00e5 klaffe<\/a>&nbsp;&nbsp;Romerikes Blad<\/li>\n<li><a href=\"https:\/\/news.google.com\/rss\/articles\/CBMiiAFBVV95cUxPbjRhZmxLWkx0eDJuQU1TZURYdmhhQ3dOaGlHMHZjYXdQZ2w4c0JrbGJIYnZxVzlrd1NOM280WUR6a296RlE3bDBUTzlZdVBDTW12azVBRE9PLWpGM1hyS05FNGlIRGl5aUtma0taUnNpbGRqazJ0R0xXZU1KX09DUXlhcVBOU1pD?oc=5\" target=\"_blank\" rel=\"nofollow noopener\">Hva gjelder for fyrverkeri i Oslo p\u00e5 nytt\u00e5rsaften?<\/a>&nbsp;&nbsp;Oslo kommune &#8211; Aktuelt<\/li>\n<li><a href=\"https:\/\/news.google.com\/rss\/articles\/CBMihwFBVV95cUxObHZKU2dsS09uckJCRlNhM3k0Y2dOSmhwSEZUMUxIVWlGb3kycVpaU2VFWnBHWC1hTV9IVFg4eXRYWGpYdG95WHA5TlBPV3UxN253SGZlQ1E1Ny12TlBhSHMwZG9FbTFaclV6clk4a2dsZlB3UUE5eFdiRGRRMV9FMmpadS1SbTA?oc=5\" target=\"_blank\" rel=\"nofollow noopener\">Nytt\u00e5r, Fyrverkeri | Her kan du oppleve gratis fyrverkerishow<\/a>&nbsp;&nbsp;Budstikka<\/li>\n<\/ol>\n","protected":false},"excerpt":{"rendered":"Bleikemyr, Fyrverkeri | Folk str\u00f8mmet til: \u2013 Kjempebra dette tas vare p\u00e5&nbsp;&nbsp;Haugesunds Avis Fjor\u00e5rets lysshow ble fiasko. I&hellip;\n","protected":false},"author":2,"featured_media":125826,"comment_status":"","ping_status":"","sticky":false,"template":"","format":"standard","meta":{"footnotes":""},"categories":[10],"tags":[20,21,24,25,15,22,23,13,30,28,29,14,16,26,27],"class_list":{"0":"post-125825","1":"post","2":"type-post","3":"status-publish","4":"format-standard","5":"has-post-thumbnail","7":"category-norge","8":"tag-breaking-news","9":"tag-breakingnews","10":"tag-featured-news","11":"tag-featurednews","12":"tag-headlines","13":"tag-latest-news","14":"tag-latestnews","15":"tag-news","16":"tag-no","17":"tag-norge","18":"tag-norway","19":"tag-nyheter","20":"tag-overskrifter","21":"tag-top-stories","22":"tag-topstories"},"share_on_mastodon":{"url":"https:\/\/pubeurope.com\/@no\/115816441191029207","error":""},"_links":{"self":[{"href":"https:\/\/www.europesays.com\/no\/wp-json\/wp\/v2\/posts\/125825","targetHints":{"allow":["GET"]}}],"collection":[{"href":"https:\/\/www.europesays.com\/no\/wp-json\/wp\/v2\/posts"}],"about":[{"href":"https:\/\/www.europesays.com\/no\/wp-json\/wp\/v2\/types\/post"}],"author":[{"embeddable":true,"href":"https:\/\/www.europesays.com\/no\/wp-json\/wp\/v2\/users\/2"}],"replies":[{"embeddable":true,"href":"https:\/\/www.europesays.com\/no\/wp-json\/wp\/v2\/comments?post=125825"}],"version-history":[{"count":0,"href":"https:\/\/www.europesays.com\/no\/wp-json\/wp\/v2\/posts\/125825\/revisions"}],"wp:featuredmedia":[{"embeddable":true,"href":"https:\/\/www.europesays.com\/no\/wp-json\/wp\/v2\/media\/125826"}],"wp:attachment":[{"href":"https:\/\/www.europesays.com\/no\/wp-json\/wp\/v2\/media?parent=125825"}],"wp:term":[{"taxonomy":"category","embeddable":true,"href":"https:\/\/www.europesays.com\/no\/wp-json\/wp\/v2\/categories?post=125825"},{"taxonomy":"post_tag","embeddable":true,"href":"https:\/\/www.europesays.com\/no\/wp-json\/wp\/v2\/tags?post=125825"}],"curies":[{"name":"wp","href":"https:\/\/api.w.org\/{rel}","templated":true}]}}