{"id":125827,"date":"2025-12-31T22:03:22","date_gmt":"2025-12-31T22:03:22","guid":{"rendered":"https:\/\/www.europesays.com\/no\/125827\/"},"modified":"2025-12-31T22:03:22","modified_gmt":"2025-12-31T22:03:22","slug":"ble-livredd-og-dode","status":"publish","type":"post","link":"https:\/\/www.europesays.com\/no\/125827\/","title":{"rendered":"&#8211; Ble livredd og d\u00f8de"},"content":{"rendered":"<p class=\"kicker tm44\" style=\"\">Opplevde marerittet p\u00e5 tur:<\/p>\n<p>  En rolig luftetur ved stranda tok en tragisk vending for hundeeier Randi, da noen plutselig skal ha skutt opp fyrverkeri like ved.<\/p>\n<p>\n    TRAGISK UTFALL: Hunden Max omkom denne uka. If\u00f8lge eieren skjedde det etter at hunden ble skremt av fyrverkeri. Foto: Privat\n  <\/p>\n<p>Mandag kveld var Randi Helene D. Bakke ute p\u00e5 tur med hunden Max ved Bu\u00f8ya i Arendal.\u00a0<\/p>\n<p>Hun forteller at den snart tre \u00e5r gamle hunden, en golden doodle, l\u00f8p fritt langs stranda, slik han har gjort mange ganger f\u00f8r.<\/p>\n<p>&#8211; Han var veldig glad i vann og sand og det livet der. Han l\u00f8p rundt og koste seg som han pleier, sier Bakke til Dagbladet.<\/p>\n<p>Etter en stund kom det en bil som stoppet like ved, f\u00f8r den flyttet seg mellom 30 og 50 meter lenger vekk, if\u00f8lge Bakke.<\/p>\n<p class=\"font-weight-bold m-font-weight-bold\" data-lab-font_weight=\"font-weight-bold\">S\u00e5 begynte det hun beskriver som et mareritt.<\/p>\n<p> &#8211; Det gikk ikke mange minutter f\u00f8r de sendte opp et rakettbatteri. Det var et fullt batteri med mange smell, glitter og sprak.\u00a0Max ble livredd, hevder hun.<\/p>\n<p>        <img loading=\"lazy\" decoding=\"async\" src=\"https:\/\/www.europesays.com\/no\/wp-content\/uploads\/2025\/12\/84041023.webp.webp\" width=\"667\" height=\"501\" title=\"LEKEN KAMERAT: Hunden Max var glad i \u00e5 l\u00f8pe og herje utend\u00f8rs. Foto: Privat\" alt=\"\" class=\"\" style=\"--aspect-ratio-image: 1.33; \"\/><\/p>\n<p>\n        LEKEN KAMERAT: Hunden Max var glad i \u00e5 l\u00f8pe og herje utend\u00f8rs. Foto: Privat\n    <\/p>\n<p>D\u00f8de br\u00e5tt\t<\/p>\n<p>Hun forteller at Max begynte \u00e5 pipe og l\u00f8pe desperat rundt, f\u00f8r han forsvant inn i skogterrenget. Bakke ringte straks noen venner for \u00e5 f\u00e5 letehjelp, og la ut en etterlysning p\u00e5 Facebook.<\/p>\n<p class=\"font-weight-bold m-font-weight-bold\" data-lab-font_weight=\"font-weight-bold\">Kort tid seinere kom sjokkbeskjeden: Max var funnet d\u00f8d.<\/p>\n<p>Selv mener hun at hunden trolig har l\u00f8pt s\u00e5 mye at hjertet stoppe p\u00e5 ham. \u00c5rsaken til d\u00f8dsfallet er etter det Dagbladet kjenner til ikke fastsl\u00e5tt av dyrlege.\u00a0<\/p>\n<p>&#8211; Antagelig har han l\u00f8pt s\u00e5 mye at hjertet stoppet p\u00e5 ham. Han gikk fra \u00e5 v\u00e6re i sitt ess, til \u00e5 bli livredd og d\u00f8, mener Bakke, som legger til:\u00a0<\/p>\n<p>&#8211; Han rakk ikke \u00e5 bli tre \u00e5r gammel engang.<\/p>\n<p> Hun beskriver det siste d\u00f8gnet som sv\u00e6rt tungt &#8211; s\u00e6rlig det \u00e5 m\u00e5tte fortelle s\u00f8nnen, som var p\u00e5 juleferie hos besteforeldrene, om tapet av Max.<\/p>\n<p class=\"font-weight-bold m-font-weight-bold\" data-lab-font_weight=\"font-weight-bold\">&#8211;\u00a0 N\u00e5 er det en 14-\u00e5ring som m\u00e5 komme hjem til et hus uten bestevennen sin.<\/p>\n<p>        <img loading=\"lazy\" decoding=\"async\" src=\"https:\/\/www.europesays.com\/no\/wp-content\/uploads\/2025\/12\/84041018.webp.webp\" width=\"667\" height=\"534\" title=\"KJ\u00c6RT FAMILIEMEDLEM: Randis s\u00f8nn sammen med hunden Max. Foto: Privat\" alt=\"\" class=\"\" style=\"--aspect-ratio-image: 1.25; \"\/><\/p>\n<p>\n        KJ\u00c6RT FAMILIEMEDLEM: Randis s\u00f8nn sammen med hunden Max. Foto: Privat\n    <\/p>\n<p>Takker for st\u00f8tten\t<\/p>\n<p>Randi forteller om et overveldende engasjement fra b\u00e5de kjente og ukjente etter at hun delte den f\u00f8rste meldingen p\u00e5 Facebook.<\/p>\n<p> &#8211; Da jeg kom ut av skogen, og nettopp hadde f\u00e5tt beskjed om at de hadde funnet ham, s\u00e5 ble jeg m\u00f8tt av bil p\u00e5 bil p\u00e5 bil med folk som ville v\u00e6re med og lete.<\/p>\n<p class=\"font-weight-bold m-font-weight-bold\" data-lab-font_weight=\"font-weight-bold\">&#8211; Jeg er s\u00e5 takknemlig &#8211; jeg skulle bare \u00f8nske at resutatet ble annerledes, sier hun.<\/p>\n<p>I en oppdatering av Facebook-posten, som n\u00e5 har f\u00e5tt tusenvis av reaksjoner, skriver Randi f\u00f8lgende:<\/p>\n<p>    <a itemprop=\"url\" href=\"https:\/\/www.dagbladet.no\/nyheter\/nyttarsbonn-dina-er-livredd\/78185265\" rel=\"nofollow noopener\" target=\"_blank\"><\/p>\n<p>        <img loading=\"lazy\" decoding=\"async\" src=\"https:\/\/www.europesays.com\/no\/wp-content\/uploads\/2025\/12\/78185910.webp.webp\" width=\"147\" height=\"98\" title=\"Nytt\u00e5rsb\u00f8nn: - Dina er livredd\" alt=\"\" class=\"lazyload\" style=\"--aspect-ratio-image: 1.50; \"\/><\/p>\n<p>        Nytt\u00e5rsb\u00f8nn: &#8211; Dina er livredd<\/p>\n<p>    <\/a><\/p>\n<p>&#8211;\u00a0 Takk til dere som m\u00f8tte opp for \u00e5 lete etter min bestevenn, og en ekstra takk til dere som hjalp meg med \u00e5 f\u00e5 ham ut av skogen slik at jeg fikk ham med meg hjem for en siste avskjed.<\/p>\n<p>Vekker harme\t<\/p>\n<p>I kommentarfeltet str\u00f8mmer det inn med kondolanser og reaksjoner fra folk som b\u00e5de er sinte og frustrerte over hendelsen. Flere tar til orde for \u00e5 forby fyrverkeri.<\/p>\n<p class=\"font-weight-bold m-font-weight-bold\" data-lab-font_weight=\"font-weight-bold\">&#8211; S\u00e5 tragisk. Det skulle ha v\u00e6rt totalforbud mot raketter, skriver en.<\/p>\n<p>&#8211; S\u00e5 utrolig trist \u00e5 h\u00f8re. Helt meningsl\u00f8st og hensynsl\u00f8st, skriver en annen.<\/p>\n<p>    <a itemprop=\"url\" href=\"https:\/\/www.dagbladet.no\/nyheter\/ser-dystert-ut\/84036004\" rel=\"nofollow noopener\" target=\"_blank\"><\/p>\n<p>        <img loading=\"lazy\" decoding=\"async\" src=\"https:\/\/www.europesays.com\/no\/wp-content\/uploads\/2025\/12\/84036018.webp.webp\" width=\"980\" height=\"441\" title=\"- Ser dystert ut\" alt=\"\" class=\"lazyload\" style=\"--aspect-ratio-image: 2.22; \"\/><\/p>\n<p>        &#8211; Ser dystert ut<\/p>\n<p>    <\/a><\/p>\n<p>N\u00e5 h\u00e5per Randi at hunden Max ikke mistet livet forgjeves, men at folk tenker seg om neste gang de vurderer \u00e5 fyre opp raketter.<\/p>\n<p>&#8211; Jeg h\u00e5per vi for dyrevelferden sin skyld kan f\u00e5 en slutt p\u00e5 fyrverkeri. For dyrene er dette uforetsigbart og fryktelig, avslutter hun.<\/p>\n<p>If\u00f8lge <a href=\"https:\/\/lovdata.no\/artikkel\/fyrverkeri_pa_nyttarsaften_dette_er_reglene_for_kjop_og_bruk_av_fyrverkeri\/4629\" rel=\"nofollow noopener\" target=\"_blank\">Lovdata<\/a> kan fyrverkeri kun avfyres p\u00e5 nytt\u00e5rsaften mellom klokka 18.00 og 02.00.\u00a0<\/p>\n<p>Bruk av fyrverkeri utover dette er forbudt, med mindre man har f\u00e5tt spesiell tillatelse.<\/p>\n","protected":false},"excerpt":{"rendered":"Opplevde marerittet p\u00e5 tur: En rolig luftetur ved stranda tok en tragisk vending for hundeeier Randi, da noen&hellip;\n","protected":false},"author":2,"featured_media":125828,"comment_status":"","ping_status":"","sticky":false,"template":"","format":"standard","meta":{"footnotes":""},"categories":[5],"tags":[20,21,24,25,10497,15,19,2078,2539,22,23,17,18,13,30,28,29,14,16,26,27],"class_list":{"0":"post-125827","1":"post","2":"type-post","3":"status-publish","4":"format-standard","5":"has-post-thumbnail","7":"category-overskrifter","8":"tag-breaking-news","9":"tag-breakingnews","10":"tag-featured-news","11":"tag-featurednews","12":"tag-fyrverkeri","13":"tag-headlines","14":"tag-hovedoppslag","15":"tag-hund","16":"tag-innenriks","17":"tag-latest-news","18":"tag-latestnews","19":"tag-main-news","20":"tag-mainnews","21":"tag-news","22":"tag-no","23":"tag-norge","24":"tag-norway","25":"tag-nyheter","26":"tag-overskrifter","27":"tag-top-stories","28":"tag-topstories"},"share_on_mastodon":{"url":"https:\/\/pubeurope.com\/@no\/115816444983667619","error":""},"_links":{"self":[{"href":"https:\/\/www.europesays.com\/no\/wp-json\/wp\/v2\/posts\/125827","targetHints":{"allow":["GET"]}}],"collection":[{"href":"https:\/\/www.europesays.com\/no\/wp-json\/wp\/v2\/posts"}],"about":[{"href":"https:\/\/www.europesays.com\/no\/wp-json\/wp\/v2\/types\/post"}],"author":[{"embeddable":true,"href":"https:\/\/www.europesays.com\/no\/wp-json\/wp\/v2\/users\/2"}],"replies":[{"embeddable":true,"href":"https:\/\/www.europesays.com\/no\/wp-json\/wp\/v2\/comments?post=125827"}],"version-history":[{"count":0,"href":"https:\/\/www.europesays.com\/no\/wp-json\/wp\/v2\/posts\/125827\/revisions"}],"wp:featuredmedia":[{"embeddable":true,"href":"https:\/\/www.europesays.com\/no\/wp-json\/wp\/v2\/media\/125828"}],"wp:attachment":[{"href":"https:\/\/www.europesays.com\/no\/wp-json\/wp\/v2\/media?parent=125827"}],"wp:term":[{"taxonomy":"category","embeddable":true,"href":"https:\/\/www.europesays.com\/no\/wp-json\/wp\/v2\/categories?post=125827"},{"taxonomy":"post_tag","embeddable":true,"href":"https:\/\/www.europesays.com\/no\/wp-json\/wp\/v2\/tags?post=125827"}],"curies":[{"name":"wp","href":"https:\/\/api.w.org\/{rel}","templated":true}]}}