{"id":125831,"date":"2025-12-31T22:09:18","date_gmt":"2025-12-31T22:09:18","guid":{"rendered":"https:\/\/www.europesays.com\/no\/125831\/"},"modified":"2025-12-31T22:09:18","modified_gmt":"2025-12-31T22:09:18","slug":"kongens-nyttarstale-kong-harald-kongens-nyttarstale-lett-a-forsta-at-mange-er-urolige","status":"publish","type":"post","link":"https:\/\/www.europesays.com\/no\/125831\/","title":{"rendered":"Kongens nytt\u00e5rstale, Kong Harald | Kongens nytt\u00e5rstale: \u2013 Lett \u00e5 forst\u00e5 at mange er urolige"},"content":{"rendered":"\n<p>\u2013 I h\u00f8st bes\u00f8kte Dronningen og jeg Aremark kommune i \u00d8stfold, n\u00e6r svenskegrensen. Da vi satte oss i bilen for \u00e5 kj\u00f8re hjem igjen, s\u00e5 vi p\u00e5 hverandre og smilte.<\/p>\n<p>Slik innleder Kong Harald (87) sin nytt\u00e5rstale til det norske folk. Talen skal derimot ikke handle om den lille kommunen i \u00d8stfold, men det trekkes likevel fram for \u00e5 eksemplifisere hovedpoengene Kongen \u00f8nsker \u00e5 fremme i \u00e5rets tale.<\/p>\n<p>Nemlig fellesskap, medmenneskelighet og takknemlighet.<\/p>\n<p><b>Les ogs\u00e5: <\/b><a href=\"https:\/\/www.nettavisen.no\/kjendis\/kronprinsesse-mette-marit-apner-opp-krevende\/s\/5-95-2796701\" rel=\"Follow nofollow noopener\" target=\"_blank\"><b>Kronprinsesse Mette-Marit \u00e5pner opp: \u2013 Pr\u00f8vd \u00e5 gj\u00f8re s\u00e5 godt vi kunne<\/b><\/a><\/p>\n<p>    Vil du se neste video?<\/p>\n<p>    <a href=\"https:\/\/www.nettavisen.no\/nyheter\/nordmann-pa-stranda-i-australia\/v\/5-95-2800231\" class=\"recommend-poster\" data-adp-clicklabel=\"video-recommend\" data-adp-clickvalue=\"poster\" rel=\"nofollow noopener\" target=\"_blank\"><br \/>\n      <img decoding=\"async\" width=\"200\" height=\"200\" loading=\"lazy\" src=\"https:\/\/www.europesays.com\/no\/wp-content\/uploads\/2025\/12\/NORDMANN+AUSTRALIA+BREDDE+1.jpg\" alt=\"\" class=\"brick-c-cFOWSL\" style=\"--brick-image-ratio: 200 \/ 200;\"\/><\/p>\n<p>Nordmann angrepet p\u00e5 stranda0:46<\/p>\n<p>    <\/a><\/p>\n<p>        Se kong Haralds nytt\u00e5rstale for 2025.<br \/>\n        En verden i omveltning<\/p>\n<p>Etter \u00e5 ha innledet talen med \u00e5 snakke om viktigheten av lokale fellesskap og tilh\u00f8righet velger kongen \u00e5 rette blikket ut mot et st\u00f8rre verdensperspektiv, og erkjenner at det er flere forhold i verden som ikke er slik de burde v\u00e6re.<\/p>\n<p>\u2013 Det er lett \u00e5 forst\u00e5 at mange kan bli b\u00e5de urolige og nedfor s\u00e5nn som verden ser ut i dag. Den kjente verdensordenen som vi har fulgt i mange ti\u00e5r er i omveltning. Daglig ser vi eksempler p\u00e5 at demokratiske prinsipper vakler og minoriteters rettigheter svekkes \u2013 ogs\u00e5 i v\u00e5r del av verden, sier kong Harald fra talerstolen.<\/p>\n<p>Videre sendte han st\u00f8tteerkl\u00e6ringer til v\u00e5re medmennesker i Gaza, Ukraina og Sudan.<\/p>\n<p>Nettavisen kongehusekspert, Tove Taalesen, hyller kongens tale \u2013 b\u00e5de for de r\u00f8rende bildene han malte fra ulike lokalsamfunn rundt om i landet, men ogs\u00e5 for at han adresserte de st\u00f8rre temaene som p\u00e5virker manges hverdag.<\/p>\n<p>\u2013 Det er en tale som b\u00e6rer preg av at kongen har levd mange \u00e5r, og har sett utviklingen i verden. Han er som vanlig klok og reflektert. Det er n\u00f8dvendig at et statsoverhode ogs\u00e5 omtalte de tingene som er vanskelig i verden. De tingene som skjer i verden p\u00e5virker jo oss nordmenn, og kongen blir p\u00e5 mange m\u00e5ter et bindeledd til det norske folk. Det ville v\u00e6rt veldig rart om kongen ikke hadde nevnt de ulike utfordringene verden st\u00e5r overfor, sier Taalesen til Nettavisen.<\/p>\n<p>Avslutningsvis maner kongen hver og en til \u00e5 g\u00e5 en runde med seg selv og stille seg selv sp\u00f8rsm\u00e5let: <b>Hva er det jeg er takknemlig for?<\/b><\/p>\n<p>\u2013 Svarene blir nok like mange og forskjellige som vi er mennesker i dette landet. Men \u00e9n ting h\u00e5per jeg vi deler: Takknemligheten for hverdagsdemokratiet v\u00e5rt. Og at vi sammen vil gj\u00f8re v\u00e5rt beste for \u00e5 ta vare p\u00e5 det \u2013 og velge det gode n\u00e5r vi kan, sier kongen.<\/p>\n<p>Utelot private omliggenheter<\/p>\n<p>2025 har \u2013 i likhet med 2024 \u2013 v\u00e6rt en krevende \u00e5r for kongefamilien, hvor den kommende rettssaken mot Marius Borg H\u00f8iby (28) har hengt over dem som en m\u00f8rk sky.<\/p>\n<p>Kongen har allerede adressert straffesaken i <a rel=\"noopener nofollow\" href=\"https:\/\/www.nrk.no\/norge\/xl\/kong-harald_-_-haper-de-berorte-far-det-bedre-etter-rettssaken-1.17696238\" target=\"_blank\">NRK-programmet<\/a> \u00ab\u00c5ret med kongefamilien\u00bb, der han poengterte at han <a href=\"https:\/\/www.nettavisen.no\/nyheter\/kongen-om-hoiby-rettssaken-haper-de-berorte-far-det-bedre-etter-rettssaken\/s\/5-95-2796673\" rel=\"Follow nofollow noopener\" target=\"_blank\">f\u00f8lte med alle de ber\u00f8rte i saken.<\/a><\/p>\n<p>Det var knyttet spenning til hvorvidt han ville ta det opp ogs\u00e5 i nytt\u00e5rstalen, men det kom aldri.<\/p>\n<p><b>Les ogs\u00e5: <\/b><a href=\"https:\/\/www.nettavisen.no\/nyheter\/kongen-om-hoiby-rettssaken-haper-de-berorte-far-det-bedre-etter-rettssaken\/s\/5-95-2796673\" rel=\"Follow nofollow noopener\" target=\"_blank\"><b>Kongen om H\u00f8iby-rettssaken: H\u00e5per de ber\u00f8rte f\u00e5r det bedre etter rettssaken<\/b><\/a><\/p>\n<p>Nettavisen kongehusekspert er klokkeklar p\u00e5 at det var det riktige valget.<\/p>\n<p>\u2013 Det handler om at nytt\u00e5rstalen ikke er en privat tale fra kongen til det norske folket. Det er en tale fra et statsoverhode. Det ville v\u00e6rt ganske utidig \u00e5 snakke om personlige forhold innad i familien, s\u00e5 jeg er glad for at han ikke gj\u00f8r det, og heller tyr til de lange linjene, sier Taalesen.<\/p>\n<p>    Vil du se neste video?<\/p>\n<p>    <a href=\"https:\/\/www.nettavisen.no\/nyheter\/nordmann-pa-stranda-i-australia\/v\/5-95-2800231\" class=\"recommend-poster\" data-adp-clicklabel=\"video-recommend\" data-adp-clickvalue=\"poster\" rel=\"nofollow noopener\" target=\"_blank\"><br \/>\n      <img decoding=\"async\" width=\"200\" height=\"200\" loading=\"lazy\" src=\"https:\/\/www.europesays.com\/no\/wp-content\/uploads\/2025\/12\/NORDMANN+AUSTRALIA+BREDDE+1.jpg\" alt=\"\" class=\"brick-c-cFOWSL\" style=\"--brick-image-ratio: 200 \/ 200;\"\/><\/p>\n<p>Nordmann angrepet p\u00e5 stranda0:46<\/p>\n<p>    <\/a><\/p>\n<p>        I \u00ab\u00c5ret med kongefamilien\u00bb p\u00e5 NRK, kommenterer kongeparet den kommende rettssaken mot kronprinsesse Mette-Marits eldste s\u00f8nn, Marius Borg H\u00f8iby.<\/p>\n","protected":false},"excerpt":{"rendered":"\u2013 I h\u00f8st bes\u00f8kte Dronningen og jeg Aremark kommune i \u00d8stfold, n\u00e6r svenskegrensen. Da vi satte oss i&hellip;\n","protected":false},"author":2,"featured_media":125832,"comment_status":"","ping_status":"","sticky":false,"template":"","format":"standard","meta":{"footnotes":""},"categories":[10],"tags":[20,21,24,25,15,22,23,13,30,28,29,14,16,26,27],"class_list":{"0":"post-125831","1":"post","2":"type-post","3":"status-publish","4":"format-standard","5":"has-post-thumbnail","7":"category-norge","8":"tag-breaking-news","9":"tag-breakingnews","10":"tag-featured-news","11":"tag-featurednews","12":"tag-headlines","13":"tag-latest-news","14":"tag-latestnews","15":"tag-news","16":"tag-no","17":"tag-norge","18":"tag-norway","19":"tag-nyheter","20":"tag-overskrifter","21":"tag-top-stories","22":"tag-topstories"},"share_on_mastodon":{"url":"https:\/\/pubeurope.com\/@no\/115816468559604898","error":""},"_links":{"self":[{"href":"https:\/\/www.europesays.com\/no\/wp-json\/wp\/v2\/posts\/125831","targetHints":{"allow":["GET"]}}],"collection":[{"href":"https:\/\/www.europesays.com\/no\/wp-json\/wp\/v2\/posts"}],"about":[{"href":"https:\/\/www.europesays.com\/no\/wp-json\/wp\/v2\/types\/post"}],"author":[{"embeddable":true,"href":"https:\/\/www.europesays.com\/no\/wp-json\/wp\/v2\/users\/2"}],"replies":[{"embeddable":true,"href":"https:\/\/www.europesays.com\/no\/wp-json\/wp\/v2\/comments?post=125831"}],"version-history":[{"count":0,"href":"https:\/\/www.europesays.com\/no\/wp-json\/wp\/v2\/posts\/125831\/revisions"}],"wp:featuredmedia":[{"embeddable":true,"href":"https:\/\/www.europesays.com\/no\/wp-json\/wp\/v2\/media\/125832"}],"wp:attachment":[{"href":"https:\/\/www.europesays.com\/no\/wp-json\/wp\/v2\/media?parent=125831"}],"wp:term":[{"taxonomy":"category","embeddable":true,"href":"https:\/\/www.europesays.com\/no\/wp-json\/wp\/v2\/categories?post=125831"},{"taxonomy":"post_tag","embeddable":true,"href":"https:\/\/www.europesays.com\/no\/wp-json\/wp\/v2\/tags?post=125831"}],"curies":[{"name":"wp","href":"https:\/\/api.w.org\/{rel}","templated":true}]}}