{"id":125835,"date":"2025-12-31T22:15:07","date_gmt":"2025-12-31T22:15:07","guid":{"rendered":"https:\/\/www.europesays.com\/no\/125835\/"},"modified":"2025-12-31T22:15:07","modified_gmt":"2025-12-31T22:15:07","slug":"elon-musk-danmark-elon-musk-om-tenaring-sa-deilig-at-hun-burde-fa-opphold","status":"publish","type":"post","link":"https:\/\/www.europesays.com\/no\/125835\/","title":{"rendered":"Elon Musk, Danmark | Elon Musk om ten\u00e5ring: \u2013 S\u00e5 deilig at hun burde f\u00e5 opphold"},"content":{"rendered":"\n<p>Audrey Morris er en amerikansk student fra Los Angeles som n\u00e5 bor i \u00c5rhus i Danmark. Der har hun bodd siden hun var ni \u00e5r gammel. Hun kom i nyhetene i januar i \u00e5r fordi hun risikerte \u00e5 bli deportert fra Danmark. Siden den gang har det v\u00e6rt utvikling i saken, samt at nyheten har spredd seg verden rundt.<\/p>\n<p><b>Fra mars i \u00e5r: <a href=\"https:\/\/www.nettavisen.no\/nyheter\/elon-musk-har-blitt-far-igjen-na-har-han-14-barn\/s\/5-95-2312795\" rel=\"Follow nofollow noopener\" target=\"_blank\">Elon Musk har blitt far igjen<\/a><\/b><\/p>\n<p>S\u00f8ndag kommenterte Musk hennes sak p\u00e5 <a href=\"https:\/\/x.com\/elonmusk\/status\/2005367631914860723\" rel=\"Follow nofollow\">X <\/a>med ordene: \u00ab8 or above level hotness should get an exemption\u00bb samt en latter-moji. Det kan oversettes med \u00ab\u00ab8 eller h\u00f8yere deilig b\u00f8r gi unntak\u00bb.<\/p>\n<p><b>Les ogs\u00e5: <a href=\"https:\/\/www.nettavisen.no\/kjendis\/elon-musks-ville-privatliv\/s\/5-95-2259583\" rel=\"Follow nofollow noopener\" target=\"_blank\">Dette er Musks komplekse familiehistorikk<\/a><\/b><\/p>\n<p>Til <a href=\"https:\/\/www.thedailybeast.com\/la-teen-embarrassed-by-elon-musks-crazy-public-lusting-over-her\/\" rel=\"Follow nofollow noopener\" target=\"_blank\">Daily Beast<\/a> sier Morris at hun ikke er overrasket over innholdet i kommentaren, men av at Elon Musk var avsender.<\/p>\n<p>\u2013 Fra det \u00f8yeblikket saken min ble offentliggjort, har det handlet om utseende og fordi \u00abhun er blond og hvit\u00bb, s\u00e5 det han skrev i seg selv var ikke sjokkerende for meg. Men n\u00e5r det kom fra ham, ja, det var definitivt. Jeg ble helt satt ut, sier hun.<\/p>\n<p><b>Les ogs\u00e5: <a href=\"https:\/\/www.nettavisen.no\/nyheter\/elon-musks-transdatter-hardt-ut-en-patetisk-manne-baby\/s\/5-95-2362486\" rel=\"Follow nofollow noopener\" target=\"_blank\">Elon Musks transdatter hardt ut: \u2013 Han er en patetisk manne-baby<\/a><\/b><\/p>\n<p>Morris sier at Musk gjerne kunne valgt en annen form for oppmerksomhet, fremfor \u00e5 legge ut en kommentar som noen kommentatorer har stemplet som \u00abpervo\u00bb.<\/p>\n<p>\u2013 Det hadde v\u00e6rt helt topp om han hadde kommentert noe s\u00e5nt som \u00ab\u00c5h wow, se p\u00e5 hennes akademiske prestasjoner\u00bb eller hva som helst annet. Det hadde v\u00e6rt flott. Det kunne ha hjulpet, sier hun.<\/p>\n<p>Morris risikerer ikke lenger \u00e5 bli deportert fra Danmark med det f\u00f8rste. Etter at saken hennes ble offentlig, ble hun gitt en midlertidig oppholdstillatelse som varer i ti \u00e5r. Hun er imidlertid nektet statsborgerskap, selv om hennes mor og 15 \u00e5r gamle bror har f\u00e5tt dansk statsborgerskap. <\/p>\n<p>.\u2013 Jeg har besteforeldrene mine og noen venner i USA, men Danmark er hjemmet mitt hundre prosent. Jeg er s\u00e5 dansk som en utlending kan v\u00e6re\u00bb, sa hun til <a href=\"https:\/\/stiften.dk\/politik\/18-aarige-audrey-har-boet-i-danmark-halvdelen-af-sit-liv-men-pludselig-er-hun-udvist-eller-hvad\" rel=\"Follow nofollow noopener\" target=\"_blank\">Stifstidende <\/a>i januar.<\/p>\n","protected":false},"excerpt":{"rendered":"Audrey Morris er en amerikansk student fra Los Angeles som n\u00e5 bor i \u00c5rhus i Danmark. Der har&hellip;\n","protected":false},"author":2,"featured_media":125836,"comment_status":"","ping_status":"","sticky":false,"template":"","format":"standard","meta":{"footnotes":""},"categories":[12],"tags":[20,21,24,25,15,22,23,13,30,28,29,14,16,26,27,42,43,44,45],"class_list":{"0":"post-125835","1":"post","2":"type-post","3":"status-publish","4":"format-standard","5":"has-post-thumbnail","7":"category-verden","8":"tag-breaking-news","9":"tag-breakingnews","10":"tag-featured-news","11":"tag-featurednews","12":"tag-headlines","13":"tag-latest-news","14":"tag-latestnews","15":"tag-news","16":"tag-no","17":"tag-norge","18":"tag-norway","19":"tag-nyheter","20":"tag-overskrifter","21":"tag-top-stories","22":"tag-topstories","23":"tag-verden","24":"tag-world","25":"tag-world-news","26":"tag-worldnews"},"share_on_mastodon":{"url":"https:\/\/pubeurope.com\/@no\/115816492124502543","error":""},"_links":{"self":[{"href":"https:\/\/www.europesays.com\/no\/wp-json\/wp\/v2\/posts\/125835","targetHints":{"allow":["GET"]}}],"collection":[{"href":"https:\/\/www.europesays.com\/no\/wp-json\/wp\/v2\/posts"}],"about":[{"href":"https:\/\/www.europesays.com\/no\/wp-json\/wp\/v2\/types\/post"}],"author":[{"embeddable":true,"href":"https:\/\/www.europesays.com\/no\/wp-json\/wp\/v2\/users\/2"}],"replies":[{"embeddable":true,"href":"https:\/\/www.europesays.com\/no\/wp-json\/wp\/v2\/comments?post=125835"}],"version-history":[{"count":0,"href":"https:\/\/www.europesays.com\/no\/wp-json\/wp\/v2\/posts\/125835\/revisions"}],"wp:featuredmedia":[{"embeddable":true,"href":"https:\/\/www.europesays.com\/no\/wp-json\/wp\/v2\/media\/125836"}],"wp:attachment":[{"href":"https:\/\/www.europesays.com\/no\/wp-json\/wp\/v2\/media?parent=125835"}],"wp:term":[{"taxonomy":"category","embeddable":true,"href":"https:\/\/www.europesays.com\/no\/wp-json\/wp\/v2\/categories?post=125835"},{"taxonomy":"post_tag","embeddable":true,"href":"https:\/\/www.europesays.com\/no\/wp-json\/wp\/v2\/tags?post=125835"}],"curies":[{"name":"wp","href":"https:\/\/api.w.org\/{rel}","templated":true}]}}