{"id":125837,"date":"2025-12-31T22:16:17","date_gmt":"2025-12-31T22:16:17","guid":{"rendered":"https:\/\/www.europesays.com\/no\/125837\/"},"modified":"2025-12-31T22:16:17","modified_gmt":"2025-12-31T22:16:17","slug":"krim-politiet-siktet-for-drap-onsker-ikke-a-bli-avhort-av-politiet-ostlendingen","status":"publish","type":"post","link":"https:\/\/www.europesays.com\/no\/125837\/","title":{"rendered":"Krim, Politiet | Siktet for drap: \u00d8nsker ikke \u00e5 bli avh\u00f8rt av politiet &#8211; \u00d8stlendingen"},"content":{"rendered":"<ol>\n<li><a href=\"https:\/\/news.google.com\/rss\/articles\/CBMimwFBVV95cUxOblktN2Q5ZnI5eVlDY1dtZk5VTHZJWHpTVjQ2WGc1SGtfSmVnal9LRzIxdkJ5c0JkbVdFc09rSG5VSldIYlo5aUktc0NYMUxmUXhBakdhek9rS2tleXFQdHhnNGE2aXE3RGN5OWRZSzZnRi1EbWZzN0ZpRUxpRDdyaVNRUXhFcmFnX2o2QUt4ZnQwYWRjRjRlcUEzSQ?oc=5\" target=\"_blank\" rel=\"nofollow noopener\">Krim, Politiet | Siktet for drap: \u00d8nsker ikke \u00e5 bli avh\u00f8rt av politiet<\/a>&nbsp;&nbsp;\u00d8stlendingen<\/li>\n<li><a href=\"https:\/\/news.google.com\/rss\/articles\/CBMilgFBVV95cUxNWWpzMWsyYTNTdGtYRlYxTmY1UTlhQjMxdHB1VmhEMi05Q0twUUtQWEg3TmxEYTNNdGdtcWV0RzRPblU1NGtTZ1dqa2hmSG1ZQUtMVkhlSUk1SHpaOHRubXBQZmprSG9FeTZMZi1hWjd6NTZwTE02bVJnRno4VUxhU09TbThnOWtDaVFERXRCM2JDd2tySlE?oc=5\" target=\"_blank\" rel=\"nofollow noopener\">May Torill Eriksen (48) drept: \u2013\u2060 Et godt menneske<\/a>&nbsp;&nbsp;VG<\/li>\n<li><a href=\"https:\/\/news.google.com\/rss\/articles\/CBMijAFBVV95cUxPTGthdnE0Wm5rc3NCUmxiR3lTcDFKdXU1N09xZFRUX3R5RWM2LWV5d1dxZDktc0RDeUhMaHhqMGNMQUlWRVUzS3BUOW9qcUJiUHhnajdqRFg1eThzRVEtQVNQWkdYSXJRX19pR2VhUm9kaDV1T093LVpoVWhWVjlzcjFtUEFSYUpjcm8xag?oc=5\" target=\"_blank\" rel=\"nofollow noopener\">Dagens viktigste nyheter s\u00e5 langt<\/a>&nbsp;&nbsp;adressa.no<\/li>\n<li><a href=\"https:\/\/news.google.com\/rss\/articles\/CBMirwFBVV95cUxOVUVNdDFIZU0yRnZidHBMb3VKMGVSYlYxa3BFQ1lrempCeDRLXzVlcms4aUlPZExNTjhEbUxPd0dpTXh1b1JhRUZiLUVBOUxCVnlid1ByT05KUDc5NFZyTnJ5YXB3VjNBcFZ4X0pIYnRBV2g3bTROZWtBell2TkhrV3hKT25fd0NhRFhpenc0cVdUajYyUHhxQlZaNWJvUGp2MzJoN096aHNDQ0lWMnQ0?oc=5\" target=\"_blank\" rel=\"nofollow noopener\">Kirken\u00e6r-drapet: Siktede varetektsfengslet i fire uker \u2013 nekter avh\u00f8r<\/a>&nbsp;&nbsp;Aftenposten<\/li>\n<li><a href=\"https:\/\/news.google.com\/rss\/articles\/CBMilwFBVV95cUxPeGdkaUQ0dkMwZ0E1V2pVUGQwT1VvRnJNdjV0bkZlNjhZR1oyZ2FKWjl0REJnOGVtc09XTnZ0eUY2emdid293NjNKTUhzb2p2NEV0MUVEZzFCdUl3alozckRSdjRxemRvZ19Gc01leVkxZkZsY0FVT3hfOU8xdjhXRDFIUzZ1dWtUa1pIMkxmZzNpaVRENmxn?oc=5\" target=\"_blank\" rel=\"nofollow noopener\">Drapsiktet mann i Grue varetektsfengsles i fire uker<\/a>&nbsp;&nbsp;NRK<\/li>\n<\/ol>\n","protected":false},"excerpt":{"rendered":"Krim, Politiet | Siktet for drap: \u00d8nsker ikke \u00e5 bli avh\u00f8rt av politiet&nbsp;&nbsp;\u00d8stlendingen May Torill Eriksen (48) drept:&hellip;\n","protected":false},"author":2,"featured_media":286,"comment_status":"","ping_status":"","sticky":false,"template":"","format":"standard","meta":{"footnotes":""},"categories":[10],"tags":[20,21,24,25,15,22,23,13,30,28,29,14,16,26,27],"class_list":{"0":"post-125837","1":"post","2":"type-post","3":"status-publish","4":"format-standard","5":"has-post-thumbnail","7":"category-norge","8":"tag-breaking-news","9":"tag-breakingnews","10":"tag-featured-news","11":"tag-featurednews","12":"tag-headlines","13":"tag-latest-news","14":"tag-latestnews","15":"tag-news","16":"tag-no","17":"tag-norge","18":"tag-norway","19":"tag-nyheter","20":"tag-overskrifter","21":"tag-top-stories","22":"tag-topstories"},"share_on_mastodon":{"url":"https:\/\/pubeurope.com\/@no\/115816496187152638","error":""},"_links":{"self":[{"href":"https:\/\/www.europesays.com\/no\/wp-json\/wp\/v2\/posts\/125837","targetHints":{"allow":["GET"]}}],"collection":[{"href":"https:\/\/www.europesays.com\/no\/wp-json\/wp\/v2\/posts"}],"about":[{"href":"https:\/\/www.europesays.com\/no\/wp-json\/wp\/v2\/types\/post"}],"author":[{"embeddable":true,"href":"https:\/\/www.europesays.com\/no\/wp-json\/wp\/v2\/users\/2"}],"replies":[{"embeddable":true,"href":"https:\/\/www.europesays.com\/no\/wp-json\/wp\/v2\/comments?post=125837"}],"version-history":[{"count":0,"href":"https:\/\/www.europesays.com\/no\/wp-json\/wp\/v2\/posts\/125837\/revisions"}],"wp:featuredmedia":[{"embeddable":true,"href":"https:\/\/www.europesays.com\/no\/wp-json\/wp\/v2\/media\/286"}],"wp:attachment":[{"href":"https:\/\/www.europesays.com\/no\/wp-json\/wp\/v2\/media?parent=125837"}],"wp:term":[{"taxonomy":"category","embeddable":true,"href":"https:\/\/www.europesays.com\/no\/wp-json\/wp\/v2\/categories?post=125837"},{"taxonomy":"post_tag","embeddable":true,"href":"https:\/\/www.europesays.com\/no\/wp-json\/wp\/v2\/tags?post=125837"}],"curies":[{"name":"wp","href":"https:\/\/api.w.org\/{rel}","templated":true}]}}