{"id":125838,"date":"2025-12-31T22:17:12","date_gmt":"2025-12-31T22:17:12","guid":{"rendered":"https:\/\/www.europesays.com\/no\/125838\/"},"modified":"2025-12-31T22:17:12","modified_gmt":"2025-12-31T22:17:12","slug":"la-fram-bevis-ma-anta-alt-er-logn","status":"publish","type":"post","link":"https:\/\/www.europesays.com\/no\/125838\/","title":{"rendered":"La fram \u00abbevis\u00bb: &#8211; M\u00e5 anta alt er l\u00f8gn"},"content":{"rendered":"<p>Det var mandag at Russlands utenriksminister Sergej Lavrov gikk offentlig ut med p\u00e5stander om at ukrainske styrker hadde angrepet president Vladimir Putins residens ved Valdaj-innsj\u00f8en i Novgorod.<\/p>\n<p>Den russiske presidenten gjentok p\u00e5standen i en telefonsamtale med USAs president Donald Trump.<\/p>\n<p>Ukrainas president Volodymyr Zelenskyj har avfeid dette som ren l\u00f8gn, motivert av et \u00f8nske om \u00e5 undergrave fredssamtalene mellom Ukraina og USA.<\/p>\n<p>En rekke uavhengige eksperter har g\u00e5tt ut og omtalt det som sv\u00e6rt usannsynlig at Ukraina skal ha st\u00e5tt bak.<\/p>\n<p>    <a itemprop=\"url\" href=\"https:\/\/www.dagbladet.no\/nyheter\/kan-vaere-snakk-om-uker\/84041585\" rel=\"nofollow noopener\" target=\"_blank\"><\/p>\n<p>        <img loading=\"lazy\" decoding=\"async\" src=\"https:\/\/www.europesays.com\/no\/wp-content\/uploads\/2025\/12\/1767219429_907_84041672.webp.webp\" width=\"980\" height=\"441\" title=\"- Kan v\u00e6re snakk om uker\" alt=\"\" class=\"lazyload\" style=\"--aspect-ratio-image: 2.22; \"\/><\/p>\n<p>        &#8211; Kan v\u00e6re snakk om uker<\/p>\n<p>    <\/a><\/p>\n<p>La fram \u00abbevis\u00bb\t<\/p>\n<p>Russlands forsvarsdepartement har onsdag publisert bilder og video de mener beviser at angrepet fant sted.<\/p>\n<p>Videoen p\u00e5st\u00e5s \u00e5 vise restene av en ukrainsk drone brukt i et p\u00e5st\u00e5tt angrep mot den russiske presidentens residens, truffet i halen av en russisk luftverngranat.<\/p>\n<p>        <img loading=\"lazy\" decoding=\"async\" src=\"https:\/\/www.europesays.com\/no\/wp-content\/uploads\/2025\/12\/84044374.webp.webp\" width=\"667\" height=\"447\" title=\"TROR DET ER FABRIKERT: Ekspert p\u00e5 Ukraina-krigen, Arne B\u00e5rd Dalhaug, tror ingenting p\u00e5 at Kremls bildemateriale viser reelle ukrainske droner som er brukt i noe angrep p\u00e5 Putins residens. Foto: Russlands forsvarsdepartement\" alt=\"\" class=\"\" style=\"--aspect-ratio-image: 1.49; \"\/><\/p>\n<p>\n        TROR DET ER FABRIKERT: Ekspert p\u00e5 Ukraina-krigen, Arne B\u00e5rd Dalhaug, tror ingenting p\u00e5 at Kremls bildemateriale viser reelle ukrainske droner som er brukt i noe angrep p\u00e5 Putins residens. Foto: Russlands forsvarsdepartement\n    <\/p>\n<p>Den er filmet i et delvis opplyst m\u00f8rke i det som ser ut som et lite skogholt. Den p\u00e5st\u00e5tt ukrainske dronen filmes fra ulike vinkler &#8211; liggende p\u00e5 sn\u00f8dekke under et bart tre &#8211; mens en uniformskledd mann prater.<\/p>\n<p>Forsvarsdepartementet har ogs\u00e5 publisert en videoberetning fra det de p\u00e5st\u00e5r er en nabo til stedet, som hevder han h\u00f8rte og s\u00e5 lyden av luftvernsraketter.\u00a0<\/p>\n<p>Imidlertid har flere uavhengige russiske medier kontaktet flere naboer bosatt i omr\u00e5det. Ingen av disse har h\u00f8rt noe til luftvernet.<\/p>\n<p>&#8211; Det var ingen summelyd i natt, for ikke \u00e5 snakke om eksplosjoner. Hele byen ville snakket om det om noe s\u00e5nt skjedde her, skal en beboer ha sagt til det uavhengige nyhetsmediet\u00a0<a href=\"https:\/\/t.me\/s\/mozhemobyasnit\" rel=\"nofollow\">Mozjem Objasit<\/a>.\u00a0<\/p>\n<p>    <a itemprop=\"url\" href=\"https:\/\/www.dagbladet.no\/nyheter\/hele-byen-ville-snakket-om-det\/84042012\" rel=\"nofollow noopener\" target=\"_blank\"><\/p>\n<p>        <img loading=\"lazy\" decoding=\"async\" src=\"https:\/\/www.europesays.com\/no\/wp-content\/uploads\/2025\/12\/1767219430_244_84042083.webp.webp\" width=\"980\" height=\"441\" title=\"- Hele byen ville snakket om det\" alt=\"\" class=\"lazyload\" style=\"--aspect-ratio-image: 2.22; \"\/><\/p>\n<p>        &#8211; Hele byen ville snakket om det<\/p>\n<p>    <\/a><\/p>\n<p>        <img loading=\"lazy\" decoding=\"async\" src=\"https:\/\/www.europesays.com\/no\/wp-content\/uploads\/2025\/12\/84044377.webp.webp\" width=\"980\" height=\"657\" title=\"P\u00c5ST\u00c5R DET ER BEVIS: En soldat viser fram det Kreml hevder er en drone brukt av ukrainerne til \u00e5 angripe Putins residens, avbildet i et bekm\u00f8rkt, flombelyst skogholt i sn\u00f8en. Uavhengige medier og researchere har ikke funnet spor etter det angivelige angrepet, som man vanligvis gj\u00f8r etter ukrainske droneangrep i Russland. Pensjonert generall\u00f8ytnant Arne B\u00e5rd Dalhaug har ingen tro p\u00e5 at bevisene er ekte. Foto: Russlands forsvarsdepartement\" alt=\"\" class=\"\" style=\"--aspect-ratio-image: 1.49; \"\/><\/p>\n<p>\n        P\u00c5ST\u00c5R DET ER BEVIS: En soldat viser fram det Kreml hevder er en drone brukt av ukrainerne til \u00e5 angripe Putins residens, avbildet i et bekm\u00f8rkt, flombelyst skogholt i sn\u00f8en. Uavhengige medier og researchere har ikke funnet spor etter det angivelige angrepet, som man vanligvis gj\u00f8r etter ukrainske droneangrep i Russland. Pensjonert generall\u00f8ytnant Arne B\u00e5rd Dalhaug har ingen tro p\u00e5 at bevisene er ekte. Foto: Russlands forsvarsdepartement\n    <\/p>\n<p>Tror ikke p\u00e5 det\t<\/p>\n<p>Pensjonert generall\u00f8ytnant og tidligere OSSE-observat\u00f8r i det russiskokkuperte Donbas i Ukraina, Arne B\u00e5rd Dalhaug, tror de russiske bevisene er falske.\u00a0<\/p>\n<p>&#8211; De har n\u00e5 hatt flere dager til \u00e5 arrangere noe som kan kalles \u00abbevis\u00bb. Gitt tid kan man jo legge frem hva som helst, poengterer han.<\/p>\n<p>    <a itemprop=\"url\" href=\"https:\/\/www.dagbladet.no\/nyheter\/kan-angripe-zelenskyj-residens\/84040598\" rel=\"nofollow noopener\" target=\"_blank\"><\/p>\n<p>        <img loading=\"lazy\" decoding=\"async\" src=\"https:\/\/www.europesays.com\/no\/wp-content\/uploads\/2025\/12\/1767219431_777_84040882.webp.webp\" width=\"980\" height=\"441\" title=\"- Kan angripe Zelenskyj-residens\" alt=\"\" class=\"lazyload\" style=\"--aspect-ratio-image: 2.22; \"\/><\/p>\n<p>        &#8211; Kan angripe Zelenskyj-residens<\/p>\n<p>    <\/a><\/p>\n<p>Han p\u00e5peker at det ikke finnes noen tegn p\u00e5 at angrepet er observert av lokalbefolkningen.<\/p>\n<p>&#8211;\u00a0Rent generelt m\u00e5 man anta at alt som kommer ut av Kreml er l\u00f8gner som har en hensikt, sier Dalhaug.<\/p>\n<p>Kreml-talsperson Dmitry Peskov sa tirsdag p\u00e5 et pressetreff at han ikke kunne kommentere hvorvidt det foreligger fysiske bevis, eksempelvis i form av vrakrester, for det p\u00e5st\u00e5tte angrepet.<\/p>\n<p>&#8211; Det er en sak for milit\u00e6ret, sa Peskov, gjengitt av statskontrollerte Ria.<\/p>\n<p>        <img loading=\"lazy\" decoding=\"async\" src=\"https:\/\/www.europesays.com\/no\/wp-content\/uploads\/2025\/12\/84044430.webp.webp\" width=\"980\" height=\"657\" title=\"M\u00d8RK SKOG: Bildene Kreml har offentliggjort er ikke daterte, og viser ikke nok bakgrunn eller kontekst til \u00e5 kunne geolokaliseres eller tidfestes. Foto: Russlands forsvarsdepartement\" alt=\"\" class=\"\" style=\"--aspect-ratio-image: 1.49; \"\/><\/p>\n<p>\n        M\u00d8RK SKOG: Bildene Kreml har offentliggjort er ikke daterte, og viser ikke nok bakgrunn eller kontekst til \u00e5 kunne geolokaliseres eller tidfestes. Foto: Russlands forsvarsdepartement\n    <\/p>\n<p>Avviser p\u00e5standene\t<\/p>\n<p>USAs president Donald Trump\u00a0<a href=\"https:\/\/www.dagbladet.no\/nyheter\/trump-tror-putin-ble-veldig-sint\/84037820\" rel=\"nofollow noopener\" target=\"_blank\">s\u00e5 f\u00f8rst ut til \u00e5 ha trodd p\u00e5 russernes p\u00e5stand<\/a>.<\/p>\n<p>Nytt\u00e5rsaften delte Trump imidlertid en New York Post-lederartikkel som gikk knallhardt ut mot Putin, og anklaget ham for \u00e5 lyve om <a href=\"https:\/\/www.dagbladet.no\/nyheter\/deler-knallhardt-angrep\/84044466\" rel=\"nofollow noopener\" target=\"_blank\">angrepet i et fors\u00f8k p\u00e5 \u00e5 sabotere prosessen<\/a>.<\/p>\n<p>Utenrikssjef Kaja Kallas kaller onsdag den russiske p\u00e5standen\u00a0\u00aben bevisst avledningsman\u00f8ver\u00bb.<\/p>\n<p>&#8211; Moskva har som m\u00e5l \u00e5 avspore reelle framskritt mot fred. Ingen b\u00f8r akseptere ubegrunnede p\u00e5stander fra aggressoren som vilk\u00e5rlig har angrepet Ukrainas infrastruktur og sivile siden krigens begynnelse, skriver Kallas p\u00e5 <a href=\"https:\/\/x.com\/kajakallas\/status\/2006307430548774946\" rel=\"nofollow\">X<\/a>.\u00a0<\/p>\n","protected":false},"excerpt":{"rendered":"Det var mandag at Russlands utenriksminister Sergej Lavrov gikk offentlig ut med p\u00e5stander om at ukrainske styrker hadde&hellip;\n","protected":false},"author":2,"featured_media":125839,"comment_status":"","ping_status":"","sticky":false,"template":"","format":"standard","meta":{"footnotes":""},"categories":[5],"tags":[20,21,24,25,15,19,22,23,17,18,13,30,28,29,14,16,26,27,412],"class_list":{"0":"post-125838","1":"post","2":"type-post","3":"status-publish","4":"format-standard","5":"has-post-thumbnail","7":"category-overskrifter","8":"tag-breaking-news","9":"tag-breakingnews","10":"tag-featured-news","11":"tag-featurednews","12":"tag-headlines","13":"tag-hovedoppslag","14":"tag-latest-news","15":"tag-latestnews","16":"tag-main-news","17":"tag-mainnews","18":"tag-news","19":"tag-no","20":"tag-norge","21":"tag-norway","22":"tag-nyheter","23":"tag-overskrifter","24":"tag-top-stories","25":"tag-topstories","26":"tag-utenriks"},"share_on_mastodon":{"url":"https:\/\/pubeurope.com\/@no\/115816499973131121","error":""},"_links":{"self":[{"href":"https:\/\/www.europesays.com\/no\/wp-json\/wp\/v2\/posts\/125838","targetHints":{"allow":["GET"]}}],"collection":[{"href":"https:\/\/www.europesays.com\/no\/wp-json\/wp\/v2\/posts"}],"about":[{"href":"https:\/\/www.europesays.com\/no\/wp-json\/wp\/v2\/types\/post"}],"author":[{"embeddable":true,"href":"https:\/\/www.europesays.com\/no\/wp-json\/wp\/v2\/users\/2"}],"replies":[{"embeddable":true,"href":"https:\/\/www.europesays.com\/no\/wp-json\/wp\/v2\/comments?post=125838"}],"version-history":[{"count":0,"href":"https:\/\/www.europesays.com\/no\/wp-json\/wp\/v2\/posts\/125838\/revisions"}],"wp:featuredmedia":[{"embeddable":true,"href":"https:\/\/www.europesays.com\/no\/wp-json\/wp\/v2\/media\/125839"}],"wp:attachment":[{"href":"https:\/\/www.europesays.com\/no\/wp-json\/wp\/v2\/media?parent=125838"}],"wp:term":[{"taxonomy":"category","embeddable":true,"href":"https:\/\/www.europesays.com\/no\/wp-json\/wp\/v2\/categories?post=125838"},{"taxonomy":"post_tag","embeddable":true,"href":"https:\/\/www.europesays.com\/no\/wp-json\/wp\/v2\/tags?post=125838"}],"curies":[{"name":"wp","href":"https:\/\/api.w.org\/{rel}","templated":true}]}}