{"id":125841,"date":"2025-12-31T22:24:08","date_gmt":"2025-12-31T22:24:08","guid":{"rendered":"https:\/\/www.europesays.com\/no\/125841\/"},"modified":"2025-12-31T22:24:08","modified_gmt":"2025-12-31T22:24:08","slug":"flere-kabelbrudd-i-ostersjoen-14-sjofolk-tatt-av-politiet","status":"publish","type":"post","link":"https:\/\/www.europesays.com\/no\/125841\/","title":{"rendered":"Flere kabelbrudd i \u00d8stersj\u00f8en \u2013 14 sj\u00f8folk tatt av politiet"},"content":{"rendered":"\n<p data-testid=\"textWithMarkup-text\" data-v-81d7dc2b=\"\" data-v-62d58f52=\"\">Finske myndigheter har tatt et skip som mistenkes for \u00e5 ha for\u00e5rsaket brudd p\u00e5 en kommunikasjonskabel i Finskebukta. <\/p>\n<p data-testid=\"textWithMarkup-markup\" data-v-62d58f52=\"\"> If\u00f8lge <a href=\"https:\/\/svenska.yle.fi\/\" rel=\"noopener nofollow\" target=\"_blank\">Svenska Yle<\/a> er det en kabel for datakommunikasjon mellom Helsingfors og Tallinn i Estland som er p\u00e5f\u00f8rt skader. Dette skjedde i Estlands \u00f8konomiske sone. Samtidig er det oppdaget et dobbelt brudd p\u00e5 en fiberkabel mellom Sverige og Estland, if\u00f8lge svenske Post- och Telestyrelsen (PTS).<\/p>\n<p data-testid=\"textWithMarkup-markup\" data-v-62d58f52=\"\"> \u2013 Det er to kabler som har brudd mellom Finland og Estland, og en mellom Sverige og Estland som har to brudd, sier Anders Wallinder i PTS til <a href=\"https:\/\/www.expressen.se\/nyheter\/sverige\/fler-kabelbrott-i-ostersjon\/\" rel=\"noopener nofollow\" target=\"_blank\">Expressen<\/a>.<\/p>\n<p data-testid=\"textWithMarkup-text\" data-v-81d7dc2b=\"\" data-v-62d58f52=\"\">Kabelen mellom Helsingfors og Tallinn er eid av finske Elisa, og det var de som meldte fra om skadene onsdag morgen. <\/p>\n<p>14 anholdt<\/p>\n<p data-testid=\"textWithMarkup-text\" data-v-81d7dc2b=\"\" data-v-62d58f52=\"\">Skipet som den finske kystvakten har beslaglagt, hadde ankerkjettingen ute da det ble bordet.<\/p>\n<p data-testid=\"textWithMarkup-text\" data-v-81d7dc2b=\"\" data-v-62d58f52=\"\">Nyhetsbyr\u00e5et Reuters melder at 14 av mannskapet er anholdt av politiet. De er russiske, georgiske, kasakhstanske og aserbajdsjanske av nasjonalitet.<\/p>\n<p data-testid=\"textWithMarkup-text\" data-v-81d7dc2b=\"\" data-v-62d58f52=\"\">Basert p\u00e5 forel\u00f8pige unders\u00f8kelser ser det ikke ut til at skipet tilh\u00f8rer den russiske skyggefl\u00e5ten, opplyser Estlands statsminister Kristen Michal til kringkasteren ERR. <\/p>\n<p data-testid=\"textWithMarkup-markup\" data-v-62d58f52=\"\"> If\u00f8lge den finske avisen <a href=\"https:\/\/www.iltalehti.fi\/kotimaa\/a\/a200bfab-f86c-4ec1-a510-1e255a5ac865\" rel=\"noopener nofollow\" target=\"_blank\">Iltalehti<\/a> dreier det seg om lasteskipet Fitburg som seiler under flagg fra den karibiske \u00f8ystaten Saint Vincent og Grenadinene.<\/p>\n<p data-testid=\"textWithMarkup-markup\" data-v-62d58f52=\"\"> Skipet ser if\u00f8lge <a href=\"https:\/\/www.marinetraffic.com\/en\/ais\/details\/ships\/shipid:402709\/mmsi:375068000\/imo:9250397\/vessel:FITBURG\" rel=\"noopener nofollow\" target=\"_blank\">Marine Traffic<\/a> ut til \u00e5 ha kommet fra St. Petersburg-omr\u00e5det i Russland og har oppgitt at det var p\u00e5 vei til havnebyen Haifa i Israel. <\/p>\n<p>Grovt skadeverk<\/p>\n<p data-testid=\"textWithMarkup-text\" data-v-81d7dc2b=\"\" data-v-62d58f52=\"\">If\u00f8lge den finske avisa Hufvudstadsbladet etterforskes n\u00e5 hendelsen av finsk politi som grovt skadeverk og mistanke om alvorlig forstyrrelse av post- og teletrafikk. <\/p>\n<p data-testid=\"textWithMarkup-text\" data-v-81d7dc2b=\"\" data-v-62d58f52=\"\">\u2013 Finland er forberedt p\u00e5 sikkerhetsutfordringer av ulikt slag, og vi svarer p\u00e5 dem etter behov, skriver president Alexander Stubb p\u00e5 X.<\/p>\n<p data-testid=\"textWithMarkup-text\" data-v-81d7dc2b=\"\" data-v-62d58f52=\"\">\u2013 Finske myndigheter fungerer, skriver statsminister Petteri Orpo p\u00e5 X. Han legger til at regjeringen f\u00f8lger saken n\u00f8ye. <\/p>\n<p>Ser ikke sammenheng<\/p>\n<p data-testid=\"textWithMarkup-text\" data-v-81d7dc2b=\"\" data-v-62d58f52=\"\">Svenske PTS ser ingen sammenheng mellom kabelbruddene.<\/p>\n<p data-testid=\"textWithMarkup-text\" data-v-81d7dc2b=\"\" data-v-62d58f52=\"\">\u2013 Men vi noterer at det skjer samtidig, sier Wallinder. <\/p>\n<p data-testid=\"textWithMarkup-text\" data-v-81d7dc2b=\"\" data-v-62d58f52=\"\">Kabelen som er brutt mellom Sverige og Estland, tilh\u00f8rer svenskeide Arelion, men ligger i den estlandske \u00f8konomiske sonen. <\/p>\n<p data-testid=\"textWithMarkup-text\" data-v-81d7dc2b=\"\" data-v-62d58f52=\"\">If\u00f8lge Arelion er det to av deres kabler som er skadet, en mellom Sverige og Estland og en mellom Estland og Finland. Begge skadene skal ha oppst\u00e5tt de siste to dagene. <\/p>\n<p data-testid=\"textWithMarkup-text\" data-v-81d7dc2b=\"\" data-v-62d58f52=\"\">\u2013 Vi jobber aktivt sammen med myndigheter i Sverige og andre land for \u00e5 unders\u00f8ke \u00e5rsaken til skadene. Vi kan ikke gi noen detaljer om eksakte tidspunkter eller steder for \u00f8yeblikket av hensyn til den p\u00e5g\u00e5ende etterforskningen, sier presseansvarlig Martin Sj\u00f6gren i Arelion til TT.<\/p>\n<p>Avviste sak<\/p>\n<p data-testid=\"textWithMarkup-text\" data-v-81d7dc2b=\"\" data-v-62d58f52=\"\">I oktober avviste en finsk domstol saken mot tre sj\u00f8menn fra tankskipet Eagle S som for\u00e5rsaket brudd p\u00e5 fem sj\u00f8kabler mellom Finland og Estland. Dette fordi tingretten i Helsingfors mente at de ikke har myndighet til \u00e5 d\u00f8mme de tre.<\/p>\n<p data-testid=\"textWithMarkup-text\" data-v-81d7dc2b=\"\" data-v-62d58f52=\"\">Skipets georgiske kaptein og to indiske styrmenn var anklaget for grov sabotasje.<\/p>\n<p data-testid=\"textWithMarkup-text\" data-v-81d7dc2b=\"\" data-v-62d58f52=\"\">If\u00f8lge p\u00e5talemyndigheten slepte skipet ankeret langs havbunnen og kuttet kablene da det var p\u00e5 vei til Russland. Kapteinen fastholdt at dette skjedde ved et uhell. <\/p>\n<p>Tr\u00e5ling og ankring<\/p>\n<p data-testid=\"textWithMarkup-text\" data-v-81d7dc2b=\"\" data-v-62d58f52=\"\">Det har de siste \u00e5rene ogs\u00e5 v\u00e6rt flere andre kabelbrudd i \u00d8stersj\u00f8en, og flere har anklaget Russland for \u00e5 drive hybrid krigf\u00f8ring. <\/p>\n<p data-testid=\"textWithMarkup-text\" data-v-81d7dc2b=\"\" data-v-62d58f52=\"\">FN-organisasjonen International Telecommunications Union (ITU) konkluderte imidlertid tidligere i \u00e5r med at 80 prosent av alle registrerte kabelbrudd skyldes tr\u00e5ling og ankring. <\/p>\n<p data-testid=\"textWithMarkup-markup\" data-v-62d58f52=\"\"><a href=\"https:\/\/www.washingtonpost.com\/world\/2025\/01\/19\/russia-baltic-undersea-cables-accidents-sabotage\/\" rel=\"noopener nofollow\" target=\"_blank\">Washington Post<\/a> siterte \u00abledende tjenestemenn\u00bb i europeisk og amerikansk sikkerhetstjenester p\u00e5 at de mange kabelbruddene sannsynligvis skyldes maritime uhell framfor russisk sabotasje.<\/p>\n","protected":false},"excerpt":{"rendered":"Finske myndigheter har tatt et skip som mistenkes for \u00e5 ha for\u00e5rsaket brudd p\u00e5 en kommunikasjonskabel i Finskebukta.&hellip;\n","protected":false},"author":2,"featured_media":125842,"comment_status":"","ping_status":"","sticky":false,"template":"","format":"standard","meta":{"footnotes":""},"categories":[5],"tags":[20,21,24,25,15,19,22,23,17,18,13,30,28,29,14,16,26,27],"class_list":{"0":"post-125841","1":"post","2":"type-post","3":"status-publish","4":"format-standard","5":"has-post-thumbnail","7":"category-overskrifter","8":"tag-breaking-news","9":"tag-breakingnews","10":"tag-featured-news","11":"tag-featurednews","12":"tag-headlines","13":"tag-hovedoppslag","14":"tag-latest-news","15":"tag-latestnews","16":"tag-main-news","17":"tag-mainnews","18":"tag-news","19":"tag-no","20":"tag-norge","21":"tag-norway","22":"tag-nyheter","23":"tag-overskrifter","24":"tag-top-stories","25":"tag-topstories"},"share_on_mastodon":{"url":"https:\/\/pubeurope.com\/@no\/115816527618872377","error":""},"_links":{"self":[{"href":"https:\/\/www.europesays.com\/no\/wp-json\/wp\/v2\/posts\/125841","targetHints":{"allow":["GET"]}}],"collection":[{"href":"https:\/\/www.europesays.com\/no\/wp-json\/wp\/v2\/posts"}],"about":[{"href":"https:\/\/www.europesays.com\/no\/wp-json\/wp\/v2\/types\/post"}],"author":[{"embeddable":true,"href":"https:\/\/www.europesays.com\/no\/wp-json\/wp\/v2\/users\/2"}],"replies":[{"embeddable":true,"href":"https:\/\/www.europesays.com\/no\/wp-json\/wp\/v2\/comments?post=125841"}],"version-history":[{"count":0,"href":"https:\/\/www.europesays.com\/no\/wp-json\/wp\/v2\/posts\/125841\/revisions"}],"wp:featuredmedia":[{"embeddable":true,"href":"https:\/\/www.europesays.com\/no\/wp-json\/wp\/v2\/media\/125842"}],"wp:attachment":[{"href":"https:\/\/www.europesays.com\/no\/wp-json\/wp\/v2\/media?parent=125841"}],"wp:term":[{"taxonomy":"category","embeddable":true,"href":"https:\/\/www.europesays.com\/no\/wp-json\/wp\/v2\/categories?post=125841"},{"taxonomy":"post_tag","embeddable":true,"href":"https:\/\/www.europesays.com\/no\/wp-json\/wp\/v2\/tags?post=125841"}],"curies":[{"name":"wp","href":"https:\/\/api.w.org\/{rel}","templated":true}]}}