{"id":125843,"date":"2025-12-31T22:25:13","date_gmt":"2025-12-31T22:25:13","guid":{"rendered":"https:\/\/www.europesays.com\/no\/125843\/"},"modified":"2025-12-31T22:25:13","modified_gmt":"2025-12-31T22:25:13","slug":"uten-inntektene-fra-vm-billetter-ingen-fotball-i-150-land","status":"publish","type":"post","link":"https:\/\/www.europesays.com\/no\/125843\/","title":{"rendered":"Uten inntektene fra VM-billetter \u2013 ingen fotball i 150 land"},"content":{"rendered":"\n<p class=\"_lead_o9xde_2 _lead_xtcu6_50 layout-component text-serif-m layout-normal text-serif-l layout-component layout-wide layout-padded _wide_17hqh_1 layout-padded\">Fifa-president Gianni Infantino avviser kritikken mot r\u00e5dyre VM-billetter ved \u00e5 hevde at inntektene er en forutsetning for at det spilles fotball mange verden i verden.<\/p>\n<p><img alt=\"Gianni Infantino forsvarer VM-billettprisene.  Foto: Chris Carlson \/ AP \/ NTB\" class=\"_image_qp4xg_65 layout-component layout-wide\" data-fullscreen- data-track-element-type=\"Article image fullscreen\" data-track-name=\"ImageFullscreen\" fetchpriority=\"high\" decoding=\"sync\" loading=\"eager\" height=\"1432\" itemprop=\"image\"  src=\"https:\/\/www.europesays.com\/no\/wp-content\/uploads\/2025\/12\/8d93756a-e939-4fbe-bf36-ef5142fe8664.png\"  style=\"object-position:0% 0%\" width=\"2148\"\/>Gianni Infantino forsvarer VM-billettprisene.  Foto: Chris Carlson \/ AP \/ NTB<\/p>\n<ul aria-hidden=\"true\" class=\"_images_ntbth_112\">\n<li><a class=\"_link_ntbth_117\" href=\"https:\/\/www.vg.no\/forfatter\/ntb\" style=\"z-index:1\" title=\"NTB\" rel=\"nofollow noopener\" target=\"_blank\"><img alt=\"Bilde av NTB\" class=\"_image_ntbth_93\" fetchpriority=\"low\" loading=\"lazy\" decoding=\"async\" itemprop=\"image\"  src=\"https:\/\/www.europesays.com\/no\/wp-content\/uploads\/2025\/12\/1767219913_454_c33980b0-5d07-4027-84a1-813f90a7c8d6.png\"  width=\"480\"\/><\/a><\/li>\n<\/ul>\n<p> Oppdatert onsdag 31. desember kl. 21:44     <\/p>\n<p class=\"_paragraph_o9xde_4 _paragraph_xtcu6_10 layout-component text-serif-m layout-normal text-serif-m layout-padded\">Det har blitt rettet til dels t\u00f8ff kritikk mot billettprisene under det kommende fotball-VM i USA, Canada og Mexico.<\/p>\n<p class=\"_paragraph_o9xde_4 _paragraph_xtcu6_10 layout-component text-serif-m layout-normal text-serif-m layout-padded\">\u2013 Det avgj\u00f8rende er at inntektene som genereres fra dette g\u00e5r tilbake til idretten over hele verden, skal Fifa-president Infantino ha sagt da han deltok p\u00e5 en sportskonferanse i Dubai mandag.<\/p>\n<p class=\"_paragraph_o9xde_4 _paragraph_xtcu6_10 layout-component text-serif-m layout-normal text-serif-m layout-padded\">Det er The Athletic som har gjengitt sitatene fra verdens mektigste fotballeder. <\/p>\n<p class=\"_paragraph_o9xde_4 _paragraph_xtcu6_10 layout-component text-serif-m layout-normal text-serif-m layout-padded\">\u2013 Uten Fifa ville det ikke v\u00e6rt noe fotball i 150 land i verden. Fotballen finnes fordi, og takket v\u00e6re, inntektene vi genererer fra VM, som vi reinvesterer over hele verden, fortsatte presidenten i Det internasjonale fotballforbundet.<\/p>\n<p class=\"_paragraph_o9xde_4 _paragraph_xtcu6_10 layout-component text-serif-m layout-normal text-serif-m layout-padded\">If\u00f8lge The Athletic skal en talsperson for Fifa ha opplyst at forbundet planlegger \u00e5 reinvestere rundt 90 prosent av inntektene fra perioden 2023 til 2026 \u00abfor \u00e5 bidra til idrettens vekst i Fifas 211 medlemsland\u00bb.<\/p>\n<p class=\"_paragraph_o9xde_4 _paragraph_xtcu6_10 layout-component text-serif-m layout-normal text-serif-m layout-padded\">Videre skal det ha blitt opplyst at uten det internasjonale forbundets \u00f8konomiske st\u00f8tte kunne ikke mer enn 50 prosent av medlemslandene ha opprettholdt aktiviteten.<\/p>\n<p class=\"_paragraph_o9xde_4 _paragraph_xtcu6_10 layout-component text-serif-m layout-normal text-serif-m layout-padded\">Billettprisene til neste \u00e5rs VM er betydelig h\u00f8yere enn ved tidligere utgaver. Som f\u00f8lge av at sluttspillet er utvidet fra 32 til 48 deltakernasjoner, skal det n\u00e5 ogs\u00e5 spilles hele 104 kamper.<\/p>\n<p class=\"_paragraph_o9xde_4 _paragraph_xtcu6_10 layout-component text-serif-m layout-normal text-serif-m layout-padded\">Supportergrupperinger har kritisert prisene, og Football Supporters Europe kaller dem \u00abutpressing\u00bb og et \u00abmonumentalt svik\u00bb.<\/p>\n<p class=\"_paragraph_o9xde_4 _paragraph_xtcu6_10 layout-component text-serif-m layout-normal text-serif-m layout-padded\">Fifa svarte tidligere p\u00e5 kritikken ved \u00e5 redusere prisen p\u00e5 et lite antall billetter.<\/p>\n<p class=\"_paragraph_o9xde_4 _paragraph_xtcu6_10 layout-component text-serif-m layout-normal text-serif-m layout-padded\">Til tross for kritikken virker interessen for VM-billetter enorm. Fifa opplyste mandag at det har kommet inn mer enn 150 millioner s\u00f8knader halvveis i den siste salgsfasen.<\/p>\n<p class=\"_paragraph_o9xde_4 _paragraph_xtcu6_10 layout-component text-serif-m layout-normal text-serif-m layout-padded\">Det er 30 ganger mer enn det er billetter tilgjengelig.<\/p>\n","protected":false},"excerpt":{"rendered":"Fifa-president Gianni Infantino avviser kritikken mot r\u00e5dyre VM-billetter ved \u00e5 hevde at inntektene er en forutsetning for at&hellip;\n","protected":false},"author":2,"featured_media":125844,"comment_status":"","ping_status":"","sticky":false,"template":"","format":"standard","meta":{"footnotes":""},"categories":[59],"tags":[2326,4472,8634,7826,30,28,29,83,82],"class_list":{"0":"post-125843","1":"post","2":"type-post","3":"status-publish","4":"format-standard","5":"has-post-thumbnail","7":"category-sport","8":"tag-fifa","9":"tag-fotball-vm","10":"tag-fotball-vm-2026","11":"tag-gianni-infantino","12":"tag-no","13":"tag-norge","14":"tag-norway","15":"tag-sport","16":"tag-sports"},"share_on_mastodon":{"url":"https:\/\/pubeurope.com\/@no\/115816531418637859","error":""},"_links":{"self":[{"href":"https:\/\/www.europesays.com\/no\/wp-json\/wp\/v2\/posts\/125843","targetHints":{"allow":["GET"]}}],"collection":[{"href":"https:\/\/www.europesays.com\/no\/wp-json\/wp\/v2\/posts"}],"about":[{"href":"https:\/\/www.europesays.com\/no\/wp-json\/wp\/v2\/types\/post"}],"author":[{"embeddable":true,"href":"https:\/\/www.europesays.com\/no\/wp-json\/wp\/v2\/users\/2"}],"replies":[{"embeddable":true,"href":"https:\/\/www.europesays.com\/no\/wp-json\/wp\/v2\/comments?post=125843"}],"version-history":[{"count":0,"href":"https:\/\/www.europesays.com\/no\/wp-json\/wp\/v2\/posts\/125843\/revisions"}],"wp:featuredmedia":[{"embeddable":true,"href":"https:\/\/www.europesays.com\/no\/wp-json\/wp\/v2\/media\/125844"}],"wp:attachment":[{"href":"https:\/\/www.europesays.com\/no\/wp-json\/wp\/v2\/media?parent=125843"}],"wp:term":[{"taxonomy":"category","embeddable":true,"href":"https:\/\/www.europesays.com\/no\/wp-json\/wp\/v2\/categories?post=125843"},{"taxonomy":"post_tag","embeddable":true,"href":"https:\/\/www.europesays.com\/no\/wp-json\/wp\/v2\/tags?post=125843"}],"curies":[{"name":"wp","href":"https:\/\/api.w.org\/{rel}","templated":true}]}}