{"id":125845,"date":"2025-12-31T22:30:14","date_gmt":"2025-12-31T22:30:14","guid":{"rendered":"https:\/\/www.europesays.com\/no\/125845\/"},"modified":"2025-12-31T22:30:14","modified_gmt":"2025-12-31T22:30:14","slug":"det-er-en-ren-vitamininnsproyting","status":"publish","type":"post","link":"https:\/\/www.europesays.com\/no\/125845\/","title":{"rendered":"\u2013 Det er en ren vitamininnspr\u00f8yting"},"content":{"rendered":"<p class=\"extendedContent hyperion-css-eyn926\" data-test-tag=\"lead-text\">Kongen holdt den tradisjonsrike talen for 35. gang.<\/p>\n<p><img decoding=\"async\" class=\"image-asset hyperion-css-yaluon\" data-test-tag=\"image-asset\" src=\"https:\/\/www.europesays.com\/no\/wp-content\/uploads\/2025\/12\/c1e188e5-65ef-4e89-94c6-6acbfeee882a.jpeg\"  alt=\"Kongen slo et slag for \u00abannerledes sp\u00f8rsm\u00e5l\u00bb og \u00abutradisjonelle synspunkter\u00bb i \u00e5rets tale.\"  loading=\"eager\" fetchpriority=\"high\" style=\"aspect-ratio:2048 \/ 1365\"\/>Kongen slo et slag for \u00abannerledes sp\u00f8rsm\u00e5l\u00bb og \u00abutradisjonelle synspunkter\u00bb i \u00e5rets tale. Foto: Cornelius Poppe, NTB<\/p>\n<p>Publisert: 31.12.2025 19:27 |\u00a0Oppdatert: 31.12.2025 20:44<\/p>\n<p class=\"paywall hyperion-css-1j42uic\">Kongen holdt nytt\u00e5rstalen for 35. gang. Den f\u00f8rste gangen han holdt talen, i 1990, var han fortsatt kronprins, men hans far kong Olav var blitt syk. Den gangen \u00e5pnet han talen med en hilsen fra sin far.<\/p>\n<p class=\"paywall hyperion-css-1j42uic\">\u2013 Min far, Hans Majestet Kongen, har i \u00e5r bedt meg om \u00e5 f\u00f8re videre tradisjonen med at Kongehuset sender en nytt\u00e5rshilsen til det norske folk, sa kronprinsen.<\/p>\n<p class=\"paywall hyperion-css-1j42uic\">Sommeren \u00e5ret etter ble han signet som ny konge i Nidarosdomen i Trondheim.<\/p>\n<p class=\"paywall hyperion-css-1j42uic\">Siden har kong Harald holdt den tradisjonsrike nytt\u00e5rstalen hvert \u00e5r, med unntak av i 2003, da kronprins Haakon holdt talen i hans sted.<\/p>\n<p>Gleden over fellesskapet<\/p>\n<p class=\"paywall hyperion-css-1j42uic\">Kongen \u00e5pnet \u00e5rets tale med en anekdote. Han fortalte om en reise kongeparet gjorde til Aremark kommune i \u00d8stfold denne h\u00f8sten. Etter bes\u00f8ket smilte kongeparet til hverandre, fortalte kongen. <\/p>\n<p class=\"paywall hyperion-css-1j42uic\">\u2013 Det var dette: Gleden over \u00e5 v\u00e6re sammen med mennesker som f\u00e5r til noe bra i fellesskap og som tar vare p\u00e5 hverandre, sa han.<\/p>\n<p class=\"paywall hyperion-css-1j42uic\">\u2013 Det er en ren vitamininnspr\u00f8yting.<\/p>\n<p class=\"paywall hyperion-css-1j42uic\">Kongeparet reiste oppl\u00f8ftet hjem, sa han, og mente at dette er \u00abnoe dyrebart, noe vi m\u00e5 passe godt p\u00e5\u00bb.<\/p>\n<p>\u2013 Gleder meg til fotball-VM<\/p>\n<p class=\"paywall hyperion-css-1j42uic\">Kongen snakket videre om mange sm\u00e5 opplevelser p\u00e5 sm\u00e5 steder i Norge. Steder der idrettslag, kor og klubber holder liv i lokalsamfunnene hver dag.<\/p>\n<p class=\"paywall hyperion-css-1j42uic\">\u2013 For oss er dette en effektiv kur mot mismot og en sterk motivasjonen for \u00e5 g\u00e5 l\u00f8s p\u00e5 en ny dag, sa han.<\/p>\n<p class=\"paywall hyperion-css-1j42uic\">Samtidig la han til at det ogs\u00e5 er oppl\u00f8ftende at det norske herrelandslaget har kvalifisert seg til fotball-VM for f\u00f8rste gang p\u00e5 28 \u00e5r.<\/p>\n<p class=\"paywall hyperion-css-1j42uic\">\u2013 Vi kan v\u00e6re ordentlig stolte av dem. Jeg gleder meg! sa kongen.<\/p>\n<p>\u2013 Vi m\u00e5 bidra der vi kan<\/p>\n<p class=\"paywall hyperion-css-1j42uic\">Kongen talte ogs\u00e5 om krig, konflikt og klimaendringer, og om at mange blir urolige. Men ogs\u00e5 der s\u00e5 han til lyspunktene:<\/p>\n<p class=\"paywall hyperion-css-1j42uic\">\u2013 Vi m\u00e5 bidra der vi kan. B\u00e5de i det store og det lille, sa kongen.<\/p>\n<p class=\"paywall hyperion-css-1j42uic\">Han snakket om viktigheten av internasjonalt samarbeid, \u00abfor vi har ingen gode alternativer\u00bb. Men igjen la han vekt p\u00e5 den mer hverdagslige innsatsen.<\/p>\n<p class=\"paywall hyperion-css-1j42uic\">\u2013 For selv om vi har folkevalgte som ivaretar styre og stell av landet, s\u00e5 er alle som bor her del av hverdagsdemokratiet v\u00e5rt. Og det er verdt \u00e5 forsvare, hver dag, sa kongen.<\/p>\n<p class=\"paywall hyperion-css-1j42uic\">Og med det kom han ogs\u00e5 med en oppfordring:<\/p>\n<p class=\"paywall hyperion-css-1j42uic\">\u2013 Det mest behagelige er kanskje \u00e5 sitte hjemme og regne med at andre skal ordne opp. Men det holder ikke. Pilen peker p\u00e5 hver og en av oss, sa han.<\/p>\n<p>Forsvarte \u00abannerledes sp\u00f8rsm\u00e5l\u00bb<\/p>\n<p class=\"paywall hyperion-css-1j42uic\">Kongen slo ogs\u00e5 et slag for et \u00e5pent ordskifte der utradisjonelle synspunkter og annerledes sp\u00f8rsm\u00e5l blir \u00f8nsket velkommen. Det er bare slik vi kan \u00abbevare et levende samfunn med et mylder av ulike mennesker og meninger\u00bb, sa han.<\/p>\n<p class=\"paywall hyperion-css-1j42uic\">\u2013 Historien viser oss gang p\u00e5 gang at det kan v\u00e6re skremmende kort vei fra \u00e5 ha, til \u00e5 miste. Men s\u00e5 lenge vi er bevisste p\u00e5 hva vi har, og er villig til \u00e5 forsvare det, mister vi ikke denne kvaliteten ved samfunnet v\u00e5rt, sa kongen.<\/p>\n<p class=\"paywall hyperion-css-1j42uic\">\u2013 V\u00e5rt beste sivile vern b\u00e5de i fred, krise og i verste fall krig, er en befolkning som st\u00e5r sammen, sa han.<\/p>\n","protected":false},"excerpt":{"rendered":"Kongen holdt den tradisjonsrike talen for 35. gang. Kongen slo et slag for \u00abannerledes sp\u00f8rsm\u00e5l\u00bb og \u00abutradisjonelle synspunkter\u00bb&hellip;\n","protected":false},"author":2,"featured_media":125846,"comment_status":"","ping_status":"","sticky":false,"template":"","format":"standard","meta":{"footnotes":""},"categories":[10],"tags":[20,21,24,25,15,22,23,13,30,28,29,14,16,26,27],"class_list":{"0":"post-125845","1":"post","2":"type-post","3":"status-publish","4":"format-standard","5":"has-post-thumbnail","7":"category-norge","8":"tag-breaking-news","9":"tag-breakingnews","10":"tag-featured-news","11":"tag-featurednews","12":"tag-headlines","13":"tag-latest-news","14":"tag-latestnews","15":"tag-news","16":"tag-no","17":"tag-norge","18":"tag-norway","19":"tag-nyheter","20":"tag-overskrifter","21":"tag-top-stories","22":"tag-topstories"},"share_on_mastodon":{"url":"https:\/\/pubeurope.com\/@no\/115816551127724662","error":""},"_links":{"self":[{"href":"https:\/\/www.europesays.com\/no\/wp-json\/wp\/v2\/posts\/125845","targetHints":{"allow":["GET"]}}],"collection":[{"href":"https:\/\/www.europesays.com\/no\/wp-json\/wp\/v2\/posts"}],"about":[{"href":"https:\/\/www.europesays.com\/no\/wp-json\/wp\/v2\/types\/post"}],"author":[{"embeddable":true,"href":"https:\/\/www.europesays.com\/no\/wp-json\/wp\/v2\/users\/2"}],"replies":[{"embeddable":true,"href":"https:\/\/www.europesays.com\/no\/wp-json\/wp\/v2\/comments?post=125845"}],"version-history":[{"count":0,"href":"https:\/\/www.europesays.com\/no\/wp-json\/wp\/v2\/posts\/125845\/revisions"}],"wp:featuredmedia":[{"embeddable":true,"href":"https:\/\/www.europesays.com\/no\/wp-json\/wp\/v2\/media\/125846"}],"wp:attachment":[{"href":"https:\/\/www.europesays.com\/no\/wp-json\/wp\/v2\/media?parent=125845"}],"wp:term":[{"taxonomy":"category","embeddable":true,"href":"https:\/\/www.europesays.com\/no\/wp-json\/wp\/v2\/categories?post=125845"},{"taxonomy":"post_tag","embeddable":true,"href":"https:\/\/www.europesays.com\/no\/wp-json\/wp\/v2\/tags?post=125845"}],"curies":[{"name":"wp","href":"https:\/\/api.w.org\/{rel}","templated":true}]}}