{"id":125849,"date":"2025-12-31T22:32:20","date_gmt":"2025-12-31T22:32:20","guid":{"rendered":"https:\/\/www.europesays.com\/no\/125849\/"},"modified":"2025-12-31T22:32:20","modified_gmt":"2025-12-31T22:32:20","slug":"sport-dodsfall-ottar-skar-er-dod-han-stilte-alltid-opp","status":"publish","type":"post","link":"https:\/\/www.europesays.com\/no\/125849\/","title":{"rendered":"Sport, D\u00f8dsfall | Ottar Sk\u00e5r er d\u00f8d: \u2013 Han stilte alltid opp"},"content":{"rendered":"\n<p>Ottar Sk\u00e5r gjekk bort 26. desember. Han blei 85 \u00e5r gamal.<\/p>\n<p>Seimaren var ei legende innan friidretten i Nordhordland. Sauebonden la ned tallause dugnadstimar p\u00e5 idrettsbaner rundt om i distriktet som trenar, arrang\u00f8r, funksjon\u00e6r, frivillig og dugnadsarbeidar.<\/p>\n<p>   <img decoding=\"async\" width=\"432\" height=\"862\" fetchpriority=\"low\"  loading=\"lazy\"  src=\"https:\/\/www.europesays.com\/no\/wp-content\/uploads\/2025\/12\/Ottar+sk%C3%A5r+nh+2004.png\" alt=\"\" class=\"brick-c-cFOWSL\" style=\"--brick-image-ratio: 432 \/ 862;\"\/><\/p>\n<p>      Faksimile Nordhordland 5. mai, 2004. <\/p>\n<p>I 2004 vart han k\u00e5ra til \u00ab\u00c5rets kvardagshelt\u00bb av Nordhordland Rotary for den lange innsatsen sin.<\/p>\n<p>Gode idrettsvener har og fleire gongar gjort stas p\u00e5 arbeidet hans. B\u00e5de d\u00e5 han <a href=\"https:\/\/www.nordhordland.no\/ottar-har-lagt-ned-23-arsverk-for-idretten\/s\/5-33-407331\" rel=\"Follow nofollow noopener\" target=\"_blank\">fylte 80 \u00e5r<\/a> i 2020, og <a href=\"https:\/\/www.nordhordland.no\/friidrett\/sport\/lindas\/har-brukt-23-heile-arsverk-pa-frivilleg-arbeid-for-idretten\/s\/5-33-39485\" rel=\"Follow nofollow noopener\" target=\"_blank\">i 2015<\/a> d\u00e5 han fekk overrekt ein eksklusiv, innramma bit av det gamle banedekket p\u00e5 Knarvik stadion.<\/p>\n<p>P\u00e5 det banedekket hadde Sk\u00e5r vore startar for <a href=\"https:\/\/www.nordhordland.no\/verdsrekord-heltane-gloymer-aldri-den-helga-i-knarvik-for-40-ar-sidan\/f\/5-33-468579\" rel=\"Follow nofollow noopener\" target=\"_blank\">to verdsrekordar<\/a>.<\/p>\n<p>   <img decoding=\"async\" width=\"1080\" height=\"720\" fetchpriority=\"low\"  loading=\"lazy\"  src=\"https:\/\/www.europesays.com\/no\/wp-content\/uploads\/2025\/12\/Ottar+Sk%C3%A5r_foto_M_S%C3%A6le.jpg\" alt=\"\" class=\"brick-c-cFOWSL\" style=\"--brick-image-ratio: 1080 \/ 720;\"\/><\/p>\n<p>      Ottar Sk\u00e5r fotografert i 2015, saman med heidersteiknet han fekk, som inneheldt ein bit av det gamle banedekket fr\u00e5 Knarvik stadion.<br \/>\n      Foto: Morten S\u00e6le\n    <\/p>\n<p>  Seim IL og Aks-77<\/p>\n<p>Sk\u00e5r starta virket sitt i Seim IL p\u00e5 50-talet, og heldt fram med trenargjerninga si der i om lag 20 \u00e5r.<\/p>\n<p>Blant elevane hans I Seim IL var Marit Aase. Ho har seinare samarbeidd med Sk\u00e5r b\u00e5de i styrearbeid og i samband med organiseringa av ei lang rekke idrettsarrangement.<\/p>\n<p>\u2013 Han var eit fantastisk menneske, god og snill med alle! Han var klok, og f\u00f3r fint fram. Han framheva aldri seg sj\u00f8lv, men stilte alltid opp og jobba d\u00f8gnet rundt for friidretten. Han kjem til \u00e5 bli hugsa, seier ho.<\/p>\n<p>I 1977 var Sk\u00e5r ein av dei som var sentrale i \u00e5 starte opp AKS-77.<\/p>\n<p>Der heldt han og fram som trenar. Gjennom mange \u00e5r la han der ned ein solid innsats for ungdomssatsinga til klubben, som p\u00e5 b\u00e5de 80-talet og 90-talet var blant dei leiande i landet.<\/p>\n<p>I den satsinga jobba Sk\u00e5r tett med mellom andre Arne Reigstad.<\/p>\n<p>\u2013 Ottar var veldig ivrig, du trong ikkje sp\u00f8rje om han kom. Han berre stilte. Han var og veldig positiv og utruleg lett \u00e5 samarbeide med. Eg trur han likte godt \u00e5 vere med \u00e5 trene ungdomane, han s\u00e5g p\u00e5 dei som framtida til klubben, seier han.<\/p>\n<p>Reigstad trekk og fram Sk\u00e5r sine bidrag p\u00e5 sv\u00e6rt mange dugnadar i Knarvikomr\u00e5det dei siste ti\u00e5ra.<\/p>\n<p>\u2013 Han var ein fantastisk dugnadsmann. Eg trur ikkje det var mange arrangement i Knarvik der han ikkje m\u00f8tte opp. Han var alltid der. Den dugnadsmannen han var finst det nesten ikkje maken til.<\/p>\n<p>\u2013 Det var alltid veldig kjekke stunder \u00e5 g\u00e5 saman med Ottar og lage til stemne, hugsar han.<\/p>\n<p>   <img decoding=\"async\" width=\"5914\" height=\"3943\" fetchpriority=\"low\"  loading=\"lazy\"  src=\"https:\/\/www.europesays.com\/no\/wp-content\/uploads\/2025\/12\/IMG_7416.jpg\" alt=\"Ungdomsmila. Knarvikmila. 2022.\" class=\"brick-c-cFOWSL\" style=\"--brick-image-ratio: 5914 \/ 3943;\"\/><\/p>\n<p>      Ottar Sk\u00e5r (til venstre) og Arne Reigstad (nr. to fr\u00e5 h\u00f8gre) har vore frivillige saman p\u00e5 ei rekke idrettsarrangement. Her er dei saman med Alf Flat\u00f8y, Johan Ness og Lars Inge Kjemphol under Knarvikmila i 2022.<br \/>\n      Foto: Sondre Ling\u00e5s Haukedal\n    <\/p>\n<p>  Mannen med startpistolen<\/p>\n<p>I tillegg til \u00e5 vere trenar, arrang\u00f8r og dugnadsarbeidar, var Sk\u00e5r og startar p\u00e5 sv\u00e6rt mange idrettsarrangement i regionen. Inkludert fast startar p\u00e5 b\u00e5de Knarvik Games og Knarvikmila, heilt fram til 2024.<\/p>\n<p>Mange vil difor truleg hugse han som <a rel=\"Follow nofollow noopener\" href=\"https:\/\/www.nordhordland.no\/mannen-med-startpistolen-gler-meg-like-mykje-kvart-ar-til-mila\/s\/5-33-540249\" target=\"_blank\">mannen med startpistolen<\/a>.<\/p>\n<p>\u2013 Han var ein av dei fremste eg har treft innan idretten, seier Helge Brekke.<\/p>\n<p>Den pensjonerte l\u00e6raren og Knarvikmil-profilen er ein annan som har jobba mykje saman med Sk\u00e5r. Brekke trekk fram ein episode, han hugsar s\u00e6rleg godt fr\u00e5 alle \u00e5ra med samarbeid.<\/p>\n<p>\u2013 Det var etter Knarvik Games i 81. Det \u00e5ret var vi 9.500 menneske, og vi fekk to verdsrekordar p\u00e5 kort tid. Etterp\u00e5 sat vi ein gjeng arrang\u00f8rar og \u00e5t. D\u00e5 sa Olav Aase (d\u00e5verande formann i AKS-77) \u00abDet kjem aldri slik ein dag i Knarvik, att\u00bb. Ottar svarte: \u00abNei, men vi f\u00e5r glede oss over det vi har f\u00e5tt til\u00bb, det var typisk Ottar, seier Brekke.<\/p>\n<p>Over 23 \u00e5rsverk<\/p>\n<p>D\u00e5 Sk\u00e5r i 2015 vart heidra av gode idrettsvener, gjekk Brekke og Sk\u00e5r sj\u00f8lv gjennom tala for \u00e5 finne ut kor mange timar seimaren har lagt ned i idrettens teneste.<\/p>\n<p>Dei kom fram til at Ottar den gongen hadde lagt ned heile 23 \u00e5rsverk for idretten og k\u00f8yrd til og fr\u00e5 treningar, m\u00f8ter og stemner s\u00e5 mange gongar at det til saman tilsvarte nesten tre gongar rundt jordkloden.<\/p>\n<p>Sidan den gongen har Sk\u00e5r halde fram arbeidet for idretten. Mellom anna var han fast startar for Knarvikmila, fram til 2024.<\/p>\n<p>\u2013 Regionen har mista ein traust, god og likande trenar. Han var ein spesiell kar, som alle m\u00e5 b\u00f8ye seg i st\u00f8vet for, seier Brekke.<\/p>\n<p>   <img decoding=\"async\" width=\"6173\" height=\"4115\" fetchpriority=\"low\"  loading=\"lazy\"  src=\"https:\/\/www.europesays.com\/no\/wp-content\/uploads\/2025\/12\/IMG_8036.jpg\" alt=\"Knarvikmila 2022. Halvmaraton.\" class=\"brick-c-cFOWSL\" style=\"--brick-image-ratio: 6173 \/ 4115;\"\/><\/p>\n<p>      Helge Brekke og Ottar Sk\u00e5r i samtale under Knarvikmila i 2022.<br \/>\n      Foto: Sondre Ling\u00e5s Haukedal\n    <\/p>\n","protected":false},"excerpt":{"rendered":"Ottar Sk\u00e5r gjekk bort 26. desember. Han blei 85 \u00e5r gamal. Seimaren var ei legende innan friidretten i&hellip;\n","protected":false},"author":2,"featured_media":125850,"comment_status":"","ping_status":"","sticky":false,"template":"","format":"standard","meta":{"footnotes":""},"categories":[59],"tags":[1751,36,576,30,28,29,83,82,1510],"class_list":{"0":"post-125849","1":"post","2":"type-post","3":"status-publish","4":"format-standard","5":"has-post-thumbnail","7":"category-sport","8":"tag-alver","9":"tag-art","10":"tag-dodsfall","11":"tag-no","12":"tag-norge","13":"tag-norway","14":"tag-sport","15":"tag-sports","16":"tag-story"},"share_on_mastodon":{"url":"https:\/\/pubeurope.com\/@no\/115816558977278107","error":""},"_links":{"self":[{"href":"https:\/\/www.europesays.com\/no\/wp-json\/wp\/v2\/posts\/125849","targetHints":{"allow":["GET"]}}],"collection":[{"href":"https:\/\/www.europesays.com\/no\/wp-json\/wp\/v2\/posts"}],"about":[{"href":"https:\/\/www.europesays.com\/no\/wp-json\/wp\/v2\/types\/post"}],"author":[{"embeddable":true,"href":"https:\/\/www.europesays.com\/no\/wp-json\/wp\/v2\/users\/2"}],"replies":[{"embeddable":true,"href":"https:\/\/www.europesays.com\/no\/wp-json\/wp\/v2\/comments?post=125849"}],"version-history":[{"count":0,"href":"https:\/\/www.europesays.com\/no\/wp-json\/wp\/v2\/posts\/125849\/revisions"}],"wp:featuredmedia":[{"embeddable":true,"href":"https:\/\/www.europesays.com\/no\/wp-json\/wp\/v2\/media\/125850"}],"wp:attachment":[{"href":"https:\/\/www.europesays.com\/no\/wp-json\/wp\/v2\/media?parent=125849"}],"wp:term":[{"taxonomy":"category","embeddable":true,"href":"https:\/\/www.europesays.com\/no\/wp-json\/wp\/v2\/categories?post=125849"},{"taxonomy":"post_tag","embeddable":true,"href":"https:\/\/www.europesays.com\/no\/wp-json\/wp\/v2\/tags?post=125849"}],"curies":[{"name":"wp","href":"https:\/\/api.w.org\/{rel}","templated":true}]}}