{"id":125851,"date":"2025-12-31T22:38:07","date_gmt":"2025-12-31T22:38:07","guid":{"rendered":"https:\/\/www.europesays.com\/no\/125851\/"},"modified":"2025-12-31T22:38:07","modified_gmt":"2025-12-31T22:38:07","slug":"de-beste-bildene-fra-nrks-fotografer-i-nyhetsaret-2025-norge","status":"publish","type":"post","link":"https:\/\/www.europesays.com\/no\/125851\/","title":{"rendered":"De beste bildene fra NRKs fotografer i nyhets\u00e5ret 2025 \u2013 Norge"},"content":{"rendered":"<p>Det var \u00e5ret der Jonas Gahr St\u00f8re beholdt makten \u2013 mens Erna Solberg mistet den.<\/p>\n<p>I USA kom Donald Trump tilbake til Det hvite hus. Og mennesker verden over ble ber\u00f8rt av politikken som fulgte.<\/p>\n<p>I Gaza ble Israel og Hamas enige om en v\u00e5penhvile. S\u00e5 ble den brutt. Og krigen i Ukraina fortsetter for fullt \u2013 til tross for flere fredsforhandlinger.<\/p>\n<p>Alt dokumentert av NRKs fotografer.<\/p>\n<p><strong>Krig og fred<\/strong><\/p>\n<p>    <img alt=\"Sergei setter sammen dronen f\u00f8r den skal ut \u00e5 fly\"  loading=\"lazy\"\/><img alt=\"Sergei prater med kommandanten om luftrommet er trygt, og de kan dra hjem.\"  loading=\"lazy\"\/><\/p>\n<p>I Ukraina fortsetter kampene. I ly av natten gj\u00f8r ukrainske Sergei klar en drone.  Han jobber raskt og stille. Fienden kan se og h\u00f8re alt.  \u2013 Krigen har endret seg mye, den er veldig h\u00f8yteknologisk, sier Sergei.  \u2013 Det har sannsynligvis aldri v\u00e6rt en slik krig tidligere.<\/p>\n<p>Foto: Torstein B\u00f8e\/NRK<\/p>\n<p><img decoding=\"async\"   src=\"data:image\/gif;base64,R0lGODlhAQABAIAAAAAAAP\/\/\/yH5BAEAAAAALAAAAAABAAEAAAIBRAA7\" loading=\"eager\" alt=\"Forsvarsminister Tore O. Sandvik\" title=\"Foto: H\u00e5kon Benjaminsen \/ NRK\"\/><\/p>\n<p class=\"\">Tore O. Sandvik hadde v\u00e6rt forsvarsminister \u00e9n uke f\u00f8r USAs president Donald Trump endret europeisk sikkerhetspolitikk. NRK fikk v\u00e6re med gjennom en hektisk arbeidsdag.<\/p>\n<p>Foto: H\u00e5kon Benjaminsen \/ NRK<\/p>\n<p><img decoding=\"async\"   src=\"data:image\/gif;base64,R0lGODlhAQABAIAAAAAAAP\/\/\/yH5BAEAAAAALAAAAAABAAEAAAIBRAA7\" loading=\"eager\" alt=\"Et helikopter flyr i solnedgang\" title=\"Foto: Even Bj\u00f8rings\u00f8y Johnsen\"\/><\/p>\n<p class=\"\">P\u00e5 Vestlandet \u00f8ver Forsvarets spesialstyrker p\u00e5 et hemmelig oppdrag.\u00a0En viktig person skal reddes ut fra et omr\u00e5de okkupert av fiendtlige styrker\u00a0\u2013 stortingspresidenten.\u00a0NRKs fotograf fanget dette bildet av spesialstyrkenes helikopter\u00a0i solnedgangen.<\/p>\n<p>Foto: Even Bj\u00f8rings\u00f8y Johnsen<\/p>\n<p><img decoding=\"async\"   src=\"data:image\/gif;base64,R0lGODlhAQABAIAAAAAAAP\/\/\/yH5BAEAAAAALAAAAAABAAEAAAIBRAA7\" loading=\"eager\" alt=\"B\u00f8nn for Pave Frans i Buenos Aires\" title=\"Foto: Hilda Lishaugen Nyfl\u00f8t \/ NRK\"\/><\/p>\n<p class=\"\">Februar 2025. Mens helsen til Pave Frans blir d\u00e5rligere, ber innbyggere i hjembyen Buenos Aires for ham. Pave Frans d\u00f8de senere 21. april.<\/p>\n<p>Foto: Hilda Lishaugen Nyfl\u00f8t \/ NRK<\/p>\n<p>Norge skulle bli redningen for palestinske Manal (4) og Tamara.<\/p>\n<p>De lever daglig i frykt for d\u00e5rlige nyheter hjemmefra. For Tamara sin ektemann og s\u00f8nn m\u00e5tte bli igjen p\u00e5 Gazastripen.<\/p>\n<p>    <img alt=\"en person som skyver et barn i en barnevogn\"  loading=\"lazy\"\/><img alt=\"En gruppe mennesker som st\u00e5r i skogen og skriker\"  loading=\"lazy\"\/><\/p>\n<p>Tamara og hjelpere fra Oslo kommune skriker ut i frustrasjon i en skog like ved Oslo. <\/p>\n<p>Foto: Cicilie S. Andersen \/ NRK<\/p>\n<p><strong>Stort og sm\u00e5tt<\/strong><\/p>\n<p>Selv om \u00e5ret har v\u00e6rt preget av store nyhetshendelser, er det ofte de sm\u00e5 sakene som sitter igjen hos mange.<\/p>\n<p>Som Amanda Marie Eide som l<a href=\"https:\/\/www.nrk.no\/innlandet\/xl\/amanda-marie-eide-_30_-hjelper-folk-med-a-rydde-_-_ragnhild_-tror-hun-sliter-med-samlemani-1.17495262\" ec-id=\"pp:article:1.17495262\" ec-name=\"ever av \u00e5 rydde for andre\" rel=\"nofollow noopener\" target=\"_blank\">ever av \u00e5 rydde for andre<\/a>. Eller <a href=\"https:\/\/www.nrk.no\/mr\/jakob-rodset-farstad-_9_-fekk-beinmargssvikt-og-lev-no-under-strenge-restriksjonar-1.17370119\" ec-id=\"pp:article:1.17370119\" ec-name=\"ni \u00e5r gamle Jakob\" rel=\"nofollow noopener\" target=\"_blank\">ni \u00e5r gamle Jakob <\/a>som lever med beinmargssvikt.<\/p>\n<p><img decoding=\"async\"   src=\"data:image\/gif;base64,R0lGODlhAQABAIAAAAAAAP\/\/\/yH5BAEAAAAALAAAAAABAAEAAAIBRAA7\" loading=\"eager\" alt=\"Amanda Eide\" title=\"Foto: Reidar Gregersen \/ NRK\"\/><\/p>\n<p class=\"\">Amanda Marie Eide lever av \u00e5 rydde for andre. Her er hun i hjemmet til \u00abRagnhild\u00bb som ikke klarer \u00e5 kvitte seg med ting.<\/p>\n<p>Foto: Reidar Gregersen \/ NRK<\/p>\n<p><img decoding=\"async\"   src=\"data:image\/gif;base64,R0lGODlhAQABAIAAAAAAAP\/\/\/yH5BAEAAAAALAAAAAABAAEAAAIBRAA7\" loading=\"eager\" alt=\"Jakob R\u00f8dset Farstad sitt i senga med alle medisinane sine.\" title=\"Foto: Remi Sagen \/ NRK\"\/><\/p>\n<p class=\"\">Jakob levde et vanlig liv. Han spilte fotball, handball og kj\u00f8rte gokart. S\u00e5 endret alt seg. Han fikk p\u00e5vist benmargssvikt og familien m\u00e5tte finne en benmargsdonor. NRK m\u00f8tte ham april \u00e5ret etter.<\/p>\n<p>Foto: Remi Sagen \/ NRK<\/p>\n<p><a href=\"https:\/\/www.nrk.no\/dokumentar\/xl\/drapet-pa-laila-_3_-1.17406073\" ec-id=\"pp:article:1.17406073\" ec-name=\"Saken\" rel=\"nofollow noopener\" target=\"_blank\">Saken<\/a> om drapet p\u00e5 tre \u00e5r gamle Laila engasjerte mange. NRKs journalist Alexander Fredriksen-Sylte fant til slutt ut av familieg\u00e5ten.<\/p>\n<p><img decoding=\"async\"   src=\"data:image\/gif;base64,R0lGODlhAQABAIAAAAAAAP\/\/\/yH5BAEAAAAALAAAAAABAAEAAAIBRAA7\" loading=\"eager\" alt=\"To hender holder et gammelt bilde\" title=\"Foto: Alexander Fredriksen-Sylte \/ NRK\"\/><\/p>\n<p class=\"\">Det siste fotografiet av tre \u00e5r gamle Laila Erikke Fredriksen, tatt etter sin d\u00f8d 10. juni 1945, har v\u00e6rt i journalistens familiealbum i 80 \u00e5r. <\/p>\n<p>Foto: Alexander Fredriksen-Sylte \/ NRK<\/p>\n<p>Gjennom \u00e5ret som har g\u00e5tt har NRKs fotografer m\u00f8tt TikTok-b\u00f8nder, en prinsesse p\u00e5 hennes hittil st\u00f8rste oppdrag og det som kanskje er Svalbards siste gruvearbeidere \u2013 og mange flere.<\/p>\n<p><img decoding=\"async\"   src=\"data:image\/gif;base64,R0lGODlhAQABAIAAAAAAAP\/\/\/yH5BAEAAAAALAAAAAABAAEAAAIBRAA7\" loading=\"eager\" alt=\"Vi ser Louise i svarte selebukser og t-skjorte l\u00f8fte to sm\u00e5 grisunger over et metallgjerde fra en binge til en annen. Hun ser konsentrert rett p\u00e5 oss.\" title=\"Foto: Ronald Hole Foss\u00e5skaret \/ NRK\"\/><\/p>\n<p class=\"\">Den nyetablerte TikTok-bonden Louise (20) er med p\u00e5 et gr\u00f8nt l\u00f8ft ingen i verden har gjort f\u00f8r, men fra grisefj\u00f8set brister t\u00e5lmodigheten i et protesthyl.<\/p>\n<p>Foto: Ronald Hole Foss\u00e5skaret \/ NRK<\/p>\n<p><img decoding=\"async\"   src=\"data:image\/gif;base64,R0lGODlhAQABAIAAAAAAAP\/\/\/yH5BAEAAAAALAAAAAABAAEAAAIBRAA7\" loading=\"eager\" alt=\"Prinsesse Ingrid Alexandra snakker med skolebarn utenfor Slottet under statsbes\u00f8ket fra Island\" title=\"Foto: Aurora Ytreberg Mel\u00f8e \/ NRK\"\/><\/p>\n<p class=\"\">Slottsplassen 8. april. Prinsesse Ingrid Alexandra tok imot statsbes\u00f8k fra Island under hennes st\u00f8rste oppdrag for monarkiet s\u00e5 langt. Her tok hun seg tid til \u00e5 tulle og t\u00f8yse med de oppm\u00f8tte barna.<\/p>\n<p>Foto: Aurora Ytreberg Mel\u00f8e \/ NRK<\/p>\n<p><img decoding=\"async\"   src=\"data:image\/gif;base64,R0lGODlhAQABAIAAAAAAAP\/\/\/yH5BAEAAAAALAAAAAABAAEAAAIBRAA7\" loading=\"eager\" alt=\"Siste skift i Gruve 7\" title=\"Foto: Simen Wingstad \/ NRK\"\/><\/p>\n<p class=\"\">I 2025 var det slutt for gruve 7 ved Longyearbyen p\u00e5 Svalbard. Her er gruvearbeiderne p\u00e5 siste skift med kullproduksjon.<\/p>\n<p>Foto: Simen Wingstad \/ NRK<\/p>\n<p><img decoding=\"async\"   src=\"data:image\/gif;base64,R0lGODlhAQABAIAAAAAAAP\/\/\/yH5BAEAAAAALAAAAAABAAEAAAIBRAA7\" loading=\"eager\" alt=\"en person som trener p\u00e5 et treningssenter\" title=\"Foto: Ksenia Novikova \/ NRK\"\/><\/p>\n<p class=\"\">Joacim \u00d8ien var besatt av trening, \u00abperfekt\u00bb kosthold og kosttilskudd \u2013 helt til hjertet begynte \u00e5 svikte. Han og Antidoping Norge gikk ut i sommer og advarte mot \u00e5 v\u00e6re ukritisk til kosttilskudd.<\/p>\n<p>Foto: Ksenia Novikova \/ NRK<\/p>\n<p><img decoding=\"async\"   src=\"data:image\/gif;base64,R0lGODlhAQABAIAAAAAAAP\/\/\/yH5BAEAAAAALAAAAAABAAEAAAIBRAA7\" loading=\"eager\" alt=\"Malin holder et kosedyr\" title=\"Foto: Shilan Sari \/ NRK\"\/><\/p>\n<p class=\"\">Malin Lossius S\u00f8rensen har sikret seg de virale \u00abLabubu\u00bb-figurene. Men h\u00f8y ettersp\u00f8rsel har f\u00f8rt til sl\u00e5sskamp og smugling av de kinesiske bamsene.<\/p>\n<p>Foto: Shilan Sari \/ NRK<\/p>\n<p><img decoding=\"async\"   src=\"data:image\/gif;base64,R0lGODlhAQABAIAAAAAAAP\/\/\/yH5BAEAAAAALAAAAAABAAEAAAIBRAA7\" loading=\"eager\" alt=\"en gruppe mennesker som ligger p\u00e5 en seng\" title=\"Foto: Stina Karin Haugen \/ NRK\"\/><\/p>\n<p class=\"\">Klokken er 01:30 p\u00e5 natten. Det blir lite s\u00f8vn p\u00e5 sm\u00e5barnsforeldre. Disse to foreldrene har en vekkerklokke kamuflert som en baby.<\/p>\n<p>Foto: Stina Karin Haugen \/ NRK<\/p>\n<p><img decoding=\"async\"   src=\"data:image\/gif;base64,R0lGODlhAQABAIAAAAAAAP\/\/\/yH5BAEAAAAALAAAAAABAAEAAAIBRAA7\" loading=\"eager\" alt=\"En kvinne med r\u00f8dt h\u00e5r sl\u00e5r p\u00e5 en tromme. Hun har mange frynser p\u00e5 den hvite kjolen sin, og \u00f8ynene er dekket for med frynser. Hun har et reinsdyrgevir p\u00e5 hodet.\" title=\"Foto: Xin Li \/ NRK\"\/><\/p>\n<p class=\"\">Bandet Heilung spiller p\u00e5 ekte menneskeknokler. Og har blitt et globalt kultfenomen.<\/p>\n<p>Foto: Xin Li \/ NRK<\/p>\n<p><img decoding=\"async\"   src=\"data:image\/gif;base64,R0lGODlhAQABAIAAAAAAAP\/\/\/yH5BAEAAAAALAAAAAABAAEAAAIBRAA7\" loading=\"eager\" alt=\"Flyet vart heist opp av vatnet. Til venstre f\u00f8lger menneske med hjelm og refleksklede med, og p\u00e5 haugen bak st\u00e5r fleire tilskodarar.\" title=\"Foto: Sissel Rikheim \/ NRK\"\/><\/p>\n<p class=\"\">To personer mistet livet da et sm\u00e5fly gikk i Vinddalsvatnet i Bj\u00f8rnafjorden 1. april. Her blir det hevet tre dager senere. <\/p>\n<p>Foto: Sissel Rikheim \/ NRK<\/p>\n<p><img decoding=\"async\"   src=\"data:image\/gif;base64,R0lGODlhAQABAIAAAAAAAP\/\/\/yH5BAEAAAAALAAAAAABAAEAAAIBRAA7\" loading=\"eager\" alt=\"Ling Zi (29) jobber 18 til 20 timer i d\u00f8gnet. Varene hun lager selger hun p\u00e5 Temu. \" title=\"Foto: Fang Yongbin \/ NRK\"\/><\/p>\n<p class=\"\">Ling Zi (29) jobber 18 til 20 timer i d\u00f8gnet. Varene hun lager selger hun p\u00e5 Temu.<\/p>\n<p>Foto: Fang Yongbin \/ NRK<\/p>\n<p>Noen nyheter handler mest om lek og moro, som da NRK m\u00f8tte Cosplay-deltakere p\u00e5 Unagicon-festivalen i \u00c5lesund.<\/p>\n<p>Cosplay handler om \u00e5 kle seg ut som en karakter fra film, spill, anime eller egne fantasier \u2013 og leve seg inn i karakterens rolle.<\/p>\n<p>    \u2190<\/p>\n<ul data-scroll-container=\"\" role=\"list\" aria-label=\"Bildegalleri\">\n<li><img alt=\"en person som har p\u00e5 seg en rosa kjole, rosa parykk og sko. Hun er kledd ut som miku.\"  width=\"3840\" height=\"6788\" loading=\"lazy\"\/>\n<p>En person som er utkledd som \u00abMiku\u00bb, en japansk karakter som vanligvis har turkise musefletter og japansk skoleuniform.<\/p>\n<p> Foto: Mia Sofie Ytreberg \/ NRK <\/li>\n<li><img alt=\"En person som har p\u00e5 seg et kostyme fra spillserien Halo. \"  width=\"3840\" height=\"6789\" loading=\"lazy\"\/>\n<p>En person utkledd som karakteren \u00abMaster Chief\u00bb fra spillserien \u00abHalo\u00bb. <\/p>\n<p> Foto: Mia Sofie Ytreberg \/ NRK <\/li>\n<li><img alt=\"Bildet viser en fargerik maskotfigur med r\u00f8dt, bustete h\u00e5r og store, karakteristiske \u00f8yne. Maskoten har gr\u00f8nne stjerner og to bein-detaljer festet til hodet, noe som gir den et lekent uttrykk. Bakgrunnen er uskarp, men antyder et innend\u00f8rs milj\u00f8. Det er ingen tekst eller grafiske elementer synlige i bildet. (Bildebeskrivelsen er laget av en KI-tjeneste)\"  width=\"3840\" height=\"6789\" loading=\"lazy\"\/>\n<p>En person utkledd som en maskot med gr\u00f8nne stjerner og to bein festet til hodet.<\/p>\n<p> Foto: Mia Sofie Ytreberg \/ NRK <\/li>\n<li><img alt=\"Ei kvinne utkledd Draculaura fra Monster High\"  width=\"3840\" height=\"6789\" loading=\"lazy\"\/>\n<p>En kvinne utkledd som \u00abDraculaura\u00bb fra dukkeserien \u00abMonster High\u00bb.<\/p>\n<p> Foto: Mia Sofie Ytreberg \/ NRK <\/li>\n<li><img alt=\"en person som har p\u00e5 seg et plagg\"  width=\"3840\" height=\"5732\" loading=\"lazy\"\/>\n<p>En kvinne utkledd som karakteren \u00abMechanic Kaveh\u00bb fra rollespillet \u00abGenshin Impact\u00bb. <\/p>\n<p> Foto: Mia Sofie Ytreberg \/ NRK <\/li>\n<\/ul>\n<p>\u2192<\/p>\n<p><strong>Sommer!<\/strong><\/p>\n<p>Mange trakk ut for \u00e5 nye solen og varmen. I en skog s\u00f8r for Oslo, finner vi dem som kaller seg hekser.<\/p>\n<p><img decoding=\"async\"   src=\"data:image\/gif;base64,R0lGODlhAQABAIAAAAAAAP\/\/\/yH5BAEAAAAALAAAAAABAAEAAAIBRAA7\" loading=\"eager\" alt=\"To kvinner som danser ute p\u00e5 en gressplen\" title=\"Foto: Hallgeir Braastad \/ NRK\"\/><\/p>\n<p class=\"\">NRK ble invitert inn i en heksesirkel, hvor kvinner finner fellesskap og kraft.<\/p>\n<p>Foto: Hallgeir Braastad \/ NRK<\/p>\n<p>Andre tilbringer sommerdagene ved vannkanten, som H\u00e5kon Iversen:<\/p>\n<p><img decoding=\"async\"   src=\"data:image\/gif;base64,R0lGODlhAQABAIAAAAAAAP\/\/\/yH5BAEAAAAALAAAAAABAAEAAAIBRAA7\" loading=\"eager\" alt=\"en mann og kvinne som st\u00e5r p\u00e5 en strand\" title=\"Foto: Shilan Sari \/ NRK\"\/><\/p>\n<p class=\"\">H\u00e5kon Iversen bader hver eneste morgen med badegruppen \u00abBadekarene\u00bb p\u00e5 Tjuvholmen i Oslo.<\/p>\n<p>Foto: Shilan Sari \/ NRK<\/p>\n<p>NRK m\u00f8tte kj\u00e6resteparet Liz Jafonita (46) og Christine Jasmine (47) p\u00e5 naturiststranden p\u00e5 Huk utenfor Oslo.<\/p>\n<p>\u2013 Jeg har alltid f\u00f8lt at det er naturlig \u00e5 v\u00e6re naken. Det handler ikke om noe seksuelt for min del. Det handler bare om \u00e5 v\u00e6re, sier Liz.<\/p>\n<p><img decoding=\"async\"   src=\"data:image\/gif;base64,R0lGODlhAQABAIAAAAAAAP\/\/\/yH5BAEAAAAALAAAAAABAAEAAAIBRAA7\" loading=\"eager\" alt=\"en person som ligger p\u00e5 en strand under en paraply\" title=\"Foto: Truls Skram Ler\u00f8 \/ NRK\"\/><\/p>\n<p class=\"\">Naturistmilj\u00f8et kan m\u00f8te stigma og fordommer. Men her f\u00f8ler flere seg tryggere enn p\u00e5 vanlige strender.<\/p>\n<p>Foto: Truls Skram Ler\u00f8 \/ NRK<\/p>\n<p>I Oslo gikk over 100.000 personer i pridetoget. Aldri f\u00f8r har s\u00e5 mange deltatt p\u00e5 feiringen.<\/p>\n<p><img decoding=\"async\"   src=\"data:image\/gif;base64,R0lGODlhAQABAIAAAAAAAP\/\/\/yH5BAEAAAAALAAAAAABAAEAAAIBRAA7\" loading=\"eager\" alt=\"en person som sitter p\u00e5 en sofa\" title=\"Foto: Julia Kirsebom Thommessen \/ NRK\"\/><\/p>\n<p class=\"\">Ulf Nestvold (80) bor med ektemannen Hans Olav p\u00e5 Marienlyst i Oslo. Han har v\u00e6rt aktivist hele livet og kjempet for skeives rettigheter i Norge. N\u00e5 mener han andre f\u00e5r overta. \u2013 Og det er det mange som gj\u00f8r, sier han.<\/p>\n<p>Foto: Julia Kirsebom Thommessen \/ NRK<\/p>\n<p><img decoding=\"async\"   src=\"data:image\/gif;base64,R0lGODlhAQABAIAAAAAAAP\/\/\/yH5BAEAAAAALAAAAAABAAEAAAIBRAA7\" loading=\"eager\" alt=\"en mann som holder rundt en annen mann\" title=\"Foto: Xin Li \/ NRK\"\/><\/p>\n<p class=\"\">J\u00f8rgen Wear kom ut av skapet til venner og familie etter \u00e5 ha sett Skam.<\/p>\n<p>Foto: Xin Li \/ NRK<\/p>\n<p>Sommeren er ogs\u00e5 h\u00f8ysesong for utdrikningslag. NRKs fotograf fikk f\u00f8lge to forskjellige lag, for Lars og Christina.<\/p>\n<p>    <img alt=\"En gruppe mennesker som st\u00e5r i en skog\"  loading=\"lazy\"\/><img alt=\"en person som danser p\u00e5 en stol\"  loading=\"lazy\"\/>Foto: Aurora Ytreberg Mel\u00f8e \/ NRK<\/p>\n<p>Tusenvis av studenter starter studiene i august. Noen investerer stort i fadderuken, mens andre holder det billigst mulig.<\/p>\n<p>Marta Grete Aspehaug (21) p\u00e5 Blindern sparer p\u00e5 \u00e5 kj\u00f8pe billig svensk vin, mens BI-studentene drar ut p\u00e5 <a href=\"https:\/\/www.nrk.no\/direkte\/xl\/store-prisforskjeller-under-fadderuken-i-oslo-1.17527287\" ec-id=\"pp:article:1.17527287\" ec-name=\"seilas i Oslofjorden\" rel=\"nofollow noopener\" target=\"_blank\">seilas i Oslofjorden<\/a>.<\/p>\n<p><img decoding=\"async\"   src=\"data:image\/gif;base64,R0lGODlhAQABAIAAAAAAAP\/\/\/yH5BAEAAAAALAAAAAABAAEAAAIBRAA7\" loading=\"eager\" alt=\"Fadderuke\" title=\"Foto: Ismail Burak Akkan \/ NRK\"\/><\/p>\n<p>Foto: Ismail Burak Akkan \/ NRK<\/p>\n<p><strong>Liv og d\u00f8d<\/strong><\/p>\n<p>Noen historier setter dype spor.<\/p>\n<p>Maria har uhelbredelig kreft og \u00f8nsker \u00e5 bestemme selv n\u00e5r hun skal d\u00f8. Historien hennes om aktiv d\u00f8dshjelp ble en av \u00e5rets mest leste <a href=\"https:\/\/www.nrk.no\/trondelag\/xl\/dodshjelp_-maria-vil-selv-bestemme-nar-hun-skal-do-1.17484446\" ec-id=\"pp:article:1.17484446\" ec-name=\"saker\" rel=\"nofollow noopener\" target=\"_blank\">saker<\/a>.<\/p>\n<p><img decoding=\"async\"   src=\"data:image\/gif;base64,R0lGODlhAQABAIAAAAAAAP\/\/\/yH5BAEAAAAALAAAAAABAAEAAAIBRAA7\" loading=\"eager\" alt=\"Maria og Kjetil ligger p\u00e5 ryggen i skogen, omringa av hunden sine\" title=\"Foto: Erlend L\u00e5nke Solbu \/ NRK\"\/><\/p>\n<p class=\"\">Maria har d\u00f8delig kreft og vil bestemme selv n\u00e5r hun skal d\u00f8. Hun er for aktiv d\u00f8dshjelp. Her ligger hun i skogen sammen med kj\u00e6resten Kjetil. Ved siden av ligger hundene Saga og Ruby. <\/p>\n<p>Foto: Erlend L\u00e5nke Solbu \/ NRK<\/p>\n<p>Mange ble ogs\u00e5 rystet av drapet p\u00e5 Tamima Nibras Juhar p\u00e5 Kampen i Oslo.<\/p>\n<p>Barne- og ungdomsarbeideren var alene som nattevakt p\u00e5 en barnevernsinstitusjon. Hun ble drept av en 18 \u00e5r gammel beboer.<\/p>\n<p><img decoding=\"async\"   src=\"data:image\/gif;base64,R0lGODlhAQABAIAAAAAAAP\/\/\/yH5BAEAAAAALAAAAAABAAEAAAIBRAA7\" loading=\"eager\" alt=\"Tamima Nibras Juhar (34) ble begravet p\u00e5 Alfaset. \" title=\"Foto: Aurora Ytreberg Mel\u00f8e \/ NRK\"\/><\/p>\n<p class=\"\">Tamima Nibras Juhar (34) ble drept da hun var alene p\u00e5 nattevakt i barnevernet p\u00e5 Kampen i Oslo. Drapet rystet Norge og mange m\u00f8tte opp i begravelsen hennes.<\/p>\n<p>Foto: Aurora Ytreberg Mel\u00f8e \/ NRK<\/p>\n<p>\u00ab\u00d8ygard-saken\u00bb sjokkerte mange da den ble kjent i 2011. Ordf\u00f8reren i bygda V\u00e5g\u00e5 ble senere d\u00f8mt for seksuell omgang med en mindre\u00e5rig jente.<\/p>\n<p>I november 2025 fortalte jenta \u2013 Lisanne \u2013 <a href=\"https:\/\/www.nrk.no\/innlandet\/xl\/lisanne-var-_jenta-i-oygard-saken_-1.17365629\" ec-id=\"pp:article:1.17365629\" ec-name=\"sin historie\" rel=\"nofollow noopener\" target=\"_blank\">sin historie<\/a>.<\/p>\n<p><img decoding=\"async\"   src=\"data:image\/gif;base64,R0lGODlhAQABAIAAAAAAAP\/\/\/yH5BAEAAAAALAAAAAABAAEAAAIBRAA7\" loading=\"eager\" alt=\"Lisanne Djikstra fotografert i Skj\u00e5k\" title=\"Foto: Lars Erik Skrefsrud \/ NRK\"\/><\/p>\n<p class=\"\">\u2013 Jeg h\u00e5per jeg kan klare \u00e5 legge det som skjedde litt mer fra meg ved \u00e5 st\u00e5 fram, og at andre som har blitt utsatt for overgrep t\u00f8r \u00e5 ta et oppgj\u00f8r med det, sier Lisanne til NRK. <\/p>\n<p>Foto: Lars Erik Skrefsrud \/ NRK<\/p>\n<p>Gjennom 2025 har NRK dokumentert omr\u00e5der i Norge hvor det f\u00f8r var industri, men som n\u00e5 ligger forlatt og opplever stadig d\u00e5rligere levek\u00e5r.<\/p>\n<p>    \u2190<\/p>\n<ul data-scroll-container=\"\" role=\"list\" aria-label=\"Bildegalleri\">\n<li><img alt=\"Kollasje med bilder av Elias p\u00e5 forskjellige steder\"  width=\"3840\" height=\"3840\" loading=\"lazy\"\/> Foto: John-Andr\u00e9 Samuelsen \/ NRK <\/li>\n<li><img alt=\"Kollasje med bilder av Helene\"  width=\"3840\" height=\"3840\" loading=\"lazy\"\/> Foto: John-Andr\u00e9 Samuelsen <\/li>\n<li><img alt=\"Kollasje med fire bilder av bygninger og omr\u00e5der\"  width=\"3840\" height=\"3840\" loading=\"lazy\"\/> Foto: John-Andr\u00e9 Samuelsen \/ NRK <\/li>\n<li><img alt=\"Kollasje med bilder av Sara\"  width=\"3840\" height=\"3840\" loading=\"lazy\"\/> Foto: John-Andr\u00e9 Samuelsen \/ NRK <\/li>\n<\/ul>\n<p>\u2192<\/p>\n<p>Samiske Benedikte Iren Eriksen f\u00f8lte lenge sinne over at bestemoren ikke \u00f8nsket \u00e5 l\u00e6re barna samisk.<\/p>\n<p>Etter hvert forsto hun at det ikke var bestemorens feil, men den harde fornorskningen av samene.<\/p>\n<p>N\u00e5 bes\u00f8ker hun skoler i hele landet for \u00e5 l\u00e6re ungdom om samisk kultur.<\/p>\n<p><img decoding=\"async\"   src=\"data:image\/gif;base64,R0lGODlhAQABAIAAAAAAAP\/\/\/yH5BAEAAAAALAAAAAABAAEAAAIBRAA7\" loading=\"eager\" alt=\"Benedikte Iren Eriksen\" title=\"Foto: June Gr\u00f8nnvoll Bj\u00f8rnback \/ NRK\"\/><\/p>\n<p class=\"\">\u2013 Jeg mener diskriminering kommer av at folk ikke har kunnskap, sier Eriksen.<\/p>\n<p>Foto: June Gr\u00f8nnvoll Bj\u00f8rnback \/ NRK<\/p>\n<p>Even Haugen (26) mistet lappen etter ruskj\u00f8ring. N\u00e5 h\u00e5per han \u00e5 hjelpe andre i et nytt prosjekt.<\/p>\n<p>\u2013 N\u00e5 er jeg uten f\u00f8rerkort. Det er ikke noe annet \u00e5 si enn at det er idiotisk.<\/p>\n<p><img decoding=\"async\"   src=\"data:image\/gif;base64,R0lGODlhAQABAIAAAAAAAP\/\/\/yH5BAEAAAAALAAAAAABAAEAAAIBRAA7\" loading=\"eager\" alt=\"en mann med h\u00f8rselvern p\u00e5 hodet ser gjennom en knust bilrute\" title=\"Foto: Fredrik Pedersen \/ NRK\"\/><\/p>\n<p class=\"\">Even Haugen tenker hver dag p\u00e5 ulykken der han krasjet i rusp\u00e5virket tilstand, men er glad ingen ble skadd.<\/p>\n<p>Foto: Fredrik Pedersen \/ NRK<\/p>\n<p><strong>Endringer i Norge<\/strong><\/p>\n<p>8. september var det stortingsvalg i Norge. Det ble et valg for historieb\u00f8kene. <\/p>\n<p>Flere sm\u00e5partier pr\u00f8vde \u00e5 komme over sperregrensen, inkludert partiet Konservativt, som NRK m\u00f8tte i opptakten til valgdagen.<\/p>\n<p><img decoding=\"async\"   src=\"data:image\/gif;base64,R0lGODlhAQABAIAAAAAAAP\/\/\/yH5BAEAAAAALAAAAAABAAEAAAIBRAA7\" loading=\"eager\" alt=\"Benjamin Fuglestad Hestholm p\u00e5 vei over et gangfelt i Sandnes sentrum\" title=\"Foto: \u00d8ystein Otterdal \/ NRK\"\/><\/p>\n<p class=\"\">Benjamin (22) malte Trump p\u00e5 russedressen og fant sitt politiske hjem blant de aller mest konservative. NRK fulgte partiet Konservativt i forkant av stortingsvalget. Partiet endte opp med 15.507 stemmer.<\/p>\n<p>Foto: \u00d8ystein Otterdal \/ NRK<\/p>\n<p>Jonas Gahr St\u00f8re og Arbeiderpartiet fikk fortsette i regjering \u2013 mens H\u00f8yre gjorde et av sine d\u00e5rligste valg.<\/p>\n<p>Erna Solberg meldte at hun kom til \u00e5 trekke seg som H\u00f8yre-leder som f\u00f8lge av valgresultatet.<\/p>\n<p>    <img alt=\"en gruppe mennesker som poserer for et bilde (Bildebeskrivelsen er laget av en KI-tjeneste)\"  loading=\"lazy\"\/><img alt=\"Tom sal p\u00e5 H\u00f8yres valgvake mens Erna Solberg taler p\u00e5 skjermen\"  loading=\"lazy\"\/><\/p>\n<p>Jubelen stod i taket p\u00e5 valgvaken til Arbeiderpartiet under stortingsvalget i september. P\u00e5 valgvaken til H\u00f8yre var det stille. <\/p>\n<p>Foto: Truls Skram Ler\u00f8 \/ Torstein B\u00f8e \/ NRK<\/p>\n<p>    \u2190<\/p>\n<ul data-scroll-container=\"\" role=\"list\" aria-label=\"Bildegalleri\">\n<li><img alt=\"En gruppe mennesker (Bildebeskrivelsen er laget av en KI-tjeneste)\"  width=\"3840\" height=\"2560\" loading=\"lazy\"\/>\n<p>R\u00f8dt i Oslo.<\/p>\n<p> Foto: Fathia Mahmoud Farah \/ NRK <\/li>\n<li><img alt=\"Sandra Borch holder seg rundt halsen mens hun ser spent foran seg. \"  width=\"3840\" height=\"2561\" loading=\"lazy\"\/>\n<p>Senterpartiet i Troms\u00f8.<\/p>\n<p> Foto: Simen Wingstad \/ NRK <\/li>\n<li><img alt=\"En gruppe mennesker som danser (Bildebeskrivelsen er laget av en KI-tjeneste)\"  width=\"3840\" height=\"2559\" loading=\"lazy\"\/>\n<p>Kristelig folkeparti i Oslo.<\/p>\n<p> Foto: Ksenia Novikova \/ NRK <\/li>\n<li><img alt=\"Folk feirer p\u00e5 MDGs valgvake i Bergen. \"  width=\"3840\" height=\"2560\" loading=\"lazy\"\/>\n<p>Milj\u00f8partiet De Gr\u00f8nne i Bergen.<\/p>\n<p> Foto: Benjamin Ren\u00e9 Dyrdal \/ NRK <\/li>\n<li><img alt=\"Kvinne trist p\u00e5 H\u00f8yres valgvake mens fotografer tar bilde. \"  width=\"3840\" height=\"2560\" loading=\"lazy\"\/>\n<p>H\u00f8yre i Oslo.<\/p>\n<p> Foto: Torstein B\u00f8e \/ NRK <\/li>\n<li><img alt=\"en gruppe mennesker i et rom (Bildebeskrivelsen er laget av en KI-tjeneste)\"  width=\"3840\" height=\"2560\" loading=\"lazy\"\/>\n<p>Arbeiderpartiet i Oslo.<\/p>\n<p> Foto: Truls Skram Ler\u00f8 \/ NRK <\/li>\n<li><img alt=\"Viser tatovering av Venstre-logo p\u00e5 en fot.\"  width=\"3840\" height=\"2560\" loading=\"lazy\"\/>\n<p>Venstre i Oslo.<\/p>\n<p> Foto: Truls Antonsen \/ NRK <\/li>\n<\/ul>\n<p>\u2192<\/p>\n<p>    <img alt=\"Folk forlater FrPs valgvake p\u00e5 Bristol i Oslo. \"  loading=\"lazy\"\/><img alt=\"en person som holder en mikrofon\"  loading=\"lazy\"\/><\/p>\n<p>Frp gjorde et av sine beste valg noensinne og gikk frem over 12 prosent. <\/p>\n<p>Foto: Ismail Burak Akkan \/ NRK<\/p>\n<p>Vil Ine Eriksen S\u00f8reide kunne fylle Ernas sko?<\/p>\n<p><img decoding=\"async\"   src=\"data:image\/gif;base64,R0lGODlhAQABAIAAAAAAAP\/\/\/yH5BAEAAAAALAAAAAABAAEAAAIBRAA7\" loading=\"eager\" alt=\"Sideprofil av Ine Eriksen S\u00f8reide som hviler ansiktet p\u00e5 h\u00e5nden og ser fremover\" title=\"Foto: Truls Skram Ler\u00f8 \/ NRK\"\/><\/p>\n<p class=\"\">H\u00f8yres nye leder, Ine Eriksen S\u00f8reide, i intervju med NRK p\u00e5 Stortinget. <\/p>\n<p>Foto: Truls Skram Ler\u00f8 \/ NRK<\/p>\n<p>H\u00f8sten var ogs\u00e5 preget av hendelser med ungdomskriminalitet i flere norske kommuner.<\/p>\n<p>Ved Pilestredet i Oslo ble en granat kastet inn i en neglesalong. Store politistyrker rykket ut.<\/p>\n<p><img decoding=\"async\"   src=\"data:image\/gif;base64,R0lGODlhAQABAIAAAAAAAP\/\/\/yH5BAEAAAAALAAAAAABAAEAAAIBRAA7\" loading=\"eager\" alt=\"granat bislett\" title=\"Foto: Simon Skjelvik Brandseth \/ NRK\"\/><\/p>\n<p class=\"\">23. september gikk det av en granat i Pilestredet i Oslo. En annen granat m\u00e5tte detoneres av politiet. <\/p>\n<p>Foto: Simon Skjelvik Brandseth \/ NRK<\/p>\n<p>Norges VM-kvalifisering mot Israel p\u00e5 Ullevaal stadion 11. oktober f\u00f8rte til store demonstrasjoner utenfor arenaen. Flere personer ble anholdt.<\/p>\n<p><img decoding=\"async\"   src=\"data:image\/gif;base64,R0lGODlhAQABAIAAAAAAAP\/\/\/yH5BAEAAAAALAAAAAABAAEAAAIBRAA7\" loading=\"eager\" alt=\"To personer i politiformasjon knebler en liggende person p\u00e5 gaten. Den ene politimannen holder personens arm, mens den andre er b\u00f8yd nedover. I bakgrunnen ses en annen politimann og bygninger, med svakt opplyste vinduer. En plakat ligger p\u00e5 bakken n\u00e6r hendelsen. (Bildebeskrivelsen er laget av en KI-tjeneste)\" title=\"Foto: Lars Thomas Nordby \/ NRK\"\/><\/p>\n<p class=\"\">Politiet brukte t\u00e5regass mot propalestinske demonstranter og presset dem vekk fra Ullevaal stadion. 22 personer ble anholdt. <\/p>\n<p>Foto: Lars Thomas Nordby \/ NRK<\/p>\n<p>Det var imidlertid f\u00e6rre demonstrasjoner da Viking vant gull for f\u00f8rste gang siden 1991.<\/p>\n<p>Tilhengere feirer og gr\u00e5ter over at gullet endelig kommer tilbake til Stavanger. Viking vant den siste kampen 5-1.<\/p>\n<p>Foto: Eirik Gjesdal \/ NRK<\/p>\n<p>Milliard\u00e6rfruen Kristin G. Andresen kloner hesten sin, \u00abDonkey Boy\u00bb, i USA. NRK ble med.<\/p>\n<p>    \u2190<\/p>\n<ul data-scroll-container=\"\" role=\"list\" aria-label=\"Bildegalleri\">\n<li><img alt=\"en person som ser p\u00e5 en hest (Bildebeskrivelsen er laget av en KI-tjeneste)\"  width=\"3840\" height=\"2560\" loading=\"lazy\"\/>\n<p>\u00abDonkey Boy\u00bb og Kristin G. Andresen ved Katrinelund hingstestestasjon i Danmark.<\/p>\n<p> Foto: Patrick da Silva S\u00e6ther <\/li>\n<li><img alt=\"En person som klapper en hest (Bildebeskrivelsen er laget av en KI-tjeneste)\"  width=\"3840\" height=\"2560\" loading=\"lazy\"\/>\n<p>Veterin\u00e6r Marie forbereder \u00abDonkey Boy\u00bb til f\u00f8rste steg i kloneprosessen. Det blir tatt hud- og h\u00e5rpr\u00f8ver av Donkey Boy som blir sendt til kloneselskapet Viagens laboratorium i USA.<\/p>\n<p> Foto: Patrick da Silva S\u00e6ther <\/li>\n<li><img alt=\"En person som tar en selfie med en svart hest (Bildebeskrivelsen er laget av en KI-tjeneste)\"  width=\"3840\" height=\"2560\" loading=\"lazy\"\/>\n<p> I Palm Beach, Florida, m\u00f8ter Andresen venninnen Charlotte Jorst. Hun har klonet tre hester. En av de er hingsten \u00abZhaplin\u00bb , som har blitt klonet i to utgaver.<\/p>\n<p> Foto: Patrick da Silva S\u00e6ther <\/li>\n<li><img alt=\"en person og en hest (Bildebeskrivelsen er laget av en KI-tjeneste)\"  width=\"3840\" height=\"2560\" loading=\"lazy\"\/>\n<p>P\u00e5 en ranch i sm\u00e5byen Gainesville, Texas, ligger verdens ledende kloneklinikk Viagen Leder av klinikken, Blake Russell, viser frem nyf\u00f8dte kloner som knapt har l\u00e6rt seg \u00e5 st\u00e5.<\/p>\n<p> Foto: Patrick da Silva S\u00e6ther \/ NRK <\/li>\n<li><img alt=\"en mann som jobber p\u00e5 en hest (Bildebeskrivelsen er laget av en KI-tjeneste)\"  width=\"3840\" height=\"2560\" loading=\"lazy\"\/>\n<p>To hopper st\u00e5r klare for \u00e5 f\u00e5 klonet embryo sett inn. Halene til hoppene st\u00e5r rett opp, og lange kateter blir f\u00f8rt inn bak av stallkaren.<\/p>\n<p> Foto: Patrick da Silva S\u00e6ther \/ NRK <\/li>\n<li><img alt=\"En person som sitter ved et skrivebord (Bildebeskrivelsen er laget av en KI-tjeneste)\"  width=\"3840\" height=\"2560\" loading=\"lazy\"\/>\n<p>I laben blir det skapt nye dyr hver dag.<\/p>\n<p> Foto: Patrick da Silva S\u00e6ther \/ NRK <\/li>\n<li><img alt=\"En kvinne som kysser en hest (Bildebeskrivelsen er laget av en KI-tjeneste)\"  width=\"3840\" height=\"2560\" loading=\"lazy\"\/>\n<p>P\u00e5 et jorde i Oklahoma m\u00f8ter Andresen en av hoppene som b\u00e6rer fram en klone av Donkey Boy. \u2013 Hun er vakker! Og hun har snille \u00f8yer. Jeg h\u00e5per klonene f\u00e5r noe av henne, sier hun og klapper p\u00e5 hoppa.<\/p>\n<p> Foto: Patrick da Silva S\u00e6ther \/ NRK <\/li>\n<\/ul>\n<p>\u2192<\/p>\n<p>Og arbeidet for fred i Ukraina fortsetter. I november kom Volodymyr Zelenskyj p\u00e5 et kjapt bes\u00f8k til Norge.<\/p>\n<p>\u2013 Jeg er glad og takknemlig for \u00e5 v\u00e6re her, sa den ukrainske presidenten.<\/p>\n<p><img decoding=\"async\"   src=\"data:image\/gif;base64,R0lGODlhAQABAIAAAAAAAP\/\/\/yH5BAEAAAAALAAAAAABAAEAAAIBRAA7\" loading=\"eager\" alt=\"To menn i m\u00f8rke kl\u00e6r g\u00e5r i regnet. \" title=\"Foto: H\u00e5kon Benjaminsen \/ NRK\"\/><\/p>\n<p class=\"\">Ukrainas president Volodymyr Zelenskyj m\u00f8tte statsminister Jonas Gahr St\u00f8re p\u00e5 Gardermoen. Det ble et kort m\u00f8te f\u00f8r Zelenskyj reiste videre.<\/p>\n<p>Foto: H\u00e5kon Benjaminsen \/ NRK<\/p>\n<p>P\u00e5 Skaugum gj\u00f8r kronprinsfamilien seg klare for en rolig julefeiring, etter et \u00e5r preget av sykdom og rettssaker.<\/p>\n<p>Kronprinsesse Mette-Marits lungesykdom har blitt verre. En lungetransplantasjon st\u00e5r kanskje p\u00e5 trappene for 2026.<\/p>\n<p>\u2013 Det er jo en operasjon med masse risiko knyttet til seg, sa kronprinsessen til NRK i desember.<\/p>\n<p>\u2013 Og s\u00e5 m\u00e5 vi ha lov til \u00e5 v\u00e6re litt lei oss og ta det innover oss innimellom ogs\u00e5. Livet er jo litt brutalt, la kronprins Haakon til.<\/p>\n<p><img decoding=\"async\"   src=\"data:image\/gif;base64,R0lGODlhAQABAIAAAAAAAP\/\/\/yH5BAEAAAAALAAAAAABAAEAAAIBRAA7\" loading=\"eager\" alt=\"En gardist g\u00e5r vakt i porten opp til Skaugum\" title=\"Foto: Christian Breidlid \/ NRK\"\/><\/p>\n<p class=\"\">En ensom gardist holder vakt ved porten til Skaugum i vinterm\u00f8rket, desember 2025. <\/p>\n<p>Foto: Christian Breidlid \/ NRK<\/p>\n<p>Her kan du se bildene fra tidligere \u00e5r: <\/p>\n","protected":false},"excerpt":{"rendered":"Det var \u00e5ret der Jonas Gahr St\u00f8re beholdt makten \u2013 mens Erna Solberg mistet den. I USA kom&hellip;\n","protected":false},"author":2,"featured_media":125852,"comment_status":"","ping_status":"","sticky":false,"template":"","format":"standard","meta":{"footnotes":""},"categories":[5],"tags":[20,21,24,25,15,19,22,23,17,18,13,30,28,29,14,16,26,27],"class_list":{"0":"post-125851","1":"post","2":"type-post","3":"status-publish","4":"format-standard","5":"has-post-thumbnail","7":"category-overskrifter","8":"tag-breaking-news","9":"tag-breakingnews","10":"tag-featured-news","11":"tag-featurednews","12":"tag-headlines","13":"tag-hovedoppslag","14":"tag-latest-news","15":"tag-latestnews","16":"tag-main-news","17":"tag-mainnews","18":"tag-news","19":"tag-no","20":"tag-norge","21":"tag-norway","22":"tag-nyheter","23":"tag-overskrifter","24":"tag-top-stories","25":"tag-topstories"},"share_on_mastodon":{"url":"https:\/\/pubeurope.com\/@no\/115816582596267523","error":""},"_links":{"self":[{"href":"https:\/\/www.europesays.com\/no\/wp-json\/wp\/v2\/posts\/125851","targetHints":{"allow":["GET"]}}],"collection":[{"href":"https:\/\/www.europesays.com\/no\/wp-json\/wp\/v2\/posts"}],"about":[{"href":"https:\/\/www.europesays.com\/no\/wp-json\/wp\/v2\/types\/post"}],"author":[{"embeddable":true,"href":"https:\/\/www.europesays.com\/no\/wp-json\/wp\/v2\/users\/2"}],"replies":[{"embeddable":true,"href":"https:\/\/www.europesays.com\/no\/wp-json\/wp\/v2\/comments?post=125851"}],"version-history":[{"count":0,"href":"https:\/\/www.europesays.com\/no\/wp-json\/wp\/v2\/posts\/125851\/revisions"}],"wp:featuredmedia":[{"embeddable":true,"href":"https:\/\/www.europesays.com\/no\/wp-json\/wp\/v2\/media\/125852"}],"wp:attachment":[{"href":"https:\/\/www.europesays.com\/no\/wp-json\/wp\/v2\/media?parent=125851"}],"wp:term":[{"taxonomy":"category","embeddable":true,"href":"https:\/\/www.europesays.com\/no\/wp-json\/wp\/v2\/categories?post=125851"},{"taxonomy":"post_tag","embeddable":true,"href":"https:\/\/www.europesays.com\/no\/wp-json\/wp\/v2\/tags?post=125851"}],"curies":[{"name":"wp","href":"https:\/\/api.w.org\/{rel}","templated":true}]}}