{"id":125867,"date":"2025-12-31T23:08:09","date_gmt":"2025-12-31T23:08:09","guid":{"rendered":"https:\/\/www.europesays.com\/no\/125867\/"},"modified":"2025-12-31T23:08:09","modified_gmt":"2025-12-31T23:08:09","slug":"demonstranter-forsokte-a-bryte-seg-inn-i-regjeringsbygning-i-iran","status":"publish","type":"post","link":"https:\/\/www.europesays.com\/no\/125867\/","title":{"rendered":"Demonstranter fors\u00f8kte \u00e5 bryte seg inn i regjeringsbygning i Iran"},"content":{"rendered":"\n<p class=\"_lead_o9xde_2 _lead_xtcu6_50 layout-component text-serif-m layout-normal text-serif-l layout-component layout-wide layout-padded _wide_17hqh_1 layout-padded\">Protestene fortsetter for fjerde dag p\u00e5 rad.<\/p>\n<p><img alt=\"Flere demonstrerte utenfor Det hvite hus for regimeskifte i Iran onsdag 31. desember. Foto: Evan Vucci \/ AP \/ NTB\" class=\"_image_qp4xg_65 layout-component layout-wide\" data-fullscreen- data-track-element-type=\"Article image fullscreen\" data-track-name=\"ImageFullscreen\" fetchpriority=\"high\" decoding=\"sync\" loading=\"eager\" height=\"3825\" itemprop=\"image\"  src=\"https:\/\/www.europesays.com\/no\/wp-content\/uploads\/2025\/12\/21dc3054-86e1-438f-ba2f-32d43d3207b4.png\"  style=\"object-position:0% 0%\" width=\"5737\"\/>Flere demonstrerte utenfor Det hvite hus for regimeskifte i Iran onsdag 31. desember. Foto: Evan Vucci \/ AP \/ NTB<\/p>\n<ul aria-hidden=\"true\" class=\"_images_ntbth_112\">\n<li><a class=\"_link_ntbth_117\" href=\"https:\/\/www.vg.no\/forfatter\/nora-thorp-bjoernstad\" style=\"z-index:1\" title=\"Nora Thorp Bj\u00f8rnstad\" rel=\"nofollow noopener\" target=\"_blank\"><img alt=\"Bilde av Nora Thorp Bj\u00f8rnstad\" class=\"_image_ntbth_93\" fetchpriority=\"low\" loading=\"lazy\" decoding=\"async\" itemprop=\"image\"  src=\"https:\/\/www.europesays.com\/no\/wp-content\/uploads\/2025\/12\/1767222488_386_507e86a9-02c6-4090-b6ec-87788a71b40e.jpeg\"  width=\"480\"\/><\/a><\/li>\n<\/ul>\n<p> Oppdatert onsdag 31. desember 2025 kl. 23:41    <\/p>\n<ul class=\"_list_o9xde_3 _list_64s2r_85 _unordered_o9xde_106 text-sans-m\">\n<li class=\"_item_o9xde_30\">Iranske demonstranter fortsetter protestene for fjerde dag p\u00e5 rad mot \u00f8konomiske problemer og fallende valuta.<\/li>\n<li class=\"_item_o9xde_30\">En gruppe fors\u00f8kte \u00e5 bryte seg inn i en regjeringsbygning; lederen ble arrestert.<\/li>\n<li class=\"_item_o9xde_30\">Protestene har spredd seg til flere byer, og presidenten antyder utenlandsk innblanding.<\/li>\n<\/ul>\n<p>Vis mer <\/p>\n<p class=\"_paragraph_o9xde_4 _paragraph_xtcu6_10 layout-component text-serif-m layout-normal text-serif-m layout-padded\">Iranske demonstranter som protesterer mot \u00f8konomiske problemer og en fallende valuta fors\u00f8kte \u00e5 bryte seg inn i en lokal regjeringsbygning onsdag, melder <a href=\"https:\/\/nyheter.ntb.no\/ntbWeb\/r?service=news&amp;article=19467036\" class=\"_link_o9xde_39\" rel=\"nofollow noopener\" target=\"_blank\">NTB<\/a>. <\/p>\n<p class=\"_paragraph_o9xde_4 _paragraph_xtcu6_10 layout-component text-serif-m layout-normal text-serif-m layout-padded\">Statlige medier melder at en organisert gruppe \u00aboppr\u00f8rere\u00bb fors\u00f8kte \u00e5 komme seg inn i det lokale guvern\u00f8rbygget i Fasa i den s\u00f8rlige provinsen Fars. Videoopptak viser en gruppe mennesker som pr\u00f8ver \u00e5 bryte opp porten til bygningen.<\/p>\n<p class=\"_paragraph_o9xde_4 _paragraph_xtcu6_10 layout-component text-serif-m layout-normal text-serif-m layout-padded\">\u2013 Angrepet deres mislyktes med inngripen fra sikkerhetsstyrkene. Lederen for disse oppr\u00f8rerne, en 28 \u00e5r gammel kvinne, ble arrestert, rapporterer statlige medier if\u00f8lge <a href=\"https:\/\/www.aljazeera.com\/news\/2025\/12\/31\/protests-in-iran-spread-amid-deep-discontent-over-economic-duress\" class=\"_link_o9xde_39\" rel=\"nofollow noopener\" target=\"_blank\">Al Jazeera<\/a>.<\/p>\n<p><img alt=\"Foto: AP \/ NTB\" class=\"_image_qp4xg_65 layout-component layout-normal\" data-fullscreen- data-track-element-type=\"Article image fullscreen\" data-track-name=\"ImageFullscreen\" decoding=\"async\" loading=\"lazy\" height=\"3648\" itemprop=\"image\"  src=\"https:\/\/www.europesays.com\/no\/wp-content\/uploads\/2025\/12\/86dd4d71-6385-478e-b136-d1df49da4191.png\"  style=\"object-position:0% 0%\" width=\"5472\"\/>Foto: AP \/ NTB<\/p>\n<p class=\"_paragraph_o9xde_4 _paragraph_xtcu6_10 layout-component text-serif-m layout-normal text-serif-m layout-padded\">Dette er de st\u00f8rste protestene i Iran siden 2022, da d\u00f8dsfallet til <a href=\"https:\/\/www.vg.no\/nyheter\/i\/pQAVvW\/brukte-hijab-feil-doedsfallet-vekker-sterke-reaksjoner\" data-track-element-type=\"Link\" data-track-id=\"link:pQAVvW\" class=\"_link_o9xde_39\" rel=\"nofollow noopener\" target=\"_blank\">Mahsa Amini<\/a> i moralpolitiets varetekt utl\u00f8ste omfattende demonstrasjoner over hele landet.<\/p>\n<p class=\"_paragraph_o9xde_4 _paragraph_xtcu6_10 layout-component text-serif-m layout-normal text-serif-m layout-padded\"><strong class=\"_strong_o9xde_25\">Demonstrasjonene som n\u00e5 p\u00e5g\u00e5r, startet s\u00f8ndag fordi den nasjonale valutaen rial stupte til rekordlave niv\u00e5er. <\/strong><\/p>\n<p class=\"_paragraph_o9xde_4 _paragraph_xtcu6_10 layout-component text-serif-m layout-normal text-serif-m layout-padded\">Protestene har siden spredt seg til flere andre byer. <\/p>\n<p><img alt=\"D\u00f8dsfallet til Mahsa Amini skapte store protester.   Foto: KENZO TRIBOUILLARD \/ AFP \/ NTB\" class=\"_image_qp4xg_65 layout-component layout-normal\" data-fullscreen- data-track-element-type=\"Article image fullscreen\" data-track-name=\"ImageFullscreen\" decoding=\"async\" loading=\"lazy\" height=\"4584\" itemprop=\"image\"  src=\"https:\/\/www.europesays.com\/no\/wp-content\/uploads\/2025\/12\/d60ccc7f-873e-4d4d-8e2b-6b482f6282de.png\"  style=\"object-position:0% 0%\" width=\"6873\"\/>D\u00f8dsfallet til Mahsa Amini skapte store protester.   Foto: KENZO TRIBOUILLARD \/ AFP \/ NTB<\/p>\n<p class=\"_paragraph_o9xde_4 _paragraph_xtcu6_10 layout-component text-serif-m layout-normal text-serif-m layout-padded\">Tirsdag gikk studenter ut i gatene i <a href=\"https:\/\/www.vg.no\/tag\/teheran?utm_source=vg-article&amp;utm_medium=auto-tagger&amp;utm_campaign=RjR2ya\" class=\"_link_o9xde_39\" rel=\"nofollow noopener\" target=\"_blank\">Teheran<\/a>, mens protester ogs\u00e5 br\u00f8t ut ved universiteter i byene Isfahan, Yazd og Zanjan.<\/p>\n<p class=\"_paragraph_o9xde_4 _paragraph_xtcu6_10 layout-component text-serif-m layout-normal text-serif-m layout-padded\">President Masoud Pezeshkian antydet onsdag utenlandsk innblanding i uroen.<\/p>\n<p class=\"_paragraph_o9xde_4 _paragraph_xtcu6_10 layout-component text-serif-m layout-normal text-serif-m layout-padded\">\u2013 Vi er i en situasjon der ytre press ut\u00f8ves av landets fiender, sa Pezeshkian.<\/p>\n<p class=\"_paragraph_o9xde_4 _paragraph_xtcu6_10 layout-component text-serif-m layout-normal text-serif-m layout-padded\">Rialen har falt raskt de siste ukene og handlet p\u00e5 rundt 1,42 millioner rialrial Den offisielle valutaen i Iran.<\/p>\n<p> per dollar da protestene br\u00f8t ut s\u00f8ndag, sammenlignet med 820.000 rial for et \u00e5r siden.<\/p>\n<p><img alt=\"Irans president Masoud Pezeshkian.  Foto: Angelina Katsanis \/ AP \/ NTB\" class=\"_image_qp4xg_65 layout-component layout-normal\" data-fullscreen- data-track-element-type=\"Article image fullscreen\" data-track-name=\"ImageFullscreen\" decoding=\"async\" loading=\"lazy\" height=\"2667\" itemprop=\"image\"  src=\"https:\/\/www.europesays.com\/no\/wp-content\/uploads\/2025\/12\/dcbd68ba-a0d0-4029-b0d4-72fccdad32a0.jpeg\"  style=\"object-position:0% 0%\" width=\"4000\"\/>Irans president Masoud Pezeshkian.  Foto: Angelina Katsanis \/ AP \/ NTB<\/p>\n<p class=\"_paragraph_o9xde_4 _paragraph_xtcu6_10 layout-component text-serif-m layout-normal text-serif-m layout-padded\"><strong class=\"_strong_o9xde_25\">Landets \u00f8konomi, som i ti\u00e5r har v\u00e6rt preget av vestlige sanksjonersanksjonerStraffetiltak som ett eller flere land innf\u00f8rer mot et annet land for \u00e5 presse det til \u00e5 endre en bestemt politikk eller handling., er presset etter at FN i h\u00f8st gjeninnf\u00f8rte internasjonale sanksjoner knyttet til landets atomprogram. <\/strong><\/p>\n<p class=\"_paragraph_o9xde_4 _paragraph_xtcu6_10 layout-component text-serif-m layout-normal text-serif-m layout-padded\">Inflasjonen er rundt 50 prosent, valutaen svekkes og levekostnadene \u00f8ker. <\/p>\n<p class=\"_paragraph_o9xde_4 _paragraph_xtcu6_10 layout-component text-serif-m layout-normal text-serif-m layout-padded\">Regjeringens talsperson Fatemeh Mohajerani sier de vil lytte til demonstrantenes krav. Men iranske myndigheter har liten tillit i befolkningen til \u00e5 l\u00f8se de \u00f8konomiske problemene, sier visepresident ved tankesmien Quincy Institute for Responsible StatecraftQuincy Institute for Responsible Statecraft En amerikansk tenketank som fokuserer p\u00e5 utenrikspolitikk og internasjonale relasjoner., Trita Parsi, til <a href=\"https:\/\/www.aljazeera.com\/news\/2025\/12\/31\/protests-in-iran-spread-amid-deep-discontent-over-economic-duress\" class=\"_link_o9xde_39\" rel=\"nofollow noopener\" target=\"_blank\">Al Jazeera<\/a>.  <\/p>\n<p class=\"_paragraph_o9xde_4 _paragraph_xtcu6_10 layout-component text-serif-m layout-normal text-serif-m layout-padded\">Han peker p\u00e5 at presidenten selv nylig har sagt at han ikke kan gj\u00f8re noe med situasjonen. <\/p>\n<p class=\"_paragraph_o9xde_4 _paragraph_xtcu6_10 layout-component text-serif-m layout-normal text-serif-m layout-padded\">Parsi sier det n\u00e5 avgj\u00f8rende er om protestene vil vokse og utvikle seg fra \u00f8konomisk misn\u00f8ye til bredere politiske krav.<\/p>\n<p class=\"_paragraph_o9xde_4 _paragraph_xtcu6_10 layout-component text-serif-m layout-normal text-serif-m layout-padded\"><strong class=\"_strong_o9xde_25\">Se video &#8211; Titusenvis demonstrerte i Berlin i 2022:<\/strong><\/p>\n","protected":false},"excerpt":{"rendered":"Protestene fortsetter for fjerde dag p\u00e5 rad. Flere demonstrerte utenfor Det hvite hus for regimeskifte i Iran onsdag&hellip;\n","protected":false},"author":2,"featured_media":125868,"comment_status":"","ping_status":"","sticky":false,"template":"","format":"standard","meta":{"footnotes":""},"categories":[5],"tags":[20,21,864,24,25,15,19,3228,22,23,17,18,13,30,28,29,14,16,1250,14805,26,27,46],"class_list":{"0":"post-125867","1":"post","2":"type-post","3":"status-publish","4":"format-standard","5":"has-post-thumbnail","7":"category-overskrifter","8":"tag-breaking-news","9":"tag-breakingnews","10":"tag-demonstrasjoner","11":"tag-featured-news","12":"tag-featurednews","13":"tag-headlines","14":"tag-hovedoppslag","15":"tag-iran","16":"tag-latest-news","17":"tag-latestnews","18":"tag-main-news","19":"tag-mainnews","20":"tag-news","21":"tag-no","22":"tag-norge","23":"tag-norway","24":"tag-nyheter","25":"tag-overskrifter","26":"tag-protest","27":"tag-teheran","28":"tag-top-stories","29":"tag-topstories","30":"tag-vgai"},"share_on_mastodon":{"url":"https:\/\/pubeurope.com\/@no\/115816700539046589","error":""},"_links":{"self":[{"href":"https:\/\/www.europesays.com\/no\/wp-json\/wp\/v2\/posts\/125867","targetHints":{"allow":["GET"]}}],"collection":[{"href":"https:\/\/www.europesays.com\/no\/wp-json\/wp\/v2\/posts"}],"about":[{"href":"https:\/\/www.europesays.com\/no\/wp-json\/wp\/v2\/types\/post"}],"author":[{"embeddable":true,"href":"https:\/\/www.europesays.com\/no\/wp-json\/wp\/v2\/users\/2"}],"replies":[{"embeddable":true,"href":"https:\/\/www.europesays.com\/no\/wp-json\/wp\/v2\/comments?post=125867"}],"version-history":[{"count":0,"href":"https:\/\/www.europesays.com\/no\/wp-json\/wp\/v2\/posts\/125867\/revisions"}],"wp:featuredmedia":[{"embeddable":true,"href":"https:\/\/www.europesays.com\/no\/wp-json\/wp\/v2\/media\/125868"}],"wp:attachment":[{"href":"https:\/\/www.europesays.com\/no\/wp-json\/wp\/v2\/media?parent=125867"}],"wp:term":[{"taxonomy":"category","embeddable":true,"href":"https:\/\/www.europesays.com\/no\/wp-json\/wp\/v2\/categories?post=125867"},{"taxonomy":"post_tag","embeddable":true,"href":"https:\/\/www.europesays.com\/no\/wp-json\/wp\/v2\/tags?post=125867"}],"curies":[{"name":"wp","href":"https:\/\/api.w.org\/{rel}","templated":true}]}}