{"id":125875,"date":"2025-12-31T23:33:24","date_gmt":"2025-12-31T23:33:24","guid":{"rendered":"https:\/\/www.europesays.com\/no\/125875\/"},"modified":"2025-12-31T23:33:24","modified_gmt":"2025-12-31T23:33:24","slug":"arets-mest-virale-oyeblikk","status":"publish","type":"post","link":"https:\/\/www.europesays.com\/no\/125875\/","title":{"rendered":"\u00c5rets mest virale \u00f8yeblikk"},"content":{"rendered":"\n<p class=\"_paragraph_o9xde_4 _paragraph_xtcu6_10 layout-component text-serif-m layout-normal text-serif-m layout-padded\">Du trodde du hang med \u2013 helt til du st\u00e5r der forvirret og ser en gjeng barneskoleelever g\u00e5 av hengslene fordi noen sier: \u00absiiix seeeveen, six seeeveen\u00bb.<\/p>\n<p class=\"_paragraph_o9xde_4 _paragraph_xtcu6_10 layout-component text-serif-m layout-normal text-serif-m layout-padded\">Mer skulle visst ikke til.<\/p>\n<p class=\"_paragraph_o9xde_4 _paragraph_xtcu6_10 layout-component text-serif-m layout-normal text-serif-m layout-padded\">2025 har gitt oss alt fra flaue konsert\u00f8yeblikk til <a href=\"https:\/\/www.vg.no\/tag\/katy-perry?utm_source=vg-article&amp;utm_medium=auto-tagger&amp;utm_campaign=BxReGQ\" class=\"_link_o9xde_39\" rel=\"nofollow noopener\" target=\"_blank\">Katy Perry<\/a> i verdensrommet som satte nettet i brann.<\/p>\n<p class=\"_paragraph_o9xde_4 _paragraph_xtcu6_10 layout-component text-serif-m layout-normal text-serif-m layout-padded\">Her er de virale \u00f8yeblikkene vi kommer til \u00e5 huske: <\/p>\n<p> Coldplay-kiss cam som \u00f8dela karrierer<\/p>\n<p class=\"_paragraph_o9xde_4 _paragraph_xtcu6_10 layout-component text-serif-m layout-normal text-serif-m layout-padded\">Det som skulle v\u00e6re et s\u00f8tt \u00f8yeblikk p\u00e5 en Coldplay-konsert i Boston i juli, endte som en av \u00e5rets mest omtalte skandaler.<\/p>\n<p><img alt=\"Andy Byron, toppsjef i tech-selskapet Astronomer, og HR-sjef Kristin Cabo. Begge var gift, men ikke med hverandre.   Foto: VG\/Skjermbilde\" class=\"_image_qp4xg_65 layout-component layout-normal\" data-fullscreen- data-track-element-type=\"Article image fullscreen\" data-track-name=\"ImageFullscreen\" decoding=\"async\" loading=\"lazy\" height=\"1230\" itemprop=\"image\"  src=\"https:\/\/www.europesays.com\/no\/wp-content\/uploads\/2025\/12\/5a95ed52-973d-498a-9e42-9ac4951e08b0.jpeg\"  style=\"object-position:0% 0%\" width=\"2022\"\/>Andy Byron, toppsjef i tech-selskapet Astronomer, og HR-sjef Kristin Cabo. Begge var gift, men ikke med hverandre.   Foto: VG\/Skjermbilde<\/p>\n<p class=\"_paragraph_o9xde_4 _paragraph_xtcu6_10 layout-component text-serif-m layout-normal text-serif-m layout-padded\">Da kiss camenkiss camenKiss cam filmer tilfeldig utvalgte par blant publikum. N\u00e5r kameraet fanger to personer og bildet vises p\u00e5 storskjermen, er det meningen at de skal kysse \u2013 til underholdning for resten av publikum. fanget opp to personer som klemte hverandre, reagerte de med panikk \u2013 mannen dukket ned for \u00e5 skjule seg, mens kvinnen la hodet i hendene.<\/p>\n<p class=\"_paragraph_o9xde_4 _paragraph_xtcu6_10 layout-component text-serif-m layout-normal text-serif-m layout-padded\">Internett tok raskt saken i egne hender.<\/p>\n<p class=\"_paragraph_o9xde_4 _paragraph_xtcu6_10 layout-component text-serif-m layout-normal text-serif-m layout-padded\">Det hemmelige paret ble identifisert som Andy Byron, administrerende direkt\u00f8r i teknologiselskapet Astronomer, og selskapets personalsjef Kristin Cabo.<\/p>\n<p class=\"_paragraph_o9xde_4 _paragraph_xtcu6_10 layout-component text-serif-m layout-normal text-serif-m layout-padded\">Etter at selskapet startet en formell gransking, sa begge opp stillingene sine.<\/p>\n<p class=\"_paragraph_o9xde_4 _paragraph_xtcu6_10 layout-component text-serif-m layout-normal text-serif-m layout-padded\">For \u00e5 ri p\u00e5 publisitetsb\u00f8lgen hyret Astronomer inn Chris Martins ekskone Gwyneth Paltrow som \u00abmidlertidig talsperson\u00bb i en ironisk reklamefilm.<\/p>\n<p> Labubu-hysteriet<\/p>\n<p class=\"_paragraph_o9xde_4 _paragraph_xtcu6_10 layout-component text-serif-m layout-normal text-serif-m layout-padded\">Disse sm\u00e5, litt skumle dukkene med spisse \u00f8rer og ni tenner ble \u00e5rets st\u00f8rste leket\u00f8ysfenomen.<\/p>\n<p><img alt=\"Foto: Seth Wenig \/ AP \/ NTB\" class=\"_image_qp4xg_65 layout-component layout-normal\" data-fullscreen- data-track-element-type=\"Article image fullscreen\" data-track-name=\"ImageFullscreen\" decoding=\"async\" loading=\"lazy\" height=\"4000\" itemprop=\"image\"  src=\"https:\/\/www.europesays.com\/no\/wp-content\/uploads\/2025\/12\/ae1fa6da-a017-4b37-80a8-02cc927c278e.png\"  style=\"object-position:0% 0%\" width=\"6000\"\/>Foto: Seth Wenig \/ AP \/ NTB<\/p>\n<p class=\"_paragraph_o9xde_4 _paragraph_xtcu6_10 layout-component text-serif-m layout-normal text-serif-m layout-padded\">F\u00f8rst sett hengende fra vesken til Blackpink-stjernen Lisa, ble de raskt adoptert av kjendiser som Rihanna, Dua Lipa og David Beckham.<\/p>\n<p><img alt=\"For mange er kanskje Lisa best kjent fra den nye sesongen av \u00abWhite Lotus\u00bb.  Foto: RUNGROJ YONGRIT \/ EPA \/ NTB\" class=\"_image_qp4xg_65 layout-component layout-normal\" data-fullscreen- data-track-element-type=\"Article image fullscreen\" data-track-name=\"ImageFullscreen\" decoding=\"async\" loading=\"lazy\" height=\"4000\" itemprop=\"image\"  src=\"https:\/\/www.europesays.com\/no\/wp-content\/uploads\/2025\/12\/b73005d1-d75e-4d86-8bee-ad564c47661d.jpeg\"  style=\"object-position:0% 0%\" width=\"6000\"\/>For mange er kanskje Lisa best kjent fra den nye sesongen av \u00abWhite Lotus\u00bb.  Foto: RUNGROJ YONGRIT \/ EPA \/ NTB<\/p>\n<p class=\"_paragraph_o9xde_4 _paragraph_xtcu6_10 layout-component text-serif-m layout-normal text-serif-m layout-padded\">Labubuer kunne ikke bare kj\u00f8pes i butikker \u2013 folk m\u00e5tte vente p\u00e5 neste \u00abdrop\u00bb, hvor folkemengder br\u00f8t ut i hysteri.<\/p>\n<p class=\"_paragraph_o9xde_4 _paragraph_xtcu6_10 layout-component text-serif-m layout-normal text-serif-m layout-padded\">Suksessen var s\u00e5 stor at Sony angivelig sikret seg filmrettighetene, skriver <a href=\"https:\/\/www.hollywoodreporter.com\/\" class=\"_link_o9xde_39\" rel=\"nofollow noopener\" target=\"_blank\">The Hollywood Reporter<\/a>.<\/p>\n<p> Sydney Sweeneys kontroversielle jeans<\/p>\n<p class=\"_paragraph_o9xde_4 _paragraph_xtcu6_10 layout-component text-serif-m layout-normal text-serif-m layout-padded\">Skuespilleren skapte storm da hun frontet en reklamekampanje for American Eagle med slagordet \u00abSydney Sweeney has great jeans\u00bb.<\/p>\n<p><img alt=\"Reklametavler med skuespiller Sydney Sweeney utenfor en American Eagle-butikk i New York. Kleskjedens nyeste jeanskampanje, med Sweeney i hovedrollen, har f\u00e5tt kritikk for spr\u00e5k og visuelle valg flere mener minner om retorikk fra eugenikkens tid.  Foto: MICHAEL M. SANTIAGO \/ AFP \/ NTB\" class=\"_image_qp4xg_65 layout-component layout-normal\" data-fullscreen- data-track-element-type=\"Article image fullscreen\" data-track-name=\"ImageFullscreen\" decoding=\"async\" loading=\"lazy\" height=\"4000\" itemprop=\"image\"  src=\"https:\/\/www.europesays.com\/no\/wp-content\/uploads\/2025\/12\/0d4ccf60-e2d5-4b32-9a95-ee5010d61f7e.png\"  style=\"object-position:0% 0%\" width=\"6000\"\/>Reklametavler med skuespiller Sydney Sweeney utenfor en American Eagle-butikk i New York. Kleskjedens nyeste jeanskampanje, med Sweeney i hovedrollen, har f\u00e5tt kritikk for spr\u00e5k og visuelle valg flere mener minner om retorikk fra eugenikkens tid.  Foto: MICHAEL M. SANTIAGO \/ AFP \/ NTB<\/p>\n<p class=\"_paragraph_o9xde_4 _paragraph_xtcu6_10 layout-component text-serif-m layout-normal text-serif-m layout-padded\">Flere mente kampanjen spilte p\u00e5 ordet \u00abgenes\u00bb (gener) i stedet for \u00abjeans\u00bb, og dermed fremhevet hennes \u00abgode gener\u00bb.<\/p>\n<p class=\"_paragraph_o9xde_4 _paragraph_xtcu6_10 layout-component text-serif-m layout-normal text-serif-m layout-padded\">Det utl\u00f8ste en global debatt om rasisme og vestlige skj\u00f8nnhetsidealer.<\/p>\n<p><img alt=\"Et digitalt reklameskilt med den amerikanske skuespilleren Sydney Sweeney utenfor en American Eagle-butikk p\u00e5 Times Square.  Foto: TIMOTHY A. CLARY \/ AFP \/ NTB\" class=\"_image_qp4xg_65 layout-component layout-normal\" data-fullscreen- data-track-element-type=\"Article image fullscreen\" data-track-name=\"ImageFullscreen\" decoding=\"async\" loading=\"lazy\" height=\"2496\" itemprop=\"image\"  src=\"https:\/\/www.europesays.com\/no\/wp-content\/uploads\/2025\/12\/05f3310d-f319-4fdb-a9cd-db2569d1b0dd.png\"  style=\"object-position:0% 0%\" width=\"3744\"\/>Et digitalt reklameskilt med den amerikanske skuespilleren Sydney Sweeney utenfor en American Eagle-butikk p\u00e5 Times Square.  Foto: TIMOTHY A. CLARY \/ AFP \/ NTB<\/p>\n<p class=\"_paragraph_o9xde_4 _paragraph_xtcu6_10 layout-component text-serif-m layout-normal text-serif-m layout-padded\">Og p\u00e5 et eller annet vis klarte Donald Trump \u00e5 blande seg inn i kontroversen.<\/p>\n<p class=\"_paragraph_o9xde_4 _paragraph_xtcu6_10 layout-component text-serif-m layout-normal text-serif-m layout-padded\">\u2013 Hun er en registrert republikaner? \u00c5, n\u00e5 elsker jeg reklamen hennes, sa Trump if\u00f8lge <a href=\"https:\/\/theweek.com\/culture-life\/the-biggest-viral-moments-of-2025\" class=\"_link_o9xde_39\" rel=\"nofollow noopener\" target=\"_blank\">The Week<\/a>.<\/p>\n<p class=\"_paragraph_o9xde_4 _paragraph_xtcu6_10 layout-component text-serif-m layout-normal text-serif-m layout-padded\">Til tross for kritikken var kampanjen en kommersiell suksess.<\/p>\n<p class=\"_paragraph_o9xde_4 _paragraph_xtcu6_10 layout-component text-serif-m layout-normal text-serif-m layout-padded\">Aksjer i American Eagle steg mer enn 25 prosent etter Sweeneys involvering, og jeansene hennes var utsolgt innen en uke, if\u00f8lge <a href=\"https:\/\/www.ft.com\/\" class=\"_link_o9xde_39\" rel=\"nofollow noopener\" target=\"_blank\">Financial Times<\/a>.<\/p>\n<p> Louvre-ranet og en detektiv<\/p>\n<p class=\"_paragraph_o9xde_4 _paragraph_xtcu6_10 layout-component text-serif-m layout-normal text-serif-m layout-padded\">I oktober gjennomf\u00f8rte fire tyver det som ble kalt \u00ab\u00e5rhundrets ran\u00bb p\u00e5 verdens mest ber\u00f8mte museum.<\/p>\n<p class=\"_paragraph_o9xde_4 _paragraph_xtcu6_10 layout-component text-serif-m layout-normal text-serif-m layout-padded\">Forkledd som bygningsarbeidere brukte de en kran montert p\u00e5 en lastebil til \u00e5 knuse et vindu og komme seg inn i Galerie d&#8217;Apollon.<\/p>\n<ul class=\"_gallery_1qa3s_23\" tabindex=\"0\">\n<li class=\"_item_1qa3s_37\" data-index=\"0\"><img decoding=\"async\" class=\"_image_foru8_23 _articleGallery_foru8_39\" data-fullscreen- width=\"4432\" height=\"2960\" itemprop=\"image\" loading=\"lazy\"  src=\"https:\/\/www.europesays.com\/no\/wp-content\/uploads\/2025\/12\/f87fda2a-ea73-4e24-8631-c361f017ad92.jpeg\"  style=\"object-position:50% 50%;aspect-ratio:var(--gallery-aspect-ratio, 16 \/ 9)\"\/>Foto: Gonzalo Fuentes \/ Reuters \/ NTB<\/li>\n<li class=\"_item_1qa3s_37\" data-index=\"1\"><img decoding=\"async\" class=\"_image_foru8_23 _articleGallery_foru8_39\" data-fullscreen- width=\"3517\" height=\"2338\" itemprop=\"image\" loading=\"lazy\"  src=\"https:\/\/www.europesays.com\/no\/wp-content\/uploads\/2025\/12\/0219144d-a948-4945-a4e2-643ef0c6fc21.png\"  style=\"object-position:50% 50%;aspect-ratio:var(--gallery-aspect-ratio, 16 \/ 9)\"\/>Foto: Gonzalo Fuentes \/ Reuters \/ NTB<\/li>\n<li class=\"_item_1qa3s_37\" data-index=\"2\"><img decoding=\"async\" class=\"_image_foru8_23 _articleGallery_foru8_39\" data-fullscreen- width=\"3744\" height=\"2496\" itemprop=\"image\" loading=\"lazy\"  src=\"https:\/\/www.europesays.com\/no\/wp-content\/uploads\/2025\/12\/d78597a5-d637-4a56-9ac1-c1c6b3005dc9.jpeg\"  style=\"object-position:50% 50%;aspect-ratio:var(--gallery-aspect-ratio, 16 \/ 9)\"\/>Foto: Mohammed Badra \/ EPA \/ NTB<\/li>\n<\/ul>\n<p>Foto: Gonzalo Fuentes \/ Reuters \/ NTB<\/p>\n<p class=\"_paragraph_o9xde_4 _paragraph_xtcu6_10 layout-component text-serif-m layout-normal text-serif-m layout-padded\">P\u00e5 bare syv minutter stjal de ni franske kronjuveler verdt rundt 1,04 milliarder norske kroner, inkludert et diamant- og smaragdhalskjede Napoleon ga til keiserinne Marie-Louise.<\/p>\n<p class=\"_paragraph_o9xde_4 _paragraph_xtcu6_10 layout-component text-serif-m layout-normal text-serif-m layout-padded\">Fire personer er siktet i forbindelse med ranet, men juvelene er fortsatt ikke funnet.<\/p>\n<p class=\"_paragraph_o9xde_4 _paragraph_xtcu6_10 layout-component text-serif-m layout-normal text-serif-m layout-padded\">Samtidig dukket \u00abLouvre-detektiven\u00bb opp og hele internett lurte: Er det slik franske detektiver kler seg? Var det virkelig han som skulle l\u00f8se mysteriet?<\/p>\n<p><img alt=\"15 \u00e5r gamle Pedro Elias Garzon Delvaux fikk internett til \u00e5 koke.   Foto: Thibault Camus \/ AP \/ NTB\" class=\"_image_qp4xg_65 layout-component layout-normal\" data-fullscreen- data-track-element-type=\"Article image fullscreen\" data-track-name=\"ImageFullscreen\" decoding=\"async\" loading=\"lazy\" height=\"2790\" itemprop=\"image\"  src=\"https:\/\/www.europesays.com\/no\/wp-content\/uploads\/2025\/12\/d6b416b1-ac7f-4e51-9265-25992317cc7e.jpeg\"  style=\"object-position:0% 0%\" width=\"4185\"\/>15 \u00e5r gamle Pedro Elias Garzon Delvaux fikk internett til \u00e5 koke.   Foto: Thibault Camus \/ AP \/ NTB<\/p>\n<p class=\"_paragraph_o9xde_4 _paragraph_xtcu6_10 layout-component text-serif-m layout-normal text-serif-m layout-padded\">Men det var for godt til \u00e5 v\u00e6re sant. Det var bare 15 \u00e5r gamle Pedro Elias Garzon Delvaux som s\u00e5 sitt snitt.<\/p>\n<p class=\"_paragraph_o9xde_4 _paragraph_xtcu6_10 layout-component text-serif-m layout-normal text-serif-m layout-padded\">If\u00f8lge internett er Pedro en ten\u00e5ring med forkj\u00e6rlighet for Sherlock Holmes og klassisk detektivstil.<\/p>\n<p class=\"_paragraph_o9xde_4 _paragraph_xtcu6_10 layout-component text-serif-m layout-normal text-serif-m layout-padded\">Pedro var tilfeldigvis p\u00e5 museumsbes\u00f8k den dagen \u2013 p\u00e5 et museum som (ironisk nok) var stengt p\u00e5 grunn av det p\u00e5g\u00e5ende kuppet.<\/p>\n<p> Katy Perry i verdensrommet<\/p>\n<p class=\"_paragraph_o9xde_4 _paragraph_xtcu6_10 layout-component text-serif-m layout-normal text-serif-m layout-padded\">Popstjernen Katy Perry var blant seks kvinner som tok en 11 minutter lang romferd med Blue Origin i april.<\/p>\n<p class=\"_paragraph_o9xde_4 _paragraph_xtcu6_10 layout-component text-serif-m layout-normal text-serif-m layout-padded\">Internett var raskt ute med \u00e5 p\u00e5peke det sm\u00e5absurde i det hele og hva som tydeligvis kan skje n\u00e5r lommeboken blir st\u00f8rre enn bakkekontakten. <\/p>\n<p class=\"_paragraph_o9xde_4 _paragraph_xtcu6_10 layout-component text-serif-m layout-normal text-serif-m layout-padded\">De fl\u00f8y mer enn 100 kilometer over jorden og opplevde noen minutter med vektl\u00f8shet mens Perry fremf\u00f8rte \u00abWhat a Wonderful World\u00bb.<\/p>\n<p class=\"_paragraph_o9xde_4 _paragraph_xtcu6_10 layout-component text-serif-m layout-normal text-serif-m layout-padded\">\u2013 Jeg s\u00e5 ut av vinduet og vi fikk se m\u00e5nen, fortalte Jeff Bezos&#8217; kone Lauren S\u00e1nchez til reportere etter landingen, if\u00f8lge <a href=\"https:\/\/theweek.com\/culture-life\/the-biggest-viral-moments-of-2025\" class=\"_link_o9xde_39\" rel=\"nofollow noopener\" target=\"_blank\">The Week<\/a>.<\/p>\n<p class=\"_paragraph_o9xde_4 _paragraph_xtcu6_10 layout-component text-serif-m layout-normal text-serif-m layout-padded\">Perry, som beskrev seg selv som en \u00abmenneskelig pi\u00f1ata\u00bb p\u00e5 grunn av nettmobbing etter flyturen, ble nettopp kritisert for \u00e5 delta i det som ble beskrevet som \u00abi hovedsak bare forn\u00f8yelsesturer for superrike\u00bb.<\/p>\n<p class=\"_paragraph_o9xde_4 _paragraph_xtcu6_10 layout-component text-serif-m layout-normal text-serif-m layout-padded\">Et lyspunkt i 2025 kom derimot senere for Perry, som m\u00f8tte sin \u00abdr\u00f8mmemann\u00bb. Til manges overraskelse var det ingen ringere enn Justin Trudeau, tidligere statsminister i Canada.<\/p>\n<p> Jet2-reklamen som tok av<\/p>\n<p class=\"_paragraph_o9xde_4 _paragraph_xtcu6_10 layout-component text-serif-m layout-normal text-serif-m layout-padded\">En reklamekampanje fra 2024 for Jet2holidays ble plutselig viral i 2025.<\/p>\n<p class=\"_paragraph_o9xde_4 _paragraph_xtcu6_10 layout-component text-serif-m layout-normal text-serif-m layout-padded\">Den opprinnelige reklamen viste idylliske familieferier med Jess Glynnes\u2019 \u00abHold My Hand\u00bb som bakgrunnsmusikk.<\/p>\n<p class=\"_paragraph_o9xde_4 _paragraph_xtcu6_10 layout-component text-serif-m layout-normal text-serif-m layout-padded\">Men internett tok tak i den og begynte \u00e5 bruke musikken og slagordet over kaotiske reiseopplevelser i stedet \u2013 fra arrestasjoner p\u00e5 fly til katastrofalt v\u00e6r.<\/p>\n<p class=\"_paragraph_o9xde_4 _paragraph_xtcu6_10 layout-component text-serif-m layout-normal text-serif-m layout-padded\">Trenden f\u00f8rte til at \u00abHold My Hand\u00bb ble k\u00e5ret til \u00e5rets TikTok-sang i Storbritannia, ti \u00e5r etter den opprinnelige utgivelsen, if\u00f8lge <a href=\"https:\/\/www.bbc.com\/news\/articles\/c8d64njy44do\" class=\"_link_o9xde_39\" rel=\"nofollow noopener\" target=\"_blank\">BBC<\/a>.<\/p>\n<p> \u00abSiiix seeeveen\u00bb<\/p>\n<p class=\"_paragraph_o9xde_4 _paragraph_xtcu6_10 layout-component text-serif-m layout-normal text-serif-m layout-padded\">Forst\u00e5r du ikke helt greien? Du er slett ikke alene.<\/p>\n<p class=\"_paragraph_o9xde_4 _paragraph_xtcu6_10 layout-component text-serif-m layout-normal text-serif-m layout-padded\">Trenden startet med en viral TikTok-video av Maverick Trevillion, ogs\u00e5 kalt \u00ab67-kid\u00bb.<\/p>\n<p class=\"_paragraph_o9xde_4 _paragraph_xtcu6_10 layout-component text-serif-m layout-normal text-serif-m layout-padded\">I videoen roper han \u00absix seven\u00bb under en basketballkamp. En sang av artisten \u00abSkrilla\u00bb med tittelen \u00abDoot, Doot (6 7)\u00bb har ogs\u00e5 bidratt til populariteten.<\/p>\n<p><img alt=\"Rapperen Skrilla lot seg engasjere under storkampen mellom 76ers og Warriors, 4. desember 2025.  Foto: Matt Slocum \/ AP \/ NTB\" class=\"_image_qp4xg_65 layout-component layout-normal\" data-fullscreen- data-track-element-type=\"Article image fullscreen\" data-track-name=\"ImageFullscreen\" decoding=\"async\" loading=\"lazy\" height=\"3829\" itemprop=\"image\"  src=\"https:\/\/www.europesays.com\/no\/wp-content\/uploads\/2025\/12\/d630ef56-7b92-4da2-be7d-fefde26bc773.png\"  style=\"object-position:0% 0%\" width=\"5744\"\/>Rapperen Skrilla lot seg engasjere under storkampen mellom 76ers og Warriors, 4. desember 2025.  Foto: Matt Slocum \/ AP \/ NTB<\/p>\n<p class=\"_paragraph_o9xde_4 _paragraph_xtcu6_10 layout-component text-serif-m layout-normal text-serif-m layout-padded\">Men hva betyr det egentlig? Det er usikkert. Noen tror det kommer fra basketballspillere som oppgir h\u00f8yden sin som seks fot og syv tommer. <\/p>\n<p class=\"_paragraph_o9xde_4 _paragraph_xtcu6_10 layout-component text-serif-m layout-normal text-serif-m layout-padded\">Andre mener det viser til 67th street i Chicago.<\/p>\n<p class=\"_paragraph_o9xde_4 _paragraph_xtcu6_10 layout-component text-serif-m layout-normal text-serif-m layout-padded\">Spr\u00e5kviter V\u00e9ronica P\u00e1jaro ved Universitetet i Agder kaller det \u00abbrainrot\u00bb \u2013 et fyllord uten spesifikk mening, som \u00abskibidi toiletskibidi toilet&raquo;Skibidi Toilet&raquo; er en tullete animasjonsserie fra internett, der snakkende toaletter med hoder sl\u00e5ss mot figurer med TV- og kamerahoder. Det er superpopul\u00e6rt p\u00e5 TikTok og YouTube, og mange barn syns det er veldig morsomt \u2013 nettopp fordi det er s\u00e5 rart!\u00bb.<\/p>\n<p>Gullkorn fra Dagsnytt 18 <\/p>\n<p class=\"_paragraph_o9xde_4 _paragraph_xtcu6_10 layout-component text-serif-m layout-normal text-serif-m layout-padded\">Her hjemme i Norge var det s\u00e6rlig to \u00f8yeblikk som levde sitt eget liv p\u00e5 internett \u2013 spesielt p\u00e5 TikTok.<\/p>\n<p class=\"_paragraph_o9xde_4 _paragraph_xtcu6_10 layout-component text-serif-m layout-normal text-serif-m layout-padded\">F\u00f8rst var det klippet av Gyda Oddekalv, leder for Generasjonspartiet, som fikk seg selv kastet ut av Dagsnytt 18.<\/p>\n<p class=\"_paragraph_o9xde_4 _paragraph_xtcu6_10 layout-component text-serif-m layout-normal text-serif-m layout-padded\">P\u00e5 TikTok sammenlignet mange unge Oddekalvs opptreden i Dagsnytt 18 med f\u00f8lelsen av \u00e5 sitte fast i en middagsdiskusjon du helst skulle sluppet unna.<\/p>\n<p class=\"_paragraph_o9xde_4 _paragraph_xtcu6_10 layout-component text-serif-m layout-normal text-serif-m layout-padded\">Dette sa Oddekalv etter at hun ble kastet ut fra NRK-studio: <\/p>\n<p class=\"_paragraph_o9xde_4 _paragraph_xtcu6_10 layout-component text-serif-m layout-normal text-serif-m layout-padded\">Senere p\u00e5 \u00e5ret gikk ogs\u00e5 et klipp av Marit Lind, Helse Nord-sjefen som nektet \u00e5 svare p\u00e5 hvor mye hun tjente, viralt.<\/p>\n<p class=\"_paragraph_o9xde_4 _paragraph_xtcu6_10 layout-component text-serif-m layout-normal text-serif-m layout-padded\">Replikken \u00ab\u00c6 har ikkje lyst \u00e5 kommentere det\u00bb spredte seg raskt og ble en slags midlertidig catchphrase.<\/p>\n<p class=\"_paragraph_o9xde_4 _paragraph_xtcu6_10 layout-component text-serif-m layout-normal text-serif-m layout-padded\">Mens \u00abde voksne\u00bb diskuterte Linds forsvar av millionl\u00f8nnen med henvisning til kompetansemangel i Nord-Norge (og den p\u00e5f\u00f8lgende beklagelsen), gjorde TikTok det TikTok gj\u00f8r best: De tok lyden av \u00ab\u00c6 har ikkje lyst \u00e5 kommentere det\u00bb og lagde hundrevis av videoer.<\/p>\n<p class=\"_paragraph_o9xde_4 _paragraph_xtcu6_10 layout-component text-serif-m layout-normal text-serif-m layout-padded\">Pssst&#8230; En liten innr\u00f8mmelse: Journalisten som har skrevet denne saken, har selvsagt ikke f\u00e5tt med seg absolutt alt fra 2025  og skj\u00f8nner fortsatt ikke hva greien er med \u00absix seven\u00bb.<\/p>\n","protected":false},"excerpt":{"rendered":"Du trodde du hang med \u2013 helt til du st\u00e5r der forvirret og ser en gjeng barneskoleelever g\u00e5&hellip;\n","protected":false},"author":2,"featured_media":125876,"comment_status":"","ping_status":"","sticky":false,"template":"","format":"standard","meta":{"footnotes":""},"categories":[58],"tags":[4703,71,3050,3007,30,28,29,72,46],"class_list":{"0":"post-125875","1":"post","2":"type-post","3":"status-publish","4":"format-standard","5":"has-post-thumbnail","7":"category-underholdning","8":"tag-coldplay","9":"tag-entertainment","10":"tag-internett","11":"tag-katy-perry","12":"tag-no","13":"tag-norge","14":"tag-norway","15":"tag-underholdning","16":"tag-vgai"},"share_on_mastodon":{"url":"https:\/\/pubeurope.com\/@no\/115816798912884995","error":""},"_links":{"self":[{"href":"https:\/\/www.europesays.com\/no\/wp-json\/wp\/v2\/posts\/125875","targetHints":{"allow":["GET"]}}],"collection":[{"href":"https:\/\/www.europesays.com\/no\/wp-json\/wp\/v2\/posts"}],"about":[{"href":"https:\/\/www.europesays.com\/no\/wp-json\/wp\/v2\/types\/post"}],"author":[{"embeddable":true,"href":"https:\/\/www.europesays.com\/no\/wp-json\/wp\/v2\/users\/2"}],"replies":[{"embeddable":true,"href":"https:\/\/www.europesays.com\/no\/wp-json\/wp\/v2\/comments?post=125875"}],"version-history":[{"count":0,"href":"https:\/\/www.europesays.com\/no\/wp-json\/wp\/v2\/posts\/125875\/revisions"}],"wp:featuredmedia":[{"embeddable":true,"href":"https:\/\/www.europesays.com\/no\/wp-json\/wp\/v2\/media\/125876"}],"wp:attachment":[{"href":"https:\/\/www.europesays.com\/no\/wp-json\/wp\/v2\/media?parent=125875"}],"wp:term":[{"taxonomy":"category","embeddable":true,"href":"https:\/\/www.europesays.com\/no\/wp-json\/wp\/v2\/categories?post=125875"},{"taxonomy":"post_tag","embeddable":true,"href":"https:\/\/www.europesays.com\/no\/wp-json\/wp\/v2\/tags?post=125875"}],"curies":[{"name":"wp","href":"https:\/\/api.w.org\/{rel}","templated":true}]}}