{"id":125881,"date":"2025-12-31T23:51:17","date_gmt":"2025-12-31T23:51:17","guid":{"rendered":"https:\/\/www.europesays.com\/no\/125881\/"},"modified":"2025-12-31T23:51:17","modified_gmt":"2025-12-31T23:51:17","slug":"brann-hoyenhall-kraftig-brann-i-enebolig","status":"publish","type":"post","link":"https:\/\/www.europesays.com\/no\/125881\/","title":{"rendered":"Brann, H\u00f8yenhall | Kraftig brann i enebolig"},"content":{"rendered":"\n<p>N\u00f8detatene har rykket ut til Fagerlia p\u00e5 H\u00f8yenhall onsdag kveld, der det er bekreftet brann i en enebolig.<\/p>\n<p>Allerede i den f\u00f8rste meldingen, som kom like etter klokken 17.37, ble det meldt om \u00e5pne flammer.<\/p>\n<p><b>\u2013 Det brenner i konstruksjonen. Vi har hatt r\u00f8ykdykkere inne, men n\u00e5 er etasjene s\u00e5 usikre at vi har trukket r\u00f8ykdykkerne ut. Vi etablerer oss for \u00e5 slokke utenfra, sier brannvesenets innsatsleder Bj\u00f8rn-Kristian Bratlie.<\/b><\/p>\n<p>\n      Stopp video<br \/>\n          Sl\u00e5 p\u00e5 lyd<br \/>\n      <video data-standalone=\"false\" preload=\"none\" muted=\"\" loop=\"\" playsinline=\"\" autoplay=\"\"><\/p>\n<p>      <\/video>\n    <\/p>\n<p>\n      Brannen har blusset opp, og voldsomme flammer stiger opp fra boligen. Foto: Christian Fredrik Borg \/ Avisa Oslo\n    <\/p>\n<p>Politiet ber naboer lukke d\u00f8rer og vinduer p\u00e5 grunn av den kraftige r\u00f8yken.<\/p>\n<p>Har blusset opp<\/p>\n<p>Politiet kunne klokken 18.20 opplyse at det var kontroll p\u00e5 brannen.<\/p>\n<p><b>En knapp time senere blusset den imidlertid opp igjen, og det er n\u00e5 store flammer.<\/b><\/p>\n<p>   <img decoding=\"async\" width=\"4032\" height=\"3024\" fetchpriority=\"low\"  loading=\"lazy\"  src=\"https:\/\/www.europesays.com\/no\/wp-content\/uploads\/2025\/12\/0655451d-8c42-460d-8f16-58d2ddd42314.jpeg\" alt=\"\" class=\"brick-c-cFOWSL\" style=\"--brick-image-ratio: 4032 \/ 3024;\"\/><\/p>\n<p>      N\u00f8detatene har rykket ut med store styrker.<br \/>\n      Foto: Christian Fredrik Borg \/ Avisa Oslo\n    <\/p>\n<p><b>Innsatsleder Bratlie forklarer at \u00abdet er med vilje\u00bb.<\/b><\/p>\n<p>\u2013 Vi har sk\u00e5ret hull i taket. Vi gj\u00f8r det for \u00e5 f\u00e5 bedre tilgang. Planen er \u00e5 la taket brenne s\u00e5 vi kommer til, forteller han.<\/p>\n<p>Det er ikke noe som tilsier at det er personer inne i bygningen.<\/p>\n<p>If\u00f8lge politiet er det ikke spredningsfare til andre boliger.<\/p>\n<p>  <a href=\"https:\/\/www.ao.no\/30-128-10423\" class=\"related-teaser has-image default-story-teaser article--c-eRUmMG article--c-eRUmMG-jKCPdD-design-default\" rel=\"nofollow noopener\" target=\"_blank\"><\/p>\n<p>    <img decoding=\"async\" loading=\"lazy\"  src=\"https:\/\/www.europesays.com\/no\/wp-content\/uploads\/2025\/12\/2f3b5cc5-3fed-40dd-bdc0-f69e8a7e3747.jpeg\" alt=\"\" class=\"brick-c-cFOWSL\" style=\"\"\/><\/p>\n<p>\n            Les ogs\u00e5<\/p>\n<p>              N\u00f8detatene var avhengig av naboene: \u2013 Vi fikk panikk\n        <\/p>\n<p>  <\/a><br \/>\n  Ukjent \u00e5rsak<\/p>\n<p>Fungerende innsatsleder i politiet, Kristian M\u00f8mb, bekrefter til AO at ingen personer er i huset.<\/p>\n<p>Han forteller at brannvesenet har kontroll p\u00e5 brannen, at det er store skader p\u00e5 bygningen, og at de vil jobbe med etterslukking i mange timer utover kvelden. <\/p>\n<p>De har forel\u00f8pig ingen formening om \u00e5rsaken til brannen. <\/p>\n<p>Se intervjuet med innsatslederen her:<\/p>\n<p>\n      Stopp video<br \/>\n          Sl\u00e5 p\u00e5 lyd<br \/>\n      <video data-standalone=\"false\" preload=\"none\" muted=\"\" loop=\"\" playsinline=\"\" autoplay=\"\"><\/p>\n<p>      <\/video>\n    <\/p>\n<p>\n      Fungerende innsatsleder i politiet, Kristian M\u00f8mb.\n    <\/p>\n<p>M\u00e5tte trekke seg ut<\/p>\n<p>Bratlie legger til at det var brutt ut full brann i boligen da n\u00f8detatene ankom stedet. <\/p>\n<p>\u2013 Vi fikk melding om bekreftet bygningsbrann med flammer ut av vinduer. Det stemte da vi kom frem. Det var en fullt utviklet brann i f\u00f8rste og andre etasje. \u00c5rsaken er helt ukjent.<\/p>\n<p>Brannvesenet har m\u00e5tte trekke seg ut av boligen i frykt for mannskapenes sikkerhet.<\/p>\n<p>   <img decoding=\"async\" width=\"4032\" height=\"3024\" fetchpriority=\"low\"  loading=\"lazy\"  src=\"https:\/\/www.europesays.com\/no\/wp-content\/uploads\/2025\/12\/46e8b5e1-7007-436a-a19a-cd03529e61e1.jpeg\" alt=\"\" class=\"brick-c-cFOWSL\" style=\"--brick-image-ratio: 4032 \/ 3024;\"\/><\/p>\n<p>      Ved 19-tiden har flammene blusset opp igjen.<br \/>\n      Foto: Christian Fredrik Borg \/ Avisa Oslo\n    <\/p>\n<p>  Vanskeligere enn vanlig<\/p>\n<p>Klokken 21.20 brenner det fortsatt kraftig i boligen.<\/p>\n<p>\u2013 Vi har dempet flammene, men det er fortsatt kraftig brann. Vi har kontroll, men har ikke slukket brannen, sier vaktkommand\u00f8r Lars Lindal p\u00e5 110-sentralen.<\/p>\n<p>   <img decoding=\"async\" width=\"4032\" height=\"3024\" fetchpriority=\"low\"  loading=\"lazy\"  src=\"https:\/\/www.europesays.com\/no\/wp-content\/uploads\/2025\/12\/9eb4ff7c-0e03-4dcf-bd77-83449665001e.jpeg\" alt=\"\" class=\"brick-c-cFOWSL\" style=\"--brick-image-ratio: 4032 \/ 3024;\"\/><\/p>\n<p>      Flere ambulanser er p\u00e5 plass ved det brennende huset.<br \/>\n      Foto: Christian Fredrik Borg \/ Avisa Oslo\n    <\/p>\n<p>Brannen har spredd seg til loftet.<\/p>\n<p>\u2013 Det er fare for at bygningen kan kollapse, i hvert fall innvendig. Det er derfor vi ikke g\u00e5r inn. Det gj\u00f8r det vanskeligere enn vanlig \u00e5 slukke.<\/p>\n<p>   <img decoding=\"async\" width=\"4032\" height=\"3024\" fetchpriority=\"low\"  loading=\"lazy\"  src=\"https:\/\/www.europesays.com\/no\/wp-content\/uploads\/2025\/12\/33dad324-eef2-49db-99ee-f46813ee12ac.jpeg\" alt=\"\" class=\"brick-c-cFOWSL\" style=\"--brick-image-ratio: 4032 \/ 3024;\"\/><\/p>\n<p>      Brannen er synlig fra Tveita.<br \/>\n      Foto: Cecilie Rygh Trodal \/ Avisa Oslo\n    <\/p>\n<p>  <a data-static=\"\" href=\"#skip-\" class=\"brick-c-fgNmNC\">Hopp over karusellen.<\/a><\/p>\n<p data-static=\"\" class=\"brick-c-fgNmNC\" id=\"carousel-title-\">Innholdskarusell med 29 artikler.<\/p>\n<p>  <a href=\"https:\/\/www.ao.no\/30-128-10406\" class=\"related-teaser has-image default-story-teaser article--c-eRUmMG article--c-eRUmMG-jKCPdD-design-default\" rel=\"nofollow noopener\" target=\"_blank\"><\/p>\n<p>    <img decoding=\"async\" loading=\"lazy\"  src=\"https:\/\/www.europesays.com\/no\/wp-content\/uploads\/2025\/12\/d504a2bf-fdb0-46aa-8d74-d6011085bed6.jpeg\" alt=\"\" class=\"brick-c-cFOWSL\" style=\"\"\/><\/p>\n<p>\n            Les ogs\u00e5<\/p>\n<p>              Str\u00f8mmet til polet i siste liten: \u2013 Hadde ikke noe annet valg\n        <\/p>\n<p>  <\/a><\/p>\n<p>  <a href=\"https:\/\/www.ao.no\/5-128-1226488\" class=\"related-teaser has-image default-story-teaser article--c-eRUmMG article--c-eRUmMG-jKCPdD-design-default\" rel=\"nofollow noopener\" target=\"_blank\"><\/p>\n<p>    <img decoding=\"async\" loading=\"lazy\"  src=\"https:\/\/www.europesays.com\/no\/wp-content\/uploads\/2025\/12\/Almyk-9.jpg\" alt=\"\" class=\"brick-c-cFOWSL\" style=\"\"\/><\/p>\n<p>\n            Les ogs\u00e5<\/p>\n<p>              Ruter skisserte rutekutt \u2013 politikerne avviser planene\n        <\/p>\n<p>  <\/a><\/p>\n<p>  <a href=\"https:\/\/www.ao.no\/5-128-1226292\" class=\"related-teaser has-image default-story-teaser article--c-eRUmMG article--c-eRUmMG-jKCPdD-design-default\" rel=\"nofollow noopener\" target=\"_blank\"><\/p>\n<p>    <img decoding=\"async\" loading=\"lazy\"  src=\"https:\/\/www.europesays.com\/no\/wp-content\/uploads\/2025\/12\/Almyk-29+%281%29.jpg\" alt=\"\" class=\"brick-c-cFOWSL\" style=\"\"\/><\/p>\n<p>\n            Les ogs\u00e5<\/p>\n<p>              Ruter gj\u00f8r endringer p\u00e5 nytt\u00e5rsaften\n        <\/p>\n<p>  <\/a><\/p>\n","protected":false},"excerpt":{"rendered":"N\u00f8detatene har rykket ut til Fagerlia p\u00e5 H\u00f8yenhall onsdag kveld, der det er bekreftet brann i en enebolig.&hellip;\n","protected":false},"author":2,"featured_media":125882,"comment_status":"","ping_status":"","sticky":false,"template":"","format":"standard","meta":{"footnotes":""},"categories":[10],"tags":[36,367,20,21,24,25,15,14806,22,23,13,30,28,29,14,16,4601,1510,26,27],"class_list":{"0":"post-125881","1":"post","2":"type-post","3":"status-publish","4":"format-standard","5":"has-post-thumbnail","7":"category-norge","8":"tag-art","9":"tag-brann","10":"tag-breaking-news","11":"tag-breakingnews","12":"tag-featured-news","13":"tag-featurednews","14":"tag-headlines","15":"tag-hoyenhall","16":"tag-latest-news","17":"tag-latestnews","18":"tag-news","19":"tag-no","20":"tag-norge","21":"tag-norway","22":"tag-nyheter","23":"tag-overskrifter","24":"tag-ostensjo","25":"tag-story","26":"tag-top-stories","27":"tag-topstories"},"share_on_mastodon":{"url":"https:\/\/pubeurope.com\/@no\/115816869794069485","error":""},"_links":{"self":[{"href":"https:\/\/www.europesays.com\/no\/wp-json\/wp\/v2\/posts\/125881","targetHints":{"allow":["GET"]}}],"collection":[{"href":"https:\/\/www.europesays.com\/no\/wp-json\/wp\/v2\/posts"}],"about":[{"href":"https:\/\/www.europesays.com\/no\/wp-json\/wp\/v2\/types\/post"}],"author":[{"embeddable":true,"href":"https:\/\/www.europesays.com\/no\/wp-json\/wp\/v2\/users\/2"}],"replies":[{"embeddable":true,"href":"https:\/\/www.europesays.com\/no\/wp-json\/wp\/v2\/comments?post=125881"}],"version-history":[{"count":0,"href":"https:\/\/www.europesays.com\/no\/wp-json\/wp\/v2\/posts\/125881\/revisions"}],"wp:featuredmedia":[{"embeddable":true,"href":"https:\/\/www.europesays.com\/no\/wp-json\/wp\/v2\/media\/125882"}],"wp:attachment":[{"href":"https:\/\/www.europesays.com\/no\/wp-json\/wp\/v2\/media?parent=125881"}],"wp:term":[{"taxonomy":"category","embeddable":true,"href":"https:\/\/www.europesays.com\/no\/wp-json\/wp\/v2\/categories?post=125881"},{"taxonomy":"post_tag","embeddable":true,"href":"https:\/\/www.europesays.com\/no\/wp-json\/wp\/v2\/tags?post=125881"}],"curies":[{"name":"wp","href":"https:\/\/api.w.org\/{rel}","templated":true}]}}