{"id":125883,"date":"2025-12-31T23:52:08","date_gmt":"2025-12-31T23:52:08","guid":{"rendered":"https:\/\/www.europesays.com\/no\/125883\/"},"modified":"2025-12-31T23:52:08","modified_gmt":"2025-12-31T23:52:08","slug":"politiet-i-oslo-far-mange-nodanrop-om-uvettig-bruk-av-fyrverkeri","status":"publish","type":"post","link":"https:\/\/www.europesays.com\/no\/125883\/","title":{"rendered":"Politiet i Oslo f\u00e5r mange n\u00f8danrop om uvettig bruk av fyrverkeri"},"content":{"rendered":"\n<p class=\"_lead_o9xde_2 _lead_xtcu6_50 layout-component text-serif-m layout-normal text-serif-l layout-component layout-wide layout-padded _wide_17hqh_1 layout-padded\">Politiet i Oslo mottar et stort antall n\u00f8danrop knyttet til uforsvarlig bruk av fyrverkeri natt til 1. januar, men sier de ikke har kapasitet til \u00e5 f\u00f8lge opp.<\/p>\n<p><img alt=\"Fyrverkeri over Oslo nytt\u00e5rsaften 2025\u20132026.  Foto: Thomas Fure \/ NTB\" class=\"_image_qp4xg_65 layout-component layout-wide\" data-fullscreen- data-track-element-type=\"Article image fullscreen\" data-track-name=\"ImageFullscreen\" fetchpriority=\"high\" decoding=\"sync\" loading=\"eager\" height=\"3591\" itemprop=\"image\"  src=\"https:\/\/www.europesays.com\/no\/wp-content\/uploads\/2025\/12\/16732259-6a34-4a89-a5c8-f5d03ace4c76.jpeg\"  style=\"object-position:0% 0%\" width=\"5385\"\/>Fyrverkeri over Oslo nytt\u00e5rsaften 2025\u20132026.  Foto: Thomas Fure \/ NTB<\/p>\n<ul aria-hidden=\"true\" class=\"_images_ntbth_112\">\n<li><a class=\"_link_ntbth_117\" href=\"https:\/\/www.vg.no\/forfatter\/emma-fondenes-oevreboe\" style=\"z-index:2\" title=\"Emma Fondenes \u00d8vreb\u00f8\" rel=\"nofollow noopener\" target=\"_blank\"><img alt=\"Bilde av Emma Fondenes \u00d8vreb\u00f8\" class=\"_image_ntbth_93\" fetchpriority=\"low\" loading=\"lazy\" decoding=\"async\" itemprop=\"image\"  src=\"https:\/\/www.europesays.com\/no\/wp-content\/uploads\/2025\/12\/1767225128_51_a3715f19-7e77-4fbf-b20f-7d6f5cb479de.jpeg\"  width=\"480\"\/><\/a><\/li>\n<li><a class=\"_link_ntbth_117\" href=\"https:\/\/www.vg.no\/forfatter\/ntb\" style=\"z-index:1\" title=\"NTB\" rel=\"nofollow noopener\" target=\"_blank\"><img alt=\"Bilde av NTB\" class=\"_image_ntbth_93\" fetchpriority=\"low\" loading=\"lazy\" decoding=\"async\" itemprop=\"image\"  src=\"https:\/\/www.europesays.com\/no\/wp-content\/uploads\/2025\/12\/1767225128_430_c33980b0-5d07-4027-84a1-813f90a7c8d6.png\"  width=\"480\"\/><\/a><\/li>\n<\/ul>\n<p> Oppdatert torsdag 1. januar kl. 00:51     <\/p>\n<p class=\"_paragraph_o9xde_4 _paragraph_xtcu6_10 layout-component text-serif-m layout-normal text-serif-m layout-padded\">\u2013 Politiet mottar sv\u00e6rt mange n\u00f8danrop som omhandler uvettig bruk av fyrverkeri. Vi har i liten grad kapasitet til \u00e5 f\u00f8lge opp alle henvendelsene, men fors\u00f8ker \u00e5 f\u00f8lge opp hendelser der det fremst\u00e5r som det stor fare for liv og helse, sier operasjonsleder Bjarne Pedersen i <a href=\"https:\/\/www.vg.no\/tag\/oslo?utm_source=vg-article&amp;utm_medium=auto-tagger&amp;utm_campaign=rrAydm\" class=\"_link_o9xde_39\" rel=\"nofollow noopener\" target=\"_blank\">Oslo<\/a> politidistrikt.<\/p>\n<p class=\"_paragraph_o9xde_4 _paragraph_xtcu6_10 layout-component text-serif-m layout-normal text-serif-m layout-padded\">\u2013 Det er utfordrende. Mye er tilknyttet sentrumskjernen, men det har blitt meldt om uvettig bruk av fyrverkeri i stort sett hele politidistriktet, forteller Pedersen til VG.<\/p>\n<p class=\"_paragraph_o9xde_4 _paragraph_xtcu6_10 layout-component text-serif-m layout-normal text-serif-m layout-padded\">\u2013 Det var en \u00abpeak\u00bb rundt midnatt, men det har v\u00e6rt meldinger jevnt og trutt gjennom kvelden. <\/p>\n<p class=\"_paragraph_o9xde_4 _paragraph_xtcu6_10 layout-component text-serif-m layout-normal text-serif-m layout-padded\">Politiet ber publikum vise hensyn og f\u00f8lge gjeldende regler for bruk av fyrverkeri.<\/p>\n<p class=\"_paragraph_o9xde_4 _paragraph_xtcu6_10 layout-component text-serif-m layout-normal text-serif-m layout-padded\">I Oslo er det forbudt \u00e5 sende opp fyrverkeri innenfor Ring 2, samt i trehusomr\u00e5dene p\u00e5 V\u00e5lerenga og Kampen. <\/p>\n","protected":false},"excerpt":{"rendered":"Politiet i Oslo mottar et stort antall n\u00f8danrop knyttet til uforsvarlig bruk av fyrverkeri natt til 1. januar,&hellip;\n","protected":false},"author":2,"featured_media":125884,"comment_status":"","ping_status":"","sticky":false,"template":"","format":"standard","meta":{"footnotes":""},"categories":[5],"tags":[20,21,24,25,10497,15,19,22,23,17,18,13,30,28,29,14,636,1597,16,26,27],"class_list":{"0":"post-125883","1":"post","2":"type-post","3":"status-publish","4":"format-standard","5":"has-post-thumbnail","7":"category-overskrifter","8":"tag-breaking-news","9":"tag-breakingnews","10":"tag-featured-news","11":"tag-featurednews","12":"tag-fyrverkeri","13":"tag-headlines","14":"tag-hovedoppslag","15":"tag-latest-news","16":"tag-latestnews","17":"tag-main-news","18":"tag-mainnews","19":"tag-news","20":"tag-no","21":"tag-norge","22":"tag-norway","23":"tag-nyheter","24":"tag-oslo","25":"tag-oslo-politidistrikt","26":"tag-overskrifter","27":"tag-top-stories","28":"tag-topstories"},"share_on_mastodon":{"url":"https:\/\/pubeurope.com\/@no\/115816873544392907","error":""},"_links":{"self":[{"href":"https:\/\/www.europesays.com\/no\/wp-json\/wp\/v2\/posts\/125883","targetHints":{"allow":["GET"]}}],"collection":[{"href":"https:\/\/www.europesays.com\/no\/wp-json\/wp\/v2\/posts"}],"about":[{"href":"https:\/\/www.europesays.com\/no\/wp-json\/wp\/v2\/types\/post"}],"author":[{"embeddable":true,"href":"https:\/\/www.europesays.com\/no\/wp-json\/wp\/v2\/users\/2"}],"replies":[{"embeddable":true,"href":"https:\/\/www.europesays.com\/no\/wp-json\/wp\/v2\/comments?post=125883"}],"version-history":[{"count":0,"href":"https:\/\/www.europesays.com\/no\/wp-json\/wp\/v2\/posts\/125883\/revisions"}],"wp:featuredmedia":[{"embeddable":true,"href":"https:\/\/www.europesays.com\/no\/wp-json\/wp\/v2\/media\/125884"}],"wp:attachment":[{"href":"https:\/\/www.europesays.com\/no\/wp-json\/wp\/v2\/media?parent=125883"}],"wp:term":[{"taxonomy":"category","embeddable":true,"href":"https:\/\/www.europesays.com\/no\/wp-json\/wp\/v2\/categories?post=125883"},{"taxonomy":"post_tag","embeddable":true,"href":"https:\/\/www.europesays.com\/no\/wp-json\/wp\/v2\/tags?post=125883"}],"curies":[{"name":"wp","href":"https:\/\/api.w.org\/{rel}","templated":true}]}}