{"id":125887,"date":"2026-01-01T00:05:30","date_gmt":"2026-01-01T00:05:30","guid":{"rendered":"https:\/\/www.europesays.com\/no\/125887\/"},"modified":"2026-01-01T00:05:30","modified_gmt":"2026-01-01T00:05:30","slug":"vaer-meterologisk-institutt-totalt-vaeromslag-kaldere-enn-i-fryseboksen","status":"publish","type":"post","link":"https:\/\/www.europesays.com\/no\/125887\/","title":{"rendered":"V\u00e6r, Meterologisk institutt | Totalt v\u00e6romslag: \u2013 Kaldere enn i fryseboksen"},"content":{"rendered":"\n<p>\u2013 Det blir en kald start p\u00e5 2026, og skikkelig kaldt allerede disse dagene fram mot helga. Noen plasser blir det kaldere enn i fryseboksen, sier vakthavende meteorolog Unni Nilssen til NTB.<\/p>\n<p><b>Normalt holder de fleste frysere en temperatur p\u00e5 minus 18 grader.<\/b><\/p>\n<p>Hun nevner Finnmarksvidda som et av omr\u00e5dene som kan f\u00e5 temperaturer under minus 30 grader.<\/p>\n<p>  <a href=\"https:\/\/www.tb.no\/5-76-2757710\" class=\"related-teaser has-image default-story-teaser article--c-eRUmMG article--c-eRUmMG-jKCPdD-design-default\" rel=\"nofollow noopener\" target=\"_blank\"><\/p>\n<p>    <img decoding=\"async\" loading=\"lazy\"  src=\"https:\/\/www.europesays.com\/no\/wp-content\/uploads\/2026\/01\/5_76_2234904+fyrverkeri_1.jpg\" alt=\"\" class=\"brick-c-cFOWSL\" style=\"\"\/><\/p>\n<p>\n            Les ogs\u00e5<\/p>\n<p>              Kan bli vanskelig \u00e5 se raketter: \u2013 Kommer sn\u00f8\n        <\/p>\n<p>  <\/a><\/p>\n<p><b>N\u00e5r det gjelder sn\u00f8, sp\u00e5r hun ikke at det vil lave ned.<\/b><\/p>\n<p>\u2013 Det blir som vi sier \u00ablitt sn\u00f8\u00bb. Da kan det sn\u00f8 litt uten at det blir de store mengdene ut av det. Hvis det kommer noe, s\u00e5 er det n\u00e5 de f\u00f8rste par dagene, f\u00f8r helga. Men hvis vi tenker fra helga av, s\u00e5 er det mindre mengder, kanskje litt sn\u00f8dryss her og der, sier Nilssen, som anbefaler folk \u00e5 sjekke yr.no for lokale varsler for dette.<\/p>\n<p>Utfordrende overgang<\/p>\n<p>Med \u00e5rets plassering av nytt\u00e5rsdagene p\u00e5 tampen av arbeidsuka, kan det bli aktuelt for flere \u00e5 ta seg en langhelg. Nilssen mener de som skal kj\u00f8re p\u00e5 veiene de neste dagene, b\u00f8r v\u00e6re litt p\u00e5 vakt.<\/p>\n<p><b>\u2013 N\u00e5 i det siste har det, iallfall i S\u00f8r-Norge, v\u00e6rt stort sett p\u00e5 plussiden p\u00e5 termometeret. Men n\u00e5 vil det de neste dagene, fram til fredag, g\u00e5 over til minus. Akkurat i den overgangsfasen vil det kunne v\u00e6re utfordrende kj\u00f8reforhold. Der det ogs\u00e5 kommer litt sn\u00f8 av betydning, vil det kunne v\u00e6re ekstra utfordrende, sier Nilssen.<\/b><\/p>\n<p>   <img decoding=\"async\" width=\"4848\" height=\"3232\" fetchpriority=\"low\"  loading=\"lazy\"  src=\"https:\/\/www.europesays.com\/no\/wp-content\/uploads\/2026\/01\/varmt.jpg\" alt=\"Oslo 20211225. &#10;Kalde vinterdager og h\u00f8ye str\u00f8mpriser. Flere f\u00e5r varme fra vedfyring.&#10;Foto: Beate Oma Dahle \/ NTB\" class=\"brick-c-cFOWSL\" style=\"--brick-image-ratio: 4848 \/ 3232;\"\/><\/p>\n<p>      Det er viktig \u00e5 ha mulighet til \u00e5 f\u00e5 huset varmt nok, n\u00e5r det blir s\u00e5 kaldt som det er ventet framover n\u00e5.<br \/>\n      Foto: Beate Oma Dahle \/ NTB\n    <\/p>\n<p>De sm\u00e5 mengdene med sn\u00f8 kan gj\u00f8re det litt ekstra glatt.<\/p>\n<p>\u2013 Men ikke s\u00e5 ille som hvis det hadde v\u00e6rt rundt null grader, og det hadde b\u00f8tta ned med nedb\u00f8r, p\u00e5peker meteorologen.<\/p>\n<p>Hold p\u00e5 varmen<\/p>\n<p>N\u00e5r det f\u00f8rst er blitt mye kaldere i helga, blir det mindre fare for miste kontroll p\u00e5 glatta.<\/p>\n<p><b>\u2013 S\u00e5 akkurat s\u00e5nn kj\u00f8remessig mener jeg at temperaturer lavere enn minus 10 gj\u00f8r at det ikke blir s\u00e5 glatt p\u00e5 veiene. Men det er klart at noen plasser, hvis du er n\u00e6r kysten for eksempel, er det fremdeles mulig det blir glatt, s\u00e5 det er greit \u00e5 passe p\u00e5.<\/b><\/p>\n<p>Viktigst av alt mener Nilssen det er \u00e5 v\u00e6re klar over at det ikke bar blir kaldt, men skikkelig, skikkelig kaldt.<\/p>\n<p>\u2013 Det er viktig \u00e5 sko seg og kle seg, og ikke minst \u00e5 ha mulighet til \u00e5 f\u00e5 huset varmt nok, n\u00e5r det blir s\u00e5 kaldt, sier hun.<\/p>\n","protected":false},"excerpt":{"rendered":"\u2013 Det blir en kald start p\u00e5 2026, og skikkelig kaldt allerede disse dagene fram mot helga. Noen&hellip;\n","protected":false},"author":2,"featured_media":125888,"comment_status":"","ping_status":"","sticky":false,"template":"","format":"standard","meta":{"footnotes":""},"categories":[10],"tags":[36,20,21,24,25,15,22,23,2313,13,30,28,29,14,16,1510,26,27,553,3588],"class_list":{"0":"post-125887","1":"post","2":"type-post","3":"status-publish","4":"format-standard","5":"has-post-thumbnail","7":"category-norge","8":"tag-art","9":"tag-breaking-news","10":"tag-breakingnews","11":"tag-featured-news","12":"tag-featurednews","13":"tag-headlines","14":"tag-latest-news","15":"tag-latestnews","16":"tag-meterologisk-institutt","17":"tag-news","18":"tag-no","19":"tag-norge","20":"tag-norway","21":"tag-nyheter","22":"tag-overskrifter","23":"tag-story","24":"tag-top-stories","25":"tag-topstories","26":"tag-vaer","27":"tag-vaervarsel"},"share_on_mastodon":{"url":"https:\/\/pubeurope.com\/@no\/115816924665526473","error":""},"_links":{"self":[{"href":"https:\/\/www.europesays.com\/no\/wp-json\/wp\/v2\/posts\/125887","targetHints":{"allow":["GET"]}}],"collection":[{"href":"https:\/\/www.europesays.com\/no\/wp-json\/wp\/v2\/posts"}],"about":[{"href":"https:\/\/www.europesays.com\/no\/wp-json\/wp\/v2\/types\/post"}],"author":[{"embeddable":true,"href":"https:\/\/www.europesays.com\/no\/wp-json\/wp\/v2\/users\/2"}],"replies":[{"embeddable":true,"href":"https:\/\/www.europesays.com\/no\/wp-json\/wp\/v2\/comments?post=125887"}],"version-history":[{"count":0,"href":"https:\/\/www.europesays.com\/no\/wp-json\/wp\/v2\/posts\/125887\/revisions"}],"wp:featuredmedia":[{"embeddable":true,"href":"https:\/\/www.europesays.com\/no\/wp-json\/wp\/v2\/media\/125888"}],"wp:attachment":[{"href":"https:\/\/www.europesays.com\/no\/wp-json\/wp\/v2\/media?parent=125887"}],"wp:term":[{"taxonomy":"category","embeddable":true,"href":"https:\/\/www.europesays.com\/no\/wp-json\/wp\/v2\/categories?post=125887"},{"taxonomy":"post_tag","embeddable":true,"href":"https:\/\/www.europesays.com\/no\/wp-json\/wp\/v2\/tags?post=125887"}],"curies":[{"name":"wp","href":"https:\/\/api.w.org\/{rel}","templated":true}]}}