{"id":125891,"date":"2026-01-01T00:19:07","date_gmt":"2026-01-01T00:19:07","guid":{"rendered":"https:\/\/www.europesays.com\/no\/125891\/"},"modified":"2026-01-01T00:19:07","modified_gmt":"2026-01-01T00:19:07","slug":"brann-vestre-toten-fyrverkeri-veltet-og-gikk-av-mot-hus","status":"publish","type":"post","link":"https:\/\/www.europesays.com\/no\/125891\/","title":{"rendered":"Brann, Vestre Toten | Fyrverkeri veltet og gikk av mot hus"},"content":{"rendered":"\n<p>I forbindelse med oppskyting av fyrverkeri p\u00e5 Raufoss gikk det galt, da et batteri veltet. Operasjonsleder Haagen L\u00f8vseth opplyser i politiloggen at fyrverkeriet gikk av mot et hus. <\/p>\n<p>Det gikk heldigvis bra med huset, men det begynte \u00e5 brenne i gress p\u00e5 stedet. Brannvesenet har meldt at det er kontroll p\u00e5 brannen. <\/p>\n<p>Ellers har det ogs\u00e5 blitt meldt om flere mindre branner som f\u00f8lge av fyrverkeri rundt om i Innlandet. L\u00f8vseth opplyser at disse har blitt slukket fortl\u00f8pende av politiet, brannvesenet eller andre til stede. <\/p>\n","protected":false},"excerpt":{"rendered":"I forbindelse med oppskyting av fyrverkeri p\u00e5 Raufoss gikk det galt, da et batteri veltet. Operasjonsleder Haagen L\u00f8vseth&hellip;\n","protected":false},"author":2,"featured_media":4217,"comment_status":"","ping_status":"","sticky":false,"template":"","format":"standard","meta":{"footnotes":""},"categories":[10],"tags":[36,367,20,21,24,25,15,22,23,13,30,28,29,14,16,1510,26,27,6465,8573],"class_list":{"0":"post-125891","1":"post","2":"type-post","3":"status-publish","4":"format-standard","5":"has-post-thumbnail","7":"category-norge","8":"tag-art","9":"tag-brann","10":"tag-breaking-news","11":"tag-breakingnews","12":"tag-featured-news","13":"tag-featurednews","14":"tag-headlines","15":"tag-latest-news","16":"tag-latestnews","17":"tag-news","18":"tag-no","19":"tag-norge","20":"tag-norway","21":"tag-nyheter","22":"tag-overskrifter","23":"tag-story","24":"tag-top-stories","25":"tag-topstories","26":"tag-totenidag","27":"tag-vestre-toten"},"share_on_mastodon":{"url":"https:\/\/pubeurope.com\/@no\/115816979684558698","error":""},"_links":{"self":[{"href":"https:\/\/www.europesays.com\/no\/wp-json\/wp\/v2\/posts\/125891","targetHints":{"allow":["GET"]}}],"collection":[{"href":"https:\/\/www.europesays.com\/no\/wp-json\/wp\/v2\/posts"}],"about":[{"href":"https:\/\/www.europesays.com\/no\/wp-json\/wp\/v2\/types\/post"}],"author":[{"embeddable":true,"href":"https:\/\/www.europesays.com\/no\/wp-json\/wp\/v2\/users\/2"}],"replies":[{"embeddable":true,"href":"https:\/\/www.europesays.com\/no\/wp-json\/wp\/v2\/comments?post=125891"}],"version-history":[{"count":0,"href":"https:\/\/www.europesays.com\/no\/wp-json\/wp\/v2\/posts\/125891\/revisions"}],"wp:featuredmedia":[{"embeddable":true,"href":"https:\/\/www.europesays.com\/no\/wp-json\/wp\/v2\/media\/4217"}],"wp:attachment":[{"href":"https:\/\/www.europesays.com\/no\/wp-json\/wp\/v2\/media?parent=125891"}],"wp:term":[{"taxonomy":"category","embeddable":true,"href":"https:\/\/www.europesays.com\/no\/wp-json\/wp\/v2\/categories?post=125891"},{"taxonomy":"post_tag","embeddable":true,"href":"https:\/\/www.europesays.com\/no\/wp-json\/wp\/v2\/tags?post=125891"}],"curies":[{"name":"wp","href":"https:\/\/api.w.org\/{rel}","templated":true}]}}