{"id":125892,"date":"2026-01-01T00:26:17","date_gmt":"2026-01-01T00:26:17","guid":{"rendered":"https:\/\/www.europesays.com\/no\/125892\/"},"modified":"2026-01-01T00:26:17","modified_gmt":"2026-01-01T00:26:17","slug":"kommentar-debatt-2026-aret-vi-ma-vage-litt-mer","status":"publish","type":"post","link":"https:\/\/www.europesays.com\/no\/125892\/","title":{"rendered":"Kommentar, Debatt | 2026 \u2013 \u00e5ret vi m\u00e5 v\u00e5ge litt mer"},"content":{"rendered":"\n<p>2025 er straks over \u2013 og vi legger bak oss et \u00e5r som har krevd b\u00e5de utholdenhet og omstilling. Men nytt\u00e5rsaften handler ikke bare om \u00e5 telle opp det som har v\u00e6rt; det handler om \u00e5 stake ut kursen for det som kommer. For Lillehammer og dalen er 2026 ikke bare et nytt \u00e5rstall i kalenderen. Det er et \u00e5r der vi m\u00e5 v\u00e5ge \u00e5 velge retning.<\/p>\n<p>N\u00e5r vi ser i speilet for 2025, ser vi en region som har st\u00e5tt i stormen \u2013 b\u00e5de bokstavelig og \u00f8konomisk. Vi har ogs\u00e5 i \u00e5r f\u00f8lt p\u00e5 kroppen at klimaet endrer seg. Vi har ogs\u00e5 dette \u00e5ret m\u00e5ttet t\u00e5le naturkrefter og \u00f8deleggelser. Dyrtida er fortsatt her. Sj\u00f8l om mange familier og husholdninger har f\u00e5tt reall\u00f8nnsvekst og noe mer \u00e5 rutte med det siste \u00e5ret, var det igjen sv\u00e6rt utfordrende for alle lokalpolitikere som skulle pr\u00f8ve \u00e5 sy sammen et kommunalt budsjett f\u00f8r jul. Vi har diskutert skolestruktur s\u00e5 busta f\u00f8yk, og vi har kjempet for arbeidsplasser i distriktene. Det har v\u00e6rt enda et \u00e5r tidvis preget av alvor, men ogs\u00e5 av stort og positivt engasjement.<\/p>\n<p>2026 vil ogs\u00e5 by p\u00e5 krevende prioriteringer. Den st\u00f8rste utfordringen i v\u00e5r region er kanskje den mest lavm\u00e6lte, men ogs\u00e5 den mest kritiske: Demografien. Vi blir flere eldre, og de unge flytter ikke hjem i den takten vi trenger for \u00e5 holde hjulene i sving i alle ledd av velferden. Dette krever at vi i 2026 slutter \u00e5 snakke om \u00abgamle dager\u00bb og heller diskuterer hvordan vi skal skape en region som er attraktiv for de som skal bygge landet de neste 40 \u00e5ra. <\/p>\n<p>Vi m\u00e5 ogs\u00e5 t\u00f8rre \u00e5 diskutere kommunesammensl\u00e5inger. Jo lenger vi venter, dess mer bakp\u00e5 kommer vi.<\/p>\n<p>Midt i det realistiske bildet glimter h\u00e5pet sterkt. For Lillehammer og Gudbrandsdalen sitter p\u00e5 verdier som resten av verden skriker etter i 2026: Plass, natur, trygghet og ekte opplevelser.<\/p>\n<p>Vi har mulighetene og kompetansen til \u00e5 v\u00e6re ledende p\u00e5 b\u00e6rekraftig ressursbruk. Fra skogbruk til moderne teknologi \u2013 her ligger n\u00f8kkelen til nye, gr\u00f8nne arbeidsplasser.<\/p>\n<p>Vi er en av landets fremste kultur- og reiselivsregioner! I 2026 m\u00e5 vi gjerne bli mindre beskjedne p\u00e5 dette feltet. Vi skal ikke bare v\u00e6re et stoppested p\u00e5 vei til hytta eller gjennom dalen \u2013 men vi skal v\u00e6re destinasjonen folk velger fordi vi tilbyr noe autentisk i en stadig mer digital og overfladisk verden.<\/p>\n<p>Mitt \u00f8nske for 2026 er at vi klarer \u00e5 kombinere sindigheten v\u00e5r med en dristigere optimisme. Vi m\u00e5 heie fram de som t\u00f8r \u00e5 satse \u2013 enten det er gr\u00fcnderen som starter kaf\u00e9 i Ringebu, ungdommen som velger \u00e5 flytte hjem til Gausdal for \u00e5 etablere seg, eller lokalpolitikeren som t\u00f8r \u00e5 tenke litt annerledes.<\/p>\n<p>Vi i GD skal v\u00e6re kritiske n\u00e5r det trengs, for lokal- og regionavisens oppgave er \u00e5 holde makten i \u00f8rene. Men vi \u00f8nsker ogs\u00e5 \u00e5 v\u00e6re et lim i samfunnet som bidrar til \u00e5 l\u00f8fte fram suksesser og engasjement. La 2026 bli \u00e5ret der vi snakker opp nabokommunen, der vi ser verdien i samarbeid p\u00e5 tvers av kommunegrenser. La ogs\u00e5 2026 bli \u00e5ret hvor vi enda tydeligere viser at Gudbrandsdalen ikke er en utkant, men et sentrum for Det Gode Liv.<\/p>\n<p>Godt nytt \u00e5r, alle sammen!<\/p>\n","protected":false},"excerpt":{"rendered":"2025 er straks over \u2013 og vi legger bak oss et \u00e5r som har krevd b\u00e5de utholdenhet og&hellip;\n","protected":false},"author":2,"featured_media":125893,"comment_status":"","ping_status":"","sticky":false,"template":"","format":"standard","meta":{"footnotes":""},"categories":[10],"tags":[36,20,21,37,5518,24,25,15,266,22,23,13,30,28,29,14,1533,16,7347,26,27],"class_list":{"0":"post-125892","1":"post","2":"type-post","3":"status-publish","4":"format-standard","5":"has-post-thumbnail","7":"category-norge","8":"tag-art","9":"tag-breaking-news","10":"tag-breakingnews","11":"tag-debatt","12":"tag-debatten","13":"tag-featured-news","14":"tag-featurednews","15":"tag-headlines","16":"tag-kommentar","17":"tag-latest-news","18":"tag-latestnews","19":"tag-news","20":"tag-no","21":"tag-norge","22":"tag-norway","23":"tag-nyheter","24":"tag-opinion","25":"tag-overskrifter","26":"tag-tom-martin-kj-hartviksen","27":"tag-top-stories","28":"tag-topstories"},"share_on_mastodon":{"url":"https:\/\/pubeurope.com\/@no\/115817007162882391","error":""},"_links":{"self":[{"href":"https:\/\/www.europesays.com\/no\/wp-json\/wp\/v2\/posts\/125892","targetHints":{"allow":["GET"]}}],"collection":[{"href":"https:\/\/www.europesays.com\/no\/wp-json\/wp\/v2\/posts"}],"about":[{"href":"https:\/\/www.europesays.com\/no\/wp-json\/wp\/v2\/types\/post"}],"author":[{"embeddable":true,"href":"https:\/\/www.europesays.com\/no\/wp-json\/wp\/v2\/users\/2"}],"replies":[{"embeddable":true,"href":"https:\/\/www.europesays.com\/no\/wp-json\/wp\/v2\/comments?post=125892"}],"version-history":[{"count":0,"href":"https:\/\/www.europesays.com\/no\/wp-json\/wp\/v2\/posts\/125892\/revisions"}],"wp:featuredmedia":[{"embeddable":true,"href":"https:\/\/www.europesays.com\/no\/wp-json\/wp\/v2\/media\/125893"}],"wp:attachment":[{"href":"https:\/\/www.europesays.com\/no\/wp-json\/wp\/v2\/media?parent=125892"}],"wp:term":[{"taxonomy":"category","embeddable":true,"href":"https:\/\/www.europesays.com\/no\/wp-json\/wp\/v2\/categories?post=125892"},{"taxonomy":"post_tag","embeddable":true,"href":"https:\/\/www.europesays.com\/no\/wp-json\/wp\/v2\/tags?post=125892"}],"curies":[{"name":"wp","href":"https:\/\/api.w.org\/{rel}","templated":true}]}}