{"id":125894,"date":"2026-01-01T00:46:11","date_gmt":"2026-01-01T00:46:11","guid":{"rendered":"https:\/\/www.europesays.com\/no\/125894\/"},"modified":"2026-01-01T00:46:11","modified_gmt":"2026-01-01T00:46:11","slug":"epstein-saken-52-millioner-dokumentsider-gjenstar","status":"publish","type":"post","link":"https:\/\/www.europesays.com\/no\/125894\/","title":{"rendered":"Epstein-saken: 5,2 millioner dokumentsider gjenst\u00e5r"},"content":{"rendered":"\n<p class=\"_lead_o9xde_2 _lead_xtcu6_50 layout-component text-serif-m layout-normal text-serif-l layout-component layout-wide layout-padded _wide_17hqh_1 layout-padded\">5,2 millioner (!) dokumentsider i Epstein-saken er fortsatt ikke offentliggjort.<\/p>\n<p><img alt=\" Foto: U.S. Justice Department \/ Reuters \/ NTB\" class=\"_image_qp4xg_65 layout-component layout-wide\" data-fullscreen- data-track-element-type=\"Article image fullscreen\" data-track-name=\"ImageFullscreen\" fetchpriority=\"high\" decoding=\"sync\" loading=\"eager\" height=\"1156\" itemprop=\"image\"  src=\"https:\/\/www.europesays.com\/no\/wp-content\/uploads\/2026\/01\/8c4ded9c-f7a4-4f99-a7f2-86031e625637.jpeg\"  style=\"object-position:0% 0%\" width=\"1425\"\/> Foto: U.S. Justice Department \/ Reuters \/ NTB<\/p>\n<ul aria-hidden=\"true\" class=\"_images_ntbth_112\">\n<li><a class=\"_link_ntbth_117\" href=\"https:\/\/www.vg.no\/forfatter\/anton-lier\" style=\"z-index:1\" title=\"Anton Lier\" rel=\"nofollow noopener\" target=\"_blank\"><img alt=\"Bilde av Anton Lier\" class=\"_image_ntbth_93\" fetchpriority=\"low\" loading=\"lazy\" decoding=\"async\" itemprop=\"image\"  src=\"https:\/\/www.europesays.com\/no\/wp-content\/uploads\/2026\/01\/c9508846-652a-4f47-92ce-de6ab3444f63.jpeg\"  width=\"480\"\/><\/a><\/li>\n<\/ul>\n<p> Oppdatert torsdag 1. januar kl. 01:30    <\/p>\n<ul class=\"_list_o9xde_3 _list_64s2r_85 _unordered_o9xde_106 text-sans-m\">\n<li class=\"_item_o9xde_30\">Det amerikanske justisdepartementet har enn\u00e5 ikke offentliggjort 5,2 millioner dokumentsider i Epstein-saken.<\/li>\n<li class=\"_item_o9xde_30\">Mange sider m\u00e5 gjennomg\u00e5s for \u00e5 beskytte ofre og p\u00e5g\u00e5ende etterforskninger.<\/li>\n<li class=\"_item_o9xde_30\">Kongressen er oppr\u00f8rt over forsinkelsen, og krever full \u00e5penhet.<\/li>\n<\/ul>\n<p>Vis mer <\/p>\n<p class=\"_paragraph_o9xde_4 _paragraph_xtcu6_10 layout-component text-serif-m layout-normal text-serif-m layout-padded\">Det amerikanske justisdepartementetjustisdepartementetDet er en del av regjeringen i USA som har ansvar for \u00e5 h\u00e5ndheve loven og administrere rettssystemet. st\u00e5r dermed overfor en enorm jobb. F\u00f8r dokumentene kan frigis, m\u00e5 alle <a href=\"https:\/\/www.vg.no\/nyheter\/i\/0pnQoA\/reagerer-paa-epstein-sladding\" data-track-element-type=\"Link\" data-track-id=\"link:0pnQoA\" class=\"_link_o9xde_39\" rel=\"nofollow noopener\" target=\"_blank\">gjennomg\u00e5s og eventuelt sladdes<\/a>.<\/p>\n<p class=\"_paragraph_o9xde_4 _paragraph_xtcu6_10 layout-component text-serif-m layout-normal text-serif-m layout-padded\">KongressenKongressenDen lovgivende grenen av den amerikanske regjeringen, best\u00e5ende av Senatet og Representantenes hus, som lager lover. har vedtatt at alle dokumenter knyttet til Epstein-etterforskningen skal offentliggj\u00f8res. <\/p>\n<p class=\"_paragraph_o9xde_4 _paragraph_xtcu6_10 layout-component text-serif-m layout-normal text-serif-m layout-padded\">Loven, som ble vedtatt av en samlet Kongress, ga justisdepartementet 30 dager p\u00e5 seg til \u00e5 frigi materialet.<\/p>\n<p class=\"_paragraph_o9xde_4 _paragraph_xtcu6_10 layout-component text-serif-m layout-normal text-serif-m layout-padded\">Fristen ble satt til 19. desember. <\/p>\n<p class=\"_paragraph_o9xde_4 _paragraph_xtcu6_10 layout-component text-serif-m layout-normal text-serif-m layout-padded\">I forbindelse med fristen <a href=\"https:\/\/www.vg.no\/nyheter\/i\/JOoBy7\/justisdepartementet-fant-over-en-million-nye-epstein-dokumenter\" data-track-element-type=\"Link\" data-track-id=\"link:JOoBy7\" class=\"_link_o9xde_39\" rel=\"nofollow noopener\" target=\"_blank\">opplyste myndighetene<\/a> at det gjensto over \u00e9n million dokumenter i Epstein-etterforskningen. De nye tallene viser at omfanget er langt st\u00f8rre enn f\u00f8rst antatt.<\/p>\n<p><img alt=\"Dokumenter fra Epstein-saken ble offentliggjort i desember.   Foto: Jonathan Ernst \/ Reuters \/ NTB\" class=\"_image_qp4xg_65 layout-component layout-normal\" data-fullscreen- data-track-element-type=\"Article image fullscreen\" data-track-name=\"ImageFullscreen\" decoding=\"async\" loading=\"lazy\" height=\"2310\" itemprop=\"image\"  src=\"https:\/\/www.europesays.com\/no\/wp-content\/uploads\/2026\/01\/c344fd7c-053e-43f0-9157-cfd8ff369118.jpeg\"  style=\"object-position:0% 0%\" width=\"3683\"\/>Dokumenter fra Epstein-saken ble offentliggjort i desember.   Foto: Jonathan Ernst \/ Reuters \/ NTB<\/p>\n<p class=\"_paragraph_o9xde_4 _paragraph_xtcu6_10 layout-component text-serif-m layout-normal text-serif-m layout-padded\">Innen fristen ble noe materiale gjort tilgjengelig, publisert i tre omganger den aktuelle helgen. Samtidig understreket departementet at hoveddelen av dokumentene fortsatt gjensto.<\/p>\n<p class=\"_paragraph_o9xde_4 _paragraph_xtcu6_10 layout-component text-serif-m layout-normal layout-padded\"><strong class=\"_strong_o9xde_25\">Les ogs\u00e5:<\/strong> <a href=\"https:\/\/www.vg.no\/i\/QJogWQ\" data-track-element-type=\"Link\" data-track-id=\"link:QJogWQ\" class=\"_link_o9xde_39\" rel=\"nofollow noopener\" target=\"_blank\">Nye Epstein-dokumenter: \u00abA\u00bb fra Balmoral ba om \u00abupassende venner\u00bb<\/a><\/p>\n<p class=\"_paragraph_o9xde_4 _paragraph_xtcu6_10 layout-component text-serif-m layout-normal text-serif-m layout-padded\">Kort tid senere forklarte justisdepartementet at forsinkelsen skyldtes funn av store mengder nytt materiale knyttet til Epstein-saken, som ogs\u00e5 m\u00e5tte gjennomg\u00e5s f\u00f8r offentliggj\u00f8ring, <a href=\"https:\/\/www.reuters.com\/world\/us\/us-doj-review-52-million-pages-epstein-files-document-shows-2025-12-31\/?\" class=\"_link_o9xde_39\" rel=\"nofollow noopener\" target=\"_blank\">if\u00f8lge Reuters<\/a>.<\/p>\n<p>F\u00e5 oversikt:Hvem var Jeffrey Epstein?<\/p>\n<p class=\"_paragraph_o9xde_4 _paragraph_xtcu6_10 _paragraph_16v91_10 layout-component text-serif-m layout-normal text-sans-m layout-padded\" itemprop=\"text\">Jeffrey Epstein var en amerikansk finansmann og en straffed\u00f8mt sexforbryter. Han var styrtrik og hadde forbindelser til mange mektige personer over hele verden.<\/p>\n<p>N\u00e5r d\u00f8de han?<\/p>\n<ul class=\"_list_o9xde_3 _list_xtcu6_9 _list_16v91_9 _unordered_o9xde_106 layout-component text-serif-m layout-normal text-sans-m layout-padded\" itemprop=\"text\">\n<li class=\"_item_o9xde_30\">Epstein ble funnet d\u00f8d i fengselet i august 2019. If\u00f8lge amerikanske myndigheter tok han sitt eget liv.<\/li>\n<li class=\"_item_o9xde_30\">D\u00f8dsfallet har blitt gjenstand for en av Maga-bevegelsens mest yndede og hardnakkede konspirasjonsteorier. <\/li>\n<li class=\"_item_o9xde_30\">De er overbevist om at Epstein ble drept og at dette viser hvor langt USAs eliter \u2013 med hjelp fra \u00abden dype staten\u00bb \u2013 er villig til \u00e5 g\u00e5 for \u00e5 dekke over sine forbrytelser og umoral.<\/li>\n<\/ul>\n<p>Hvem er Ghislaine Maxwell?<\/p>\n<p class=\"_paragraph_o9xde_4 _paragraph_xtcu6_10 _paragraph_16v91_10 layout-component text-serif-m layout-normal text-sans-m layout-padded\" itemprop=\"text\">Britisk samfunnsfigur og Epsteins n\u00e6re partner. Hun ble i 2021 d\u00f8mt til 20 \u00e5rs fengsel for \u00e5 ha rekruttert og bist\u00e5tt ham i overgrepene mot unge jenter.<\/p>\n<p>Hva handler Epstein-saken om?<\/p>\n<p class=\"_paragraph_o9xde_4 _paragraph_xtcu6_10 _paragraph_16v91_10 layout-component text-serif-m layout-normal text-sans-m layout-padded\" itemprop=\"text\">Anklager, etterforskning og straffeforf\u00f8lgelse av Epsteins omfattende nettverk av seksuelle overgrep og menneskehandel. <\/p>\n<p class=\"_paragraph_o9xde_4 _paragraph_xtcu6_10 _paragraph_16v91_10 layout-component text-serif-m layout-normal text-sans-m layout-padded\" itemprop=\"text\">Over flere \u00e5r ble en rekke mindre\u00e5rige jenter seksuelt utnyttet etter \u00e5 ha blitt lokket med penger og jobber.<\/p>\n<ul class=\"_list_o9xde_3 _list_xtcu6_9 _list_16v91_9 _unordered_o9xde_106 layout-component text-serif-m layout-normal text-sans-m layout-padded\" itemprop=\"text\">\n<li class=\"_item_o9xde_30\">Det hele startet i 2005 da politiet i Florida begynte \u00e5 etterforske ham etter at en 14 \u00e5r gammel jente fortalte at hun var blitt misbrukt. <\/li>\n<li class=\"_item_o9xde_30\">Epstein ble d\u00f8mt i 2008 for \u00e5 ha opps\u00f8kt prostitusjon fra en mindre\u00e5rig, men fikk en mild straff.<\/li>\n<li class=\"_item_o9xde_30\">Det kommende ti\u00e5ret f\u00e5r Epstein anklager fra flere kvinner som hevder \u00e5 v\u00e6re hans ofre.<\/li>\n<li class=\"_item_o9xde_30\">I 2019 ble han p\u00e5grepet igjen, denne gangen for menneskehandel til seksuelle form\u00e5l. Han blir anklaget for \u00e5 ha betalt mindre\u00e5rige jenter for massasje og for \u00e5 ha forgrepet seg p\u00e5 dem. Epstein nekter straffskyld.<\/li>\n<li class=\"_item_o9xde_30\">Han ble d\u00f8mt for sexforbrytelser. Mens han ventet p\u00e5 rettssaken for menneskehandel til seksuelle form\u00e5l, ble han funnet d\u00f8d i fengselet.<\/li>\n<\/ul>\n<p class=\"_paragraph_o9xde_4 _paragraph_xtcu6_10 _paragraph_16v91_10 layout-component text-serif-m layout-normal text-sans-m layout-padded\" itemprop=\"text\">Mange av overgrepene skal ha skjedd i Epsteins luksusboliger i Florida, New York \u2013 og p\u00e5 <a href=\"https:\/\/www.vg.no\/nyheter\/i\/jdpz89\/dette-er-epsteins-private-oey-rykter-om-sexovergrep-i-paradis\" data-track-element-type=\"Link\" data-track-id=\"link:jdpz89\" class=\"_link_o9xde_39\" rel=\"nofollow noopener\" target=\"_blank\">hans private \u00f8y<\/a> i Karibia.<\/p>\n<p class=\"_paragraph_o9xde_4 _paragraph_xtcu6_10 _paragraph_16v91_10 layout-component text-serif-m layout-normal text-sans-m layout-padded\" itemprop=\"text\"><strong class=\"_strong_o9xde_25\">Les mer her: <a href=\"https:\/\/www.vg.no\/nyheter\/i\/8mLVOQ\/dette-er-epstein-saken-ofrene-medhjelperne-skandalene\" data-track-element-type=\"Link\" data-track-id=\"link:8mLVOQ\" class=\"_link_o9xde_39\" rel=\"nofollow noopener\" target=\"_blank\">Ofrene, medhjelperne, skandalene<\/a><\/strong><\/p>\n<p>Hvorfor kommer dokumentene n\u00e5?<\/p>\n<p class=\"_paragraph_o9xde_4 _paragraph_xtcu6_10 _paragraph_16v91_10 layout-component text-serif-m layout-normal text-sans-m layout-padded\" itemprop=\"text\">Rettspapirer og vitneforklaringer frigj\u00f8res gradvis etter rettsavgj\u00f8relser i USA. Materialet stammer fra sivile s\u00f8ksm\u00e5l mot Epstein og Maxwell.<\/p>\n<p>Hvilke kjendiser og maktpersoner kobles til Epstein?<\/p>\n<p class=\"_paragraph_o9xde_4 _paragraph_xtcu6_10 _paragraph_16v91_10 layout-component text-serif-m layout-normal text-sans-m layout-padded\" itemprop=\"text\">Epsteins kontakt med maktpersoner som Bill Clinton, Donald Trump, prins Andrew og Bill Gates har skapt stor oppsikt.<\/p>\n<p class=\"_paragraph_o9xde_4 _paragraph_xtcu6_10 _paragraph_16v91_10 layout-component text-serif-m layout-normal text-sans-m layout-padded\" itemprop=\"text\">Ogs\u00e5 nordmenn har blitt koblet til Epsteins navn. Tidligere statsminister Thorbj\u00f8rn Jagland, toppdiplomat Terje R\u00f8d-Larsen og prinsesse Mette-Marit har alle m\u00f8tt ham. Samtlige tar avstand fra de grove forbrytelsene han ble anklaget for.<\/p>\n<p class=\"_paragraph_o9xde_4 _paragraph_xtcu6_10 layout-component text-serif-m layout-normal text-serif-m layout-padded\">N\u00e5 viser et internt regjeringsdokument, <a href=\"https:\/\/www.reuters.com\/world\/us\/us-doj-review-52-million-pages-epstein-files-document-shows-2025-12-31\/?\" class=\"_link_o9xde_39\" rel=\"nofollow noopener\" target=\"_blank\">som Reuters <\/a>har f\u00e5tt tilgang til, at det faktiske omfanget er 5,2 millioner dokumentsider \u2013 over fem ganger mer enn f\u00f8rst opplyst. <\/p>\n<p class=\"_paragraph_o9xde_4 _paragraph_xtcu6_10 layout-component text-serif-m layout-normal text-serif-m layout-padded\">Siden slutten av november har rundt 200 advokater jobbet med gjennomgangen. N\u00e5 planlegges det \u00e5 sette inn opptil 400 juristerjuristerPersoner som har studert jus og jobber med lov og rett, som advokater eller dommere. fra fire ulike avdelinger i justisdepartementet.<\/p>\n<p class=\"_paragraph_o9xde_4 _paragraph_xtcu6_10 layout-component text-serif-m layout-normal text-serif-m layout-padded\">Oppgaven er \u00e5 lese gjennom dokumentene og fjerne informasjon som kan:<\/p>\n<ul class=\"_list_o9xde_3 _list_xtcu6_9 _unordered_o9xde_106 layout-component text-serif-m layout-normal text-serif-m layout-padded\">\n<li class=\"_item_o9xde_30\">avsl\u00f8re identiteten til ofre<\/li>\n<li class=\"_item_o9xde_30\">skade p\u00e5g\u00e5ende etterforskninger<\/li>\n<li class=\"_item_o9xde_30\">true nasjonal sikkerhet<\/li>\n<\/ul>\n<p class=\"_paragraph_o9xde_4 _paragraph_xtcu6_10 layout-component text-serif-m layout-normal text-serif-m layout-padded\">If\u00f8lge The New York Times vil arbeidet tidligst v\u00e6re ferdig mot slutten av januar.<\/p>\n<p class=\"_paragraph_o9xde_4 _paragraph_xtcu6_10 layout-component text-serif-m layout-normal layout-padded\"><strong class=\"_strong_o9xde_25\">Les ogs\u00e5:<\/strong> <a href=\"https:\/\/www.vg.no\/i\/0pnQoA\" data-track-element-type=\"Link\" data-track-id=\"link:0pnQoA\" class=\"_link_o9xde_39\" rel=\"nofollow noopener\" target=\"_blank\">De svarte hullene i Epstein-filene<\/a><\/p>\n<p> Politisk br\u00e5k i Washington <\/p>\n<p class=\"_paragraph_o9xde_4 _paragraph_xtcu6_10 layout-component text-serif-m layout-normal text-serif-m layout-padded\">Forsinkelsen har skapt sterke reaksjoner i Kongressen.<\/p>\n<p class=\"_paragraph_o9xde_4 _paragraph_xtcu6_10 layout-component text-serif-m layout-normal text-serif-m layout-padded\">B\u00e5de demokrater og enkelte republikanereB\u00e5de demokrater og enkelte republikanereDe to hovedpolitiske partiene i USA. mener Trump-administrasjonen har brutt loven ved \u00e5 ikke overholde fristen. <\/p>\n<p class=\"_paragraph_o9xde_4 _paragraph_xtcu6_10 layout-component text-serif-m layout-normal text-serif-m layout-padded\">Flere krever n\u00e5 full \u00e5penhet og raskere publisering.<\/p>\n<p class=\"_paragraph_o9xde_4 _paragraph_xtcu6_10 layout-component text-serif-m layout-normal text-serif-m layout-padded\">Justisdepartementet avviser kritikken.<\/p>\n<p><img alt=\"Justisdepartementet i Washington.   Foto: MICHAEL M. SANTIAGO \/ AFP \/ NTB\" class=\"_image_qp4xg_65 layout-component layout-normal\" data-fullscreen- data-track-element-type=\"Article image fullscreen\" data-track-name=\"ImageFullscreen\" decoding=\"async\" loading=\"lazy\" height=\"4000\" itemprop=\"image\"  src=\"https:\/\/www.europesays.com\/no\/wp-content\/uploads\/2026\/01\/fa9d5cbb-3a0c-4827-8865-44ef5258bf5d.jpeg\"  style=\"object-position:0% 0%\" width=\"6000\"\/>Justisdepartementet i Washington.   Foto: MICHAEL M. SANTIAGO \/ AFP \/ NTB<\/p>\n<p class=\"_paragraph_o9xde_4 _paragraph_xtcu6_10 layout-component text-serif-m layout-normal text-serif-m layout-padded\">\u2013 V\u00e5re advokater jobber d\u00f8gnet rundt for \u00e5 gj\u00f8re n\u00f8dvendige og lovp\u00e5lagte sladdinger for \u00e5 beskytte ofrene, skrev departementet i en uttalelse etter kritikken i desember.<\/p>\n<p class=\"_paragraph_o9xde_4 _paragraph_xtcu6_10 layout-component text-serif-m layout-normal text-serif-m layout-padded\">Hverken justisdepartementet eller Det hvite hus har svart p\u00e5 henvendelser om hvorfor fristen ble brutt, eller n\u00e5r dokumentene faktisk vil bli offentliggjort. <\/p>\n<p> Bilder ble fjernet <\/p>\n<p class=\"_paragraph_o9xde_4 _paragraph_xtcu6_10 layout-component text-serif-m layout-normal text-serif-m layout-padded\">At bare en liten del av dokumentene er gjort tilgjengelig, har f\u00f8rt til ytterligere misn\u00f8ye.<\/p>\n<p class=\"_paragraph_o9xde_4 _paragraph_xtcu6_10 layout-component text-serif-m layout-normal text-serif-m layout-padded\">Etter publiseringen i desember <a href=\"https:\/\/www.vg.no\/nyheter\/i\/ExWa2a\/bilde-av-president-donald-trump-fjernet-fra-epstein-filene\" data-track-element-type=\"Link\" data-track-id=\"link:ExWa2a\" class=\"_link_o9xde_39\" rel=\"nofollow noopener\" target=\"_blank\">ble flere bilder midlertidig fjernet<\/a> fra den digitale samlingen. <\/p>\n<p class=\"_paragraph_o9xde_4 _paragraph_xtcu6_10 layout-component text-serif-m layout-normal layout-padded\"><strong class=\"_strong_o9xde_25\">Les ogs\u00e5:<\/strong> <a href=\"https:\/\/www.vg.no\/i\/ExWa2a\" data-track-element-type=\"Link\" data-track-id=\"link:ExWa2a\" class=\"_link_o9xde_39\" rel=\"nofollow noopener\" target=\"_blank\">Bilde av Trump fjernet fra Epstein-filene<\/a><\/p>\n<p class=\"_paragraph_o9xde_4 _paragraph_xtcu6_10 layout-component text-serif-m layout-normal text-serif-m layout-padded\">Ett av bildene viste en skuff med fotografier, blant annet et bilde av Donald Trump.<\/p>\n<p><img alt=\"Et bilde frigjort den 19. desember og senere fjernet viser bilder av Donald Trump og Melania Trump i en skuff i huset til Jeffrey Epstein. Her er bildene av Trump markert med r\u00f8d ring av VG.  Foto: Department of Justice \/ Department of Justice\" class=\"_image_qp4xg_65 layout-component layout-normal\" data-fullscreen- data-track-element-type=\"Article image fullscreen\" data-track-name=\"ImageFullscreen\" decoding=\"async\" loading=\"lazy\" height=\"612\" itemprop=\"image\"  src=\"https:\/\/www.europesays.com\/no\/wp-content\/uploads\/2026\/01\/e3d8cdda-11b7-4790-8cd9-f06fac50dd32.png\"  style=\"object-position:0% 0%\" width=\"864\"\/>Et bilde frigjort den 19. desember og senere fjernet viser bilder av Donald Trump og Melania Trump i en skuff i huset til Jeffrey Epstein. Her er bildene av Trump markert med r\u00f8d ring av VG.  Foto: Department of Justice \/ Department of Justice<\/p>\n<p class=\"_paragraph_o9xde_4 _paragraph_xtcu6_10 layout-component text-serif-m layout-normal text-serif-m layout-padded\">VisejustisministerVisejustisministerEn h\u00f8yere tjenestemann i justisdepartementet som hjelper justisministeren med \u00e5 lede departementet. Todd Blanche forklarte senere at bildet ble fjernet av hensyn til ofrene \u2013 ikke for \u00e5 beskytte presidenten. Bildet ble senere lagt tilbake.<\/p>\n<p> D\u00f8de i fengsel <\/p>\n<p class=\"_paragraph_o9xde_4 _paragraph_xtcu6_10 layout-component text-serif-m layout-normal text-serif-m layout-padded\"><a href=\"https:\/\/www.vg.no\/tag\/jeffrey-epstein?utm_source=vg-article&amp;utm_medium=auto-tagger&amp;utm_campaign=GxGXzV\" class=\"_link_o9xde_39\" rel=\"nofollow noopener\" target=\"_blank\">Jeffrey Epstein<\/a> ble i 2019 p\u00e5grepet og siktet for omfattende seksuelle overgrep mot mindre\u00e5rige. Han ble funnet d\u00f8d i fengsel kort tid senere.<\/p>\n<p class=\"_paragraph_o9xde_4 _paragraph_xtcu6_10 layout-component text-serif-m layout-normal text-serif-m layout-padded\">Saken har siden v\u00e6rt omgitt av sterke reaksjoner, konspirasjonsteorier og krav om full \u00e5penhet rundt hvem som visste hva \u2013 og hvem som eventuelt kan ha v\u00e6rt involvert.<\/p>\n<p class=\"_paragraph_o9xde_4 _paragraph_xtcu6_10 layout-component text-serif-m layout-normal text-serif-m layout-padded\">N\u00e5 viser de nye tallene at millioner av sider fortsatt gjenst\u00e5r f\u00f8r offentligheten f\u00e5r hele bildet.<\/p>\n<p>    <img decoding=\"async\" alt=\"Tips oss illustrasjon\" src=\"https:\/\/www.europesays.com\/no\/wp-content\/uploads\/2025\/10\/pssst-small.webp.webp\"\/>    <\/p>\n<p class=\"title-serif-s\">Har du tips?<\/p>\n<p class=\"text-sans-m\">Send oss informasjon, bilder eller video.<\/p>\n<p>  <a href=\"https:\/\/www.vg.no\/tips-oss\" rel=\"nofollow noopener\" target=\"_blank\"> Tips oss <\/a>      <\/p>\n","protected":false},"excerpt":{"rendered":"5,2 millioner (!) dokumentsider i Epstein-saken er fortsatt ikke offentliggjort. Foto: U.S. Justice Department \/ Reuters \/ NTB&hellip;\n","protected":false},"author":2,"featured_media":125895,"comment_status":"","ping_status":"","sticky":false,"template":"","format":"standard","meta":{"footnotes":""},"categories":[12],"tags":[1238,31,20,21,55,24,25,15,1649,22,23,13,30,28,29,14,16,26,27,42,43,44,45],"class_list":{"0":"post-125894","1":"post","2":"type-post","3":"status-publish","4":"format-standard","5":"has-post-thumbnail","7":"category-verden","8":"tag-amerikansk-politikk","9":"tag-breaking","10":"tag-breaking-news","11":"tag-breakingnews","12":"tag-donald-trump","13":"tag-featured-news","14":"tag-featurednews","15":"tag-headlines","16":"tag-jeffrey-epstein","17":"tag-latest-news","18":"tag-latestnews","19":"tag-news","20":"tag-no","21":"tag-norge","22":"tag-norway","23":"tag-nyheter","24":"tag-overskrifter","25":"tag-top-stories","26":"tag-topstories","27":"tag-verden","28":"tag-world","29":"tag-world-news","30":"tag-worldnews"},"share_on_mastodon":{"url":"https:\/\/pubeurope.com\/@no\/115817085895817140","error":""},"_links":{"self":[{"href":"https:\/\/www.europesays.com\/no\/wp-json\/wp\/v2\/posts\/125894","targetHints":{"allow":["GET"]}}],"collection":[{"href":"https:\/\/www.europesays.com\/no\/wp-json\/wp\/v2\/posts"}],"about":[{"href":"https:\/\/www.europesays.com\/no\/wp-json\/wp\/v2\/types\/post"}],"author":[{"embeddable":true,"href":"https:\/\/www.europesays.com\/no\/wp-json\/wp\/v2\/users\/2"}],"replies":[{"embeddable":true,"href":"https:\/\/www.europesays.com\/no\/wp-json\/wp\/v2\/comments?post=125894"}],"version-history":[{"count":0,"href":"https:\/\/www.europesays.com\/no\/wp-json\/wp\/v2\/posts\/125894\/revisions"}],"wp:featuredmedia":[{"embeddable":true,"href":"https:\/\/www.europesays.com\/no\/wp-json\/wp\/v2\/media\/125895"}],"wp:attachment":[{"href":"https:\/\/www.europesays.com\/no\/wp-json\/wp\/v2\/media?parent=125894"}],"wp:term":[{"taxonomy":"category","embeddable":true,"href":"https:\/\/www.europesays.com\/no\/wp-json\/wp\/v2\/categories?post=125894"},{"taxonomy":"post_tag","embeddable":true,"href":"https:\/\/www.europesays.com\/no\/wp-json\/wp\/v2\/tags?post=125894"}],"curies":[{"name":"wp","href":"https:\/\/api.w.org\/{rel}","templated":true}]}}