{"id":125896,"date":"2026-01-01T00:48:33","date_gmt":"2026-01-01T00:48:33","guid":{"rendered":"https:\/\/www.europesays.com\/no\/125896\/"},"modified":"2026-01-01T00:48:33","modified_gmt":"2026-01-01T00:48:33","slug":"ny-bilrekord-i-2025","status":"publish","type":"post","link":"https:\/\/www.europesays.com\/no\/125896\/","title":{"rendered":"Ny bilrekord i 2025"},"content":{"rendered":"<p class=\"kicker text-red color_mobile_text-red\" style=\"\">Bilsalget 2025:\u00a0<\/p>\n<p>  Aldri f\u00f8r er det registrert flere biler p\u00e5 et \u00e5r her til lands.\u00a0<\/p>\n<p>\n    DRAMMEN HAVN: Det har v\u00e6rt travle tider i Drammen havn, men ikke like heftig som desember-m\u00e5ned i 2021. Foto: Ole Berg-Rusten \/ NTB\n  <\/p>\n<p>(Elbil24): I skrivende stund viser kalenderen 31. desember, og de<br \/>\nfleste butikker er i ferd med \u00e5 stenge. Det gjelder ogs\u00e5 de av bilbutikkene som<br \/>\nhar holdt \u00e5pent.<\/p>\n<p>Allerede i g\u00e5r \u2013 30. desember \u2013 ble det klart at vi i \u00e5r setter rekord i antall nybilregistreringer, med 179.246 biler, melder<br \/>\n<a href=\"https:\/\/www.bilbransje24.no\/nyheter\/1192744\" rel=\"nofollow noopener\" target=\"_blank\">Bilbransje24<\/a>. <\/p>\n<p>Det neste sp\u00f8rsm\u00e5let er om vi i l\u00f8pet av dagen ville n\u00e5 de<br \/>\nmagiske 180.000, men dagens registreringstall viser at ogs\u00e5 bilforretningene<br \/>\nhar holdt stengt, eller registrert f\u00e5 biler. Dr\u00f8ye 20 biler er registrert i l\u00f8pet av<br \/>\ndagen, s\u00e5 vi lander dermed p\u00e5 rundt 179.260 biler totalt for \u00e5ret. <\/p>\n<p>Det er ny rekord, ettersom den forrige rekorden fra 2021 l\u00f8d<br \/>\np\u00e5 176.256 biler. <\/p>\n<p>Vi m\u00e5 riktignok vente til OFV har korrigert tallene med en<br \/>\nbil hit eller dit, men justeringene handler som regel om enkelte marginale justeringer og vil ikke endre det faktum at rekorden er sl\u00e5tt, og det med god margin. <\/p>\n<p>        <img loading=\"lazy\" decoding=\"async\" src=\"https:\/\/www.europesays.com\/no\/wp-content\/uploads\/2026\/01\/83519996.webp.webp\" width=\"667\" height=\"381\" title=\"\u00d8verst: Tesla er mest solgte merke, og Model Y er mest solgte modell. Foto: Tesla\" alt=\"\" class=\"\" style=\"--aspect-ratio-image: 1.75; \"\/><\/p>\n<p>\n        \u00d8verst: Tesla er mest solgte merke, og Model Y er mest solgte modell. Foto: Tesla\n    <\/p>\n<p>\u00c5rsaken\t<\/p>\n<p>N\u00e5r vi ser at 2021 og 2025 er rekord\u00e5r, s\u00e5 har vi ogs\u00e5 et \u00e5r mellom der &#8211; 2022 &#8211; hvor det ogs\u00e5 ble regisrert mye biler.\u00a0<\/p>\n<p>Dette fordi det fra 1. januar 2023 ville bli innf\u00f8rt moms p\u00e5 alt over 500.000 i pris. Mange ville sikre seg bil f\u00f8r dette.\u00a0<\/p>\n<p>N\u00e5 blir det alts\u00e5 innf\u00f8rt moms p\u00e5 alt over 300.000 koner i pris fra 1. januar 2026, og vi ser igjen at desember ble en monster-m\u00e5ned i antall nybilregistreringer.\u00a0<\/p>\n<p>Desember 2022 var rett og slett en m\u00e5ned<br \/>\nf\u00e5 i bilbransjen kommer til \u00e5 glemme. Heller ikke de ansatte i Drammen Havn,<br \/>\nsom skulle ta imot alle disse bilene.<\/p>\n<p>    <a itemprop=\"url\" href=\"https:\/\/www.elbil24.no\/pro\/vare-beste-tips-til-model-y-eiere\/78271161\" rel=\"nofollow noopener\" target=\"_blank\"><\/p>\n<p>        <img loading=\"lazy\" decoding=\"async\" src=\"https:\/\/www.europesays.com\/no\/wp-content\/uploads\/2026\/01\/84002321.webp.webp\" width=\"980\" height=\"441\" title=\"V\u00e5re beste tips til Model Y-eiere\" alt=\"\" class=\"lazyload\" style=\"--aspect-ratio-image: 2.22; \"\/><\/p>\n<p>        V\u00e5re beste tips til Model Y-eiere<\/p>\n<p>    <\/a><\/p>\n<p>I \u00e5r opplever vi alts\u00e5 noe av det samme, ettersom folk har hamstret biler som gale for \u00e5 hente ut biler med en momsfordel<br \/>\np\u00e5 opptil 50.000 kroner. Dette utgj\u00f8r momsen p\u00e5 de 200.000 kronene mellom<br \/>\n300.000 fra 2026 og de 500.000 kronene vi opererer med frem til da. <\/p>\n<p>        <img loading=\"lazy\" decoding=\"async\" src=\"https:\/\/www.europesays.com\/no\/wp-content\/uploads\/2026\/01\/83553073.webp.webp\" width=\"667\" height=\"381\" title=\"Volkswagen: Nest \u00f8verst, b\u00e5de p\u00e5 merke og modell-statistikken. Foto: VW\" alt=\"\" class=\"\" style=\"--aspect-ratio-image: 1.75; \"\/><\/p>\n<p>\n        Volkswagen: Nest \u00f8verst, b\u00e5de p\u00e5 merke og modell-statistikken. Foto: VW\n    <\/p>\n<p>Model Y p\u00e5 topp<\/p>\n<p>Det er ingen hemmelighet at det er blitt solgt aller flest<br \/>\nutgaver av Tesla Model Y gjennom \u00e5ret, og det med s\u00e5 god margin at det m\u00e5 kalles<br \/>\nen storeslem. If\u00f8lge Elbilstatistikk er det registrert 27.606 Model Y gjennom<br \/>\n\u00e5ret. <\/p>\n<p>Dette er 3,3 ganger s\u00e5 mange biler som modellen p\u00e5<br \/>\nandreplass. <\/p>\n<p>Og p\u00e5 andreplass finner vi en bil i samme klasse som Model<br \/>\nY, og det er antagelig ingen overraskelse at det ble Volkswagen ID.4 som var n\u00e6rmest<br \/>\nTesla Model Y, med 8327 biler. <\/p>\n<p>    <a itemprop=\"url\" href=\"https:\/\/www.elbil24.no\/pro\/fersk-elbil-eier-her-er-10-ting-du-bor-vite\/78200980\" rel=\"nofollow noopener\" target=\"_blank\"><\/p>\n<p>        <img loading=\"lazy\" decoding=\"async\" src=\"https:\/\/www.europesays.com\/no\/wp-content\/uploads\/2026\/01\/82399897.webp.webp\" width=\"980\" height=\"441\" title=\"Ny med elbil? Her er 10 ting du b\u00f8r vite\" alt=\"\" class=\"lazyload\" style=\"--aspect-ratio-image: 2.22; \"\/><\/p>\n<p>        Ny med elbil? Her er 10 ting du b\u00f8r vite<\/p>\n<p>    <\/a><\/p>\n<p>Om vi ser p\u00e5 merkestatistikken, s\u00e5 er det ogs\u00e5 klart at Tesla er det mest solgte merket, med Volkswagen p\u00e5 andreplass og Volvo p\u00e5 tredje.\u00a0\u00a0<\/p>\n<p>Elbil24 kommer naturligvis tilbake med en full rapport n\u00e5r<br \/>\n\u00e5ret er omme, og OFV har finjustert tallene. Men topplistene blir det ingen<br \/>\nendringer p\u00e5, og rekorden er allerede sikret.<\/p>\n","protected":false},"excerpt":{"rendered":"Bilsalget 2025:\u00a0 Aldri f\u00f8r er det registrert flere biler p\u00e5 et \u00e5r her til lands.\u00a0 DRAMMEN HAVN: Det&hellip;\n","protected":false},"author":2,"featured_media":111865,"comment_status":"","ping_status":"","sticky":false,"template":"","format":"standard","meta":{"footnotes":""},"categories":[5],"tags":[6518,8395,20,21,267,24,25,15,19,22,23,17,18,13,30,28,29,14,16,4114,26,27],"class_list":{"0":"post-125896","1":"post","2":"type-post","3":"status-publish","4":"format-standard","5":"has-post-thumbnail","7":"category-overskrifter","8":"tag-6518","9":"tag-bilsalget","10":"tag-breaking-news","11":"tag-breakingnews","12":"tag-elbil","13":"tag-featured-news","14":"tag-featurednews","15":"tag-headlines","16":"tag-hovedoppslag","17":"tag-latest-news","18":"tag-latestnews","19":"tag-main-news","20":"tag-mainnews","21":"tag-news","22":"tag-no","23":"tag-norge","24":"tag-norway","25":"tag-nyheter","26":"tag-overskrifter","27":"tag-registreringsstatistikk","28":"tag-top-stories","29":"tag-topstories"},"share_on_mastodon":{"url":"https:\/\/pubeurope.com\/@no\/115817093738339048","error":""},"_links":{"self":[{"href":"https:\/\/www.europesays.com\/no\/wp-json\/wp\/v2\/posts\/125896","targetHints":{"allow":["GET"]}}],"collection":[{"href":"https:\/\/www.europesays.com\/no\/wp-json\/wp\/v2\/posts"}],"about":[{"href":"https:\/\/www.europesays.com\/no\/wp-json\/wp\/v2\/types\/post"}],"author":[{"embeddable":true,"href":"https:\/\/www.europesays.com\/no\/wp-json\/wp\/v2\/users\/2"}],"replies":[{"embeddable":true,"href":"https:\/\/www.europesays.com\/no\/wp-json\/wp\/v2\/comments?post=125896"}],"version-history":[{"count":0,"href":"https:\/\/www.europesays.com\/no\/wp-json\/wp\/v2\/posts\/125896\/revisions"}],"wp:featuredmedia":[{"embeddable":true,"href":"https:\/\/www.europesays.com\/no\/wp-json\/wp\/v2\/media\/111865"}],"wp:attachment":[{"href":"https:\/\/www.europesays.com\/no\/wp-json\/wp\/v2\/media?parent=125896"}],"wp:term":[{"taxonomy":"category","embeddable":true,"href":"https:\/\/www.europesays.com\/no\/wp-json\/wp\/v2\/categories?post=125896"},{"taxonomy":"post_tag","embeddable":true,"href":"https:\/\/www.europesays.com\/no\/wp-json\/wp\/v2\/tags?post=125896"}],"curies":[{"name":"wp","href":"https:\/\/api.w.org\/{rel}","templated":true}]}}