{"id":125901,"date":"2026-01-01T00:54:08","date_gmt":"2026-01-01T00:54:08","guid":{"rendered":"https:\/\/www.europesays.com\/no\/125901\/"},"modified":"2026-01-01T00:54:08","modified_gmt":"2026-01-01T00:54:08","slug":"nyttarsbarnet-er-fodt","status":"publish","type":"post","link":"https:\/\/www.europesays.com\/no\/125901\/","title":{"rendered":"Nytt\u00e5rsbarnet er f\u00f8dt"},"content":{"rendered":"\n<p class=\"_lead_o9xde_2 _lead_xtcu6_50 layout-component text-serif-m layout-normal text-serif-l layout-component layout-wide layout-padded _wide_17hqh_1 layout-padded\">\u00c5rets nytt\u00e5rsbarn i Agder \u2013 og muligens ogs\u00e5 i Norge \u2013 kom til verden p\u00e5 S\u00f8rlandet sykehus Kristiansand seks minutter inn i 2026.<\/p>\n<p><img alt=\" Foto: Tor Erik Schr\u00f8der \/ NTB\" class=\"_image_qp4xg_65 layout-component layout-wide\" data-fullscreen- data-track-element-type=\"Article image fullscreen\" data-track-name=\"ImageFullscreen\" fetchpriority=\"high\" decoding=\"sync\" loading=\"eager\" height=\"3648\" itemprop=\"image\"  src=\"https:\/\/www.europesays.com\/no\/wp-content\/uploads\/2026\/01\/7eb4b313-e172-466f-b6b4-1e6318dfa1a9.jpeg\"  style=\"object-position:0% 0%\" width=\"5472\"\/> Foto: Tor Erik Schr\u00f8der \/ NTB<\/p>\n<ul aria-hidden=\"true\" class=\"_images_ntbth_112\">\n<li><a class=\"_link_ntbth_117\" href=\"https:\/\/www.vg.no\/forfatter\/ntb\" style=\"z-index:2\" title=\"NTB\" rel=\"nofollow noopener\" target=\"_blank\"><img alt=\"Bilde av NTB\" class=\"_image_ntbth_93\" fetchpriority=\"low\" loading=\"lazy\" decoding=\"async\" itemprop=\"image\"  src=\"https:\/\/www.europesays.com\/no\/wp-content\/uploads\/2026\/01\/c33980b0-5d07-4027-84a1-813f90a7c8d6.png\"  width=\"480\"\/><\/a><\/li>\n<li><a class=\"_link_ntbth_117\" href=\"https:\/\/www.vg.no\/forfatter\/emma-fondenes-oevreboe\" style=\"z-index:1\" title=\"Emma Fondenes \u00d8vreb\u00f8\" rel=\"nofollow noopener\" target=\"_blank\"><img alt=\"Bilde av Emma Fondenes \u00d8vreb\u00f8\" class=\"_image_ntbth_93\" fetchpriority=\"low\" loading=\"lazy\" decoding=\"async\" itemprop=\"image\"  src=\"https:\/\/www.europesays.com\/no\/wp-content\/uploads\/2026\/01\/a3715f19-7e77-4fbf-b20f-7d6f5cb479de.jpeg\"  width=\"480\"\/><\/a><\/li>\n<\/ul>\n<p> Oppdatert torsdag 1. januar kl. 01:36     <\/p>\n<p class=\"_paragraph_o9xde_4 _paragraph_xtcu6_10 layout-component text-serif-m layout-normal text-serif-m layout-padded\">\u2013 Det var ei fin jente, f\u00e5r NTB opplyst fra sykehuset.<\/p>\n<p class=\"_paragraph_o9xde_4 _paragraph_xtcu6_10 layout-component text-serif-m layout-normal text-serif-m layout-padded\">I snitt blir det f\u00f8dt mellom 130 og 150 barn per d\u00f8gn i Norge, flest i august og f\u00e6rrest i desember. Om man legger til grunn at f\u00f8dslene fordeler seg jevnt utover d\u00f8gnet, er det vel 50 prosent sjanse for at jenta i <a href=\"https:\/\/www.vg.no\/tag\/kristiansand?utm_source=vg-article&amp;utm_medium=auto-tagger&amp;utm_campaign=lnAWJo\" class=\"_link_o9xde_39\" rel=\"nofollow noopener\" target=\"_blank\">Kristiansand<\/a> var f\u00f8rst ute i 2026, skriver NTB.<\/p>\n","protected":false},"excerpt":{"rendered":"\u00c5rets nytt\u00e5rsbarn i Agder \u2013 og muligens ogs\u00e5 i Norge \u2013 kom til verden p\u00e5 S\u00f8rlandet sykehus Kristiansand&hellip;\n","protected":false},"author":2,"featured_media":125902,"comment_status":"","ping_status":"","sticky":false,"template":"","format":"standard","meta":{"footnotes":""},"categories":[10],"tags":[20,21,24,25,15,331,22,23,13,30,28,29,14,16,5457,26,27],"class_list":{"0":"post-125901","1":"post","2":"type-post","3":"status-publish","4":"format-standard","5":"has-post-thumbnail","7":"category-norge","8":"tag-breaking-news","9":"tag-breakingnews","10":"tag-featured-news","11":"tag-featurednews","12":"tag-headlines","13":"tag-kristiansand","14":"tag-latest-news","15":"tag-latestnews","16":"tag-news","17":"tag-no","18":"tag-norge","19":"tag-norway","20":"tag-nyheter","21":"tag-overskrifter","22":"tag-sorlandet-sykehus","23":"tag-top-stories","24":"tag-topstories"},"share_on_mastodon":{"url":"https:\/\/pubeurope.com\/@no\/115817117297006385","error":""},"_links":{"self":[{"href":"https:\/\/www.europesays.com\/no\/wp-json\/wp\/v2\/posts\/125901","targetHints":{"allow":["GET"]}}],"collection":[{"href":"https:\/\/www.europesays.com\/no\/wp-json\/wp\/v2\/posts"}],"about":[{"href":"https:\/\/www.europesays.com\/no\/wp-json\/wp\/v2\/types\/post"}],"author":[{"embeddable":true,"href":"https:\/\/www.europesays.com\/no\/wp-json\/wp\/v2\/users\/2"}],"replies":[{"embeddable":true,"href":"https:\/\/www.europesays.com\/no\/wp-json\/wp\/v2\/comments?post=125901"}],"version-history":[{"count":0,"href":"https:\/\/www.europesays.com\/no\/wp-json\/wp\/v2\/posts\/125901\/revisions"}],"wp:featuredmedia":[{"embeddable":true,"href":"https:\/\/www.europesays.com\/no\/wp-json\/wp\/v2\/media\/125902"}],"wp:attachment":[{"href":"https:\/\/www.europesays.com\/no\/wp-json\/wp\/v2\/media?parent=125901"}],"wp:term":[{"taxonomy":"category","embeddable":true,"href":"https:\/\/www.europesays.com\/no\/wp-json\/wp\/v2\/categories?post=125901"},{"taxonomy":"post_tag","embeddable":true,"href":"https:\/\/www.europesays.com\/no\/wp-json\/wp\/v2\/tags?post=125901"}],"curies":[{"name":"wp","href":"https:\/\/api.w.org\/{rel}","templated":true}]}}