{"id":125919,"date":"2026-01-01T01:29:17","date_gmt":"2026-01-01T01:29:17","guid":{"rendered":"https:\/\/www.europesays.com\/no\/125919\/"},"modified":"2026-01-01T01:29:17","modified_gmt":"2026-01-01T01:29:17","slug":"anna-og-familien-skal-pa-nordlysjakt-ikke-mulig-a-gjore-hjemme","status":"publish","type":"post","link":"https:\/\/www.europesays.com\/no\/125919\/","title":{"rendered":"Anna og familien skal p\u00e5 nordlysjakt: \u2013 Ikke mulig \u00e5 gj\u00f8re hjemme"},"content":{"rendered":"<p>iTroms\u00f8 arbeider etter <a href=\"https:\/\/www.presse.no\/vaer-varsom-plakaten\/\" rel=\"nofollow noopener\" target=\"_blank\">V\u00e6r Varsom-plakatens<\/a> regler for god presseskikk. Se ogs\u00e5 <a href=\"https:\/\/www.redaktor.no\/ressurser\/etiske-og-juridiske-rammeverk\/redaktorplakaten\" rel=\"nofollow noopener\" target=\"_blank\">Redakt\u00f8ransvar<\/a>. iTroms\u00f8 har ikke ansvar for innhold p\u00e5 eksterne nettsider som det lenkes til. Alt innhold er opphavsrettslig beskyttet 2026 \u00a9 iTroms\u00f8.<\/p>\n<p>iTroms\u00f8 honorerer ikke materiale som sendes inn uoppfordret, med mindre det er inng\u00e5tt s\u00e6rskilt avtale om dette. Vi sender imidlertid Flax-lodd til alle som sender inn tips og bilder, s\u00e5 lenge navn og adresse er oppgitt.<\/p>\n","protected":false},"excerpt":{"rendered":"iTroms\u00f8 arbeider etter V\u00e6r Varsom-plakatens regler for god presseskikk. Se ogs\u00e5 Redakt\u00f8ransvar. iTroms\u00f8 har ikke ansvar for innhold&hellip;\n","protected":false},"author":2,"featured_media":125920,"comment_status":"","ping_status":"","sticky":false,"template":"","format":"standard","meta":{"footnotes":""},"categories":[10],"tags":[20,21,525,24,25,15,22,23,13,30,28,29,14,13381,16,26,27,263],"class_list":{"0":"post-125919","1":"post","2":"type-post","3":"status-publish","4":"format-standard","5":"has-post-thumbnail","7":"category-norge","8":"tag-breaking-news","9":"tag-breakingnews","10":"tag-familie","11":"tag-featured-news","12":"tag-featurednews","13":"tag-headlines","14":"tag-latest-news","15":"tag-latestnews","16":"tag-news","17":"tag-no","18":"tag-norge","19":"tag-norway","20":"tag-nyheter","21":"tag-nyttarsaften","22":"tag-overskrifter","23":"tag-top-stories","24":"tag-topstories","25":"tag-tromso"},"share_on_mastodon":{"url":"https:\/\/pubeurope.com\/@no\/115817254911993735","error":""},"_links":{"self":[{"href":"https:\/\/www.europesays.com\/no\/wp-json\/wp\/v2\/posts\/125919","targetHints":{"allow":["GET"]}}],"collection":[{"href":"https:\/\/www.europesays.com\/no\/wp-json\/wp\/v2\/posts"}],"about":[{"href":"https:\/\/www.europesays.com\/no\/wp-json\/wp\/v2\/types\/post"}],"author":[{"embeddable":true,"href":"https:\/\/www.europesays.com\/no\/wp-json\/wp\/v2\/users\/2"}],"replies":[{"embeddable":true,"href":"https:\/\/www.europesays.com\/no\/wp-json\/wp\/v2\/comments?post=125919"}],"version-history":[{"count":0,"href":"https:\/\/www.europesays.com\/no\/wp-json\/wp\/v2\/posts\/125919\/revisions"}],"wp:featuredmedia":[{"embeddable":true,"href":"https:\/\/www.europesays.com\/no\/wp-json\/wp\/v2\/media\/125920"}],"wp:attachment":[{"href":"https:\/\/www.europesays.com\/no\/wp-json\/wp\/v2\/media?parent=125919"}],"wp:term":[{"taxonomy":"category","embeddable":true,"href":"https:\/\/www.europesays.com\/no\/wp-json\/wp\/v2\/categories?post=125919"},{"taxonomy":"post_tag","embeddable":true,"href":"https:\/\/www.europesays.com\/no\/wp-json\/wp\/v2\/tags?post=125919"}],"curies":[{"name":"wp","href":"https:\/\/api.w.org\/{rel}","templated":true}]}}