{"id":125923,"date":"2026-01-01T01:36:29","date_gmt":"2026-01-01T01:36:29","guid":{"rendered":"https:\/\/www.europesays.com\/no\/125923\/"},"modified":"2026-01-01T01:36:29","modified_gmt":"2026-01-01T01:36:29","slug":"vaer-sno-nytt-farevarsel-skal-lave-ned-tronder-avisa","status":"publish","type":"post","link":"https:\/\/www.europesays.com\/no\/125923\/","title":{"rendered":"V\u00e6r, Sn\u00f8 | Nytt farevarsel: Skal lave ned &#8211; Tr\u00f8nder-Avisa"},"content":{"rendered":"<ol>\n<li><a href=\"https:\/\/news.google.com\/rss\/articles\/CBMickFVX3lxTE1Ha2dtWm1pTFBKMl9MV1FCRTdjRGhyeWtVM0gzczV0NUFONExxdFZ5Y2tSQlVLeEJfWi05a09hRDZYeXp5dWtFSDB0STFYdVhOV1FBbE1sT1RPUGhxUWE5dWg1akZmMmc4dldTTXhWVEtRQQ?oc=5\" target=\"_blank\" rel=\"nofollow noopener\">V\u00e6r, Sn\u00f8 | Nytt farevarsel: Skal lave ned<\/a>&nbsp;&nbsp;Tr\u00f8nder-Avisa<\/li>\n<li><a href=\"https:\/\/news.google.com\/rss\/articles\/CBMifEFVX3lxTE5CRi1tcUQyd0xDbTJoM3Z4cl9jUHEzS3BHOVRWQWhDU0JCWFBYdkMxcWNXTXh3M05CUkoxQzBsOWNTY0lGbmlFSTc3cDg5WE5mcVdMVVpuMU9jYnI5ZVNMMy1tZWtKeUJKZVZvVENNNGtqSGRLcXNmbEQ2dDM?oc=5\" target=\"_blank\" rel=\"nofollow noopener\">Farevarsler om sn\u00f8 og is: \u2013\u2060 Ikke verdens beste v\u00e6r\u00admelding<\/a>&nbsp;&nbsp;VG<\/li>\n<li><a href=\"https:\/\/news.google.com\/rss\/articles\/CBMic0FVX3lxTFBzRjlNVlF6dFp1TGlrLVJ6ZlRWdjlIazNqNzZCOTdvTEpLS3REQnpSMWxrRF9penJlQTZUSmVyTEVlZENmNmIzRTdfbktRWE9YdVVUbXJwazZpOXZmSFFMZENZb2JfZmwwc1JNbmtVc195U1k?oc=5\" target=\"_blank\" rel=\"nofollow noopener\">Varsler sn\u00f8fokk i fjellet<\/a>&nbsp;&nbsp;NRK<\/li>\n<li><a href=\"https:\/\/news.google.com\/rss\/articles\/CBMiiwFBVV95cUxQb1YtUWNYNFc2djRncjg3czg0SnRaS2hOLUlScFlTQkVsYm4yVi1XZHJaVWtHdGZnM2NuVXlLb3Nxdk10Rl81YmRXekdWajR3MVloc0o2T2h5TTdBLXJ4Zm0zMzJma0ZOb295YWtvbzJPTmZuWnU4amhBaUlKYVhWYWp0bW5qTnVoMng4?oc=5\" target=\"_blank\" rel=\"nofollow noopener\">Trafikk, V\u00e6r | Kaos p\u00e5 vegene: \u2013 Lurt \u00e5 ha med pledd og varme kl\u00e6r<\/a>&nbsp;&nbsp;Tr\u00f8nder-Avisa<\/li>\n<li><a href=\"https:\/\/news.google.com\/rss\/articles\/CBMilAFBVV95cUxOYkxzSVc4aVN5US10c05vSnk2dUowdEp1Vy14RXotZnpDOFVhbEY0Wmptc0NDcGtiaW5MRE4wYlc2cUw2aTY2eHZnWGZVazZaeWJ2VlRGcWh5MnpKYS1KQnctcVBaTHRjQWRRNC1ieWl4NHZNZnZUZ0NISWRiNmNZVlZISGFxa1VaOGVTYlRhd2xGRE8z?oc=5\" target=\"_blank\" rel=\"nofollow noopener\">Sender ut farevarsel: Kan bli krevende kj\u00f8reforhold<\/a>&nbsp;&nbsp;fosna-folket.no<\/li>\n<\/ol>\n","protected":false},"excerpt":{"rendered":"V\u00e6r, Sn\u00f8 | Nytt farevarsel: Skal lave ned&nbsp;&nbsp;Tr\u00f8nder-Avisa Farevarsler om sn\u00f8 og is: \u2013\u2060 Ikke verdens beste v\u00e6r\u00admelding&nbsp;&nbsp;VG&hellip;\n","protected":false},"author":2,"featured_media":125924,"comment_status":"","ping_status":"","sticky":false,"template":"","format":"standard","meta":{"footnotes":""},"categories":[10],"tags":[20,21,24,25,15,22,23,13,30,28,29,14,16,26,27],"class_list":{"0":"post-125923","1":"post","2":"type-post","3":"status-publish","4":"format-standard","5":"has-post-thumbnail","7":"category-norge","8":"tag-breaking-news","9":"tag-breakingnews","10":"tag-featured-news","11":"tag-featurednews","12":"tag-headlines","13":"tag-latest-news","14":"tag-latestnews","15":"tag-news","16":"tag-no","17":"tag-norge","18":"tag-norway","19":"tag-nyheter","20":"tag-overskrifter","21":"tag-top-stories","22":"tag-topstories"},"share_on_mastodon":{"url":"https:\/\/pubeurope.com\/@no\/115817282456702415","error":""},"_links":{"self":[{"href":"https:\/\/www.europesays.com\/no\/wp-json\/wp\/v2\/posts\/125923","targetHints":{"allow":["GET"]}}],"collection":[{"href":"https:\/\/www.europesays.com\/no\/wp-json\/wp\/v2\/posts"}],"about":[{"href":"https:\/\/www.europesays.com\/no\/wp-json\/wp\/v2\/types\/post"}],"author":[{"embeddable":true,"href":"https:\/\/www.europesays.com\/no\/wp-json\/wp\/v2\/users\/2"}],"replies":[{"embeddable":true,"href":"https:\/\/www.europesays.com\/no\/wp-json\/wp\/v2\/comments?post=125923"}],"version-history":[{"count":0,"href":"https:\/\/www.europesays.com\/no\/wp-json\/wp\/v2\/posts\/125923\/revisions"}],"wp:featuredmedia":[{"embeddable":true,"href":"https:\/\/www.europesays.com\/no\/wp-json\/wp\/v2\/media\/125924"}],"wp:attachment":[{"href":"https:\/\/www.europesays.com\/no\/wp-json\/wp\/v2\/media?parent=125923"}],"wp:term":[{"taxonomy":"category","embeddable":true,"href":"https:\/\/www.europesays.com\/no\/wp-json\/wp\/v2\/categories?post=125923"},{"taxonomy":"post_tag","embeddable":true,"href":"https:\/\/www.europesays.com\/no\/wp-json\/wp\/v2\/tags?post=125923"}],"curies":[{"name":"wp","href":"https:\/\/api.w.org\/{rel}","templated":true}]}}