{"id":125931,"date":"2026-01-01T02:26:08","date_gmt":"2026-01-01T02:26:08","guid":{"rendered":"https:\/\/www.europesays.com\/no\/125931\/"},"modified":"2026-01-01T02:26:08","modified_gmt":"2026-01-01T02:26:08","slug":"slik-oppsummerer-politiet-fyrverkeriet-ht-no","status":"publish","type":"post","link":"https:\/\/www.europesays.com\/no\/125931\/","title":{"rendered":"Slik oppsummerer politiet fyrverkeriet &#8211; ht.no"},"content":{"rendered":"<p>Harstad Tidende snakket med operasjonsleder Mari Sagen like over klokken ett i natt.<\/p>\n<p>\u2013 Vi har faktisk ikke f\u00e5tt en eneste telefon fra Harstad-regionen,  men natten er fortsatt ung. Vi f\u00e5r se hva resten av natten bringer, sier hun.<\/p>\n<p>Hurtigruteskipet Finnmarken l\u00e5 til kai og fikk med seg fyrverkeriet over sentrum. N\u00e5r klokken slo et nytt \u00e5r ulte skipets sirene. Klokken 00.25 forlot skipet byen.<\/p>\n<p>V\u00e6ret var perfekt: vindstille, klart og ni kuldegrader. Det var mindre fyrverkeri enn vanlig ved dette \u00e5rsskiftet.<\/p>\n<p><img decoding=\"async\" src=\"data:image\/gif;base64,R0lGODlhEAAJAIAAAP\/\/\/wAAACH5BAEAAAAALAAAAAAQAAkAAAIKhI+py+0Po5yUFQA7\" alt=\"\"\/><br \/>\n  Hurtigruteskipet Finnmarken l\u00e5 til kai ved Larsneset og passasjerer og mannskap fikk med seg fyrverkeriet over sentrum.<br \/>\n  <strong>Foto:<\/strong> Odd Leif Andreassen<img decoding=\"async\" src=\"data:image\/gif;base64,R0lGODlhEAAJAIAAAP\/\/\/wAAACH5BAEAAAAALAAAAAAQAAkAAAIKhI+py+0Po5yUFQA7\" alt=\"\"\/><br \/>\n  Fyrverkeri ved nytt\u00e5r over Harstad sentrum<br \/>\n  <strong>Foto:<\/strong> Odd Leif Andreassen<img decoding=\"async\" src=\"data:image\/gif;base64,R0lGODlhEAAJAIAAAP\/\/\/wAAACH5BAEAAAAALAAAAAAQAAkAAAIKhI+py+0Po5yUFQA7\" alt=\"\"\/><br \/>\n  Fyrverkeri ved nytt\u00e5r over Harstad sentrum<br \/>\n  <strong>Foto:<\/strong> Odd Leif Andreassen<img decoding=\"async\" src=\"data:image\/gif;base64,R0lGODlhEAAJAIAAAP\/\/\/wAAACH5BAEAAAAALAAAAAAQAAkAAAIKhI+py+0Po5yUFQA7\" alt=\"\"\/><br \/>\n  Fyrverkeri ved nytt\u00e5r over Harstad sentrum<br \/>\n  <strong>Foto:<\/strong> Odd Leif Andreassen<img decoding=\"async\" src=\"data:image\/gif;base64,R0lGODlhEAAJAIAAAP\/\/\/wAAACH5BAEAAAAALAAAAAAQAAkAAAIKhI+py+0Po5yUFQA7\" alt=\"\"\/><br \/>\n  Fyrverkeri ved nytt\u00e5r over Harstad sentrum<br \/>\n  <strong>Foto:<\/strong> Odd Leif Andreassen<\/p>\n","protected":false},"excerpt":{"rendered":"Harstad Tidende snakket med operasjonsleder Mari Sagen like over klokken ett i natt. \u2013 Vi har faktisk ikke&hellip;\n","protected":false},"author":2,"featured_media":125932,"comment_status":"","ping_status":"","sticky":false,"template":"","format":"standard","meta":{"footnotes":""},"categories":[5],"tags":[20,21,24,25,10497,15,19,22,23,17,18,13,30,28,29,14,14090,16,26,27],"class_list":{"0":"post-125931","1":"post","2":"type-post","3":"status-publish","4":"format-standard","5":"has-post-thumbnail","7":"category-overskrifter","8":"tag-breaking-news","9":"tag-breakingnews","10":"tag-featured-news","11":"tag-featurednews","12":"tag-fyrverkeri","13":"tag-headlines","14":"tag-hovedoppslag","15":"tag-latest-news","16":"tag-latestnews","17":"tag-main-news","18":"tag-mainnews","19":"tag-news","20":"tag-no","21":"tag-norge","22":"tag-norway","23":"tag-nyheter","24":"tag-nyttar","25":"tag-overskrifter","26":"tag-top-stories","27":"tag-topstories"},"share_on_mastodon":{"url":"https:\/\/pubeurope.com\/@no\/115817479075732070","error":""},"_links":{"self":[{"href":"https:\/\/www.europesays.com\/no\/wp-json\/wp\/v2\/posts\/125931","targetHints":{"allow":["GET"]}}],"collection":[{"href":"https:\/\/www.europesays.com\/no\/wp-json\/wp\/v2\/posts"}],"about":[{"href":"https:\/\/www.europesays.com\/no\/wp-json\/wp\/v2\/types\/post"}],"author":[{"embeddable":true,"href":"https:\/\/www.europesays.com\/no\/wp-json\/wp\/v2\/users\/2"}],"replies":[{"embeddable":true,"href":"https:\/\/www.europesays.com\/no\/wp-json\/wp\/v2\/comments?post=125931"}],"version-history":[{"count":0,"href":"https:\/\/www.europesays.com\/no\/wp-json\/wp\/v2\/posts\/125931\/revisions"}],"wp:featuredmedia":[{"embeddable":true,"href":"https:\/\/www.europesays.com\/no\/wp-json\/wp\/v2\/media\/125932"}],"wp:attachment":[{"href":"https:\/\/www.europesays.com\/no\/wp-json\/wp\/v2\/media?parent=125931"}],"wp:term":[{"taxonomy":"category","embeddable":true,"href":"https:\/\/www.europesays.com\/no\/wp-json\/wp\/v2\/categories?post=125931"},{"taxonomy":"post_tag","embeddable":true,"href":"https:\/\/www.europesays.com\/no\/wp-json\/wp\/v2\/tags?post=125931"}],"curies":[{"name":"wp","href":"https:\/\/api.w.org\/{rel}","templated":true}]}}